{"id":15578,"date":"2018-08-09T14:04:33","date_gmt":"2018-08-09T14:04:33","guid":{"rendered":"https:\/\/moir.org.co\/web\/?p=15578"},"modified":"2018-08-09T14:04:33","modified_gmt":"2018-08-09T14:04:33","slug":"un-acertijo","status":"publish","type":"post","link":"https:\/\/moir.com.co\/web\/un-acertijo\/","title":{"rendered":"Un Acertijo"},"content":{"rendered":"<p><strong>Libardo G\u00f3mez S\u00e1nchez, Neiva, agosto 6 de 2018<\/strong><\/p>\n<p>A riesgo de continuar una controversia que ya es tiempo de mesurar, no podemos sustraernos al antojo de proponerle a los lectores resolver un acertijo, que se nos ocurre necesario para precisar algunos conceptos equivocados de una franja importante de Colombianos inconformes.<\/p>\n<p>En Wikipedia se define acertijo como un enigma cuyo enunciado es una situaci\u00f3n parad\u00f3jica o de igual forma lo asemejan a la adivinanza, aclarando que si se expresa en forma de rima est\u00e1 dirigida a los ni\u00f1os.<\/p>\n<p>Aqu\u00ed va el nuestro: prominente pol\u00edtico que se retir\u00f3 de un partido para apoyar a un contradictor y hacerse elegir como Alcalde de una gran ciudad; pese a ser un campe\u00f3n en el uso de las redes sociales, por ocho a\u00f1os se silenci\u00f3 y no tuvo tiempo para referirse a la suscripci\u00f3n, por parte del gobierno, de varios acuerdos comerciales que afectan a la naci\u00f3n, conocidos como TLC; tampoco encontr\u00f3 un momento para opinar sobre la reforma tributaria que clav\u00f3 a los colombianos un alza en el IVA; as\u00ed mismo no se le conoci\u00f3 alguna recriminaci\u00f3n a quien desconoci\u00f3 acuerdos firmados por sectores sociales que se movilizaron por sus derechos como agricultores, maestros, comunidades afectadas por la pol\u00edtica minero energ\u00e9tica, tampoco se moviliz\u00f3 con ellos aunque si convoc\u00f3 una gran audiencia para que defendieran el puesto que estuvo a punto de perder por maniobra de un funcionario al que ayud\u00f3 con su voto a elegir; al final poca importancia le mereci\u00f3 la inclusi\u00f3n de nuestro pa\u00eds en la OCDE y la OTAN aunque si termin\u00f3 precisando sus coincidencias con algunos elementos de los compromisos adquiridos; en lenguaje coloquial se niega a ser negativo y anda en la onda de ser propositivo; qui\u00e9n es?. Adiv\u00ednelo Vargas y calmara la tusa.<\/p>\n<p>En el mundo de la ficci\u00f3n se conoce un enemigo declarado de Batman, Riddler o acertijo; en el mundo real las paradojas suelen presentarse con frecuencia; ma\u00f1ana se posesiona como primer mandatario un personaje que se muestra como la oportunidad de cambiar nuestra situaci\u00f3n, conociendo sus or\u00edgenes y la propuesta que present\u00f3, que no difiere en lo fundamental de las que gobernaron, al menos, desde hace treinta a\u00f1os, resulta improbable, por decir poco, que algo cambie para mejorar; el acertijo en este caso radica, en adivinar lo que haremos los colombianos en los pr\u00f3ximos cuatro a\u00f1os para que definitivamente nos apropiemos del pa\u00eds que queremos, so pena de continuar siendo v\u00edctimas de los villanos que manipulan nuestro destino.<\/p>\n","protected":false},"excerpt":{"rendered":"<p>Libardo G\u00f3mez S\u00e1nchez, Neiva, agosto 6 de 2018 A riesgo de continuar una controversia que ya es tiempo de mesurar, no podemos sustraernos al antojo de proponerle a los lectores resolver un acertijo, que se nos ocurre necesario para precisar algunos conceptos equivocados de una franja importante de Colombianos inconformes. En Wikipedia se define acertijo [&hellip;]<\/p>\n","protected":false},"author":1,"featured_media":15579,"comment_status":"open","ping_status":"open","sticky":false,"template":"","format":"standard","meta":{"advanced_seo_description":"","jetpack_seo_html_title":"","jetpack_seo_noindex":false,"_jetpack_memberships_contains_paid_content":false,"footnotes":""},"categories":[102,97,98],"tags":[],"class_list":["post-15578","post","type-post","status-publish","format-standard","has-post-thumbnail","hentry","category-economia","category-imperialismo-y-neoliberalismo","category-politica"],"jetpack_featured_media_url":"https:\/\/i0.wp.com\/moir.com.co\/web\/wp-content\/uploads\/2018\/08\/enigma.jpeg?fit=259%2C194&ssl=1","jetpack-related-posts":[{"id":10049,"url":"https:\/\/moir.com.co\/web\/600-000-euros-por-resolver-un-acertijo-garabateado-en-un-libro-en-1637\/","url_meta":{"origin":15578,"position":0},"title":"600.000 euros por resolver un acertijo garabateado en un libro en 1637","author":"admin","date":"marzo 28, 2016","format":false,"excerpt":"El matem\u00e1tico Andrew Wiles gana el 'nobel' por demostrar el \u00faltimo desaf\u00edo de Fermat El matem\u00e1tico brit\u00e1nico Andrew J. Wiles ha sido recompensado hoy con 600.000 euros por solucionar un acertijo garabateado en el margen de un libro hace casi cuatro siglos. El enigma se remontaba al a\u00f1o 1637. Entonces,\u2026","rel":"","context":"En \u00abCiencia\u00bb","block_context":{"text":"Ciencia","link":"https:\/\/moir.com.co\/web\/category\/temas\/ciencia\/"},"img":{"alt_text":"","src":"","width":0,"height":0},"classes":[]},{"id":19388,"url":"https:\/\/moir.com.co\/web\/los-cientificos-que-creen-que-el-universo-no-tiene-un-principio-y-desafian-la-nocion-del-espacio-tiempo\/","url_meta":{"origin":15578,"position":1},"title":"Los cient\u00edficos que creen que el universo no tiene un principio (y desaf\u00edan la noci\u00f3n del espacio-tiempo)","author":"admin","date":"diciembre 11, 2021","format":false,"excerpt":"Carlos Serrano, BBC News Mundo, 1 de diciembre de 2021 Si te preguntan cu\u00e1l fue el principio del universo, el Big Bang es la primera respuesta que seguro te viene a la mente. Hay cient\u00edficos, sin embargo, que\u00a0cuestionan\u00a0que ese haya sido el comienzo. Ahora un joven investigador va m\u00e1s all\u00e1\u2026","rel":"","context":"En \u00abCiencia\u00bb","block_context":{"text":"Ciencia","link":"https:\/\/moir.com.co\/web\/category\/temas\/ciencia\/"},"img":{"alt_text":"","src":"https:\/\/i0.wp.com\/moir.com.co\/web\/wp-content\/uploads\/2021\/12\/universoPrinncipio.png?fit=433%2C227&ssl=1&resize=350%2C200","width":350,"height":200},"classes":[]},{"id":1209,"url":"https:\/\/moir.com.co\/web\/la-ronda-de-texas-la-definitiva-del-tlc\/","url_meta":{"origin":15578,"position":2},"title":"LA RONDA DE TEXAS: LA DEFINITIVA DEL TLC","author":"admin","date":"julio 25, 2005","format":false,"excerpt":"Desde cuando se anunci\u00f3 la invitaci\u00f3n de George W. Bush a \u00c1lvaro Uribe a su rancho Crawford en Texas se anticip\u00f3 la agenda a tratar en esa ocasi\u00f3n; con ella se desdice que se trata de un acto informal de \"amistad con mi amigo2 y se evidencia que son varios\u2026","rel":"","context":"En \u00abTemas\u00bb","block_context":{"text":"Temas","link":"https:\/\/moir.com.co\/web\/category\/temas\/"},"img":{"alt_text":"","src":"","width":0,"height":0},"classes":[]},{"id":8396,"url":"https:\/\/moir.com.co\/web\/pot-de-barranquilla-no-hay-crimen-perfecto\/","url_meta":{"origin":15578,"position":3},"title":"POT de Barranquilla: no hay crimen perfecto","author":"admin","date":"abril 27, 2014","format":false,"excerpt":"La aguda controversia que ha suscitado el Plan de Ordenamiento Territorial de la capital del Atl\u00e1ntico adoptado por decreto tiene completa justificaci\u00f3n si nos atenemos a la forma como fue elaborado, sin la debida concertaci\u00f3n social exigida por la normatividad vigente, por los profundos cambios en los usos del suelo\u2026","rel":"","context":"En \u00abTemas\u00bb","block_context":{"text":"Temas","link":"https:\/\/moir.com.co\/web\/category\/temas\/"},"img":{"alt_text":"","src":"","width":0,"height":0},"classes":[]},{"id":18213,"url":"https:\/\/moir.com.co\/web\/los-fractales-entre-las-matematicas-y-el-arte\/","url_meta":{"origin":15578,"position":4},"title":"Los fractales, entre las matem\u00e1ticas y el arte","author":"admin","date":"octubre 31, 2019","format":false,"excerpt":"Pedro Gargantilla*, ABC (Espa\u00f1a), 20 de octubre de 2019 Este tipo de patrones ha sido utilizado por artistas de todas las \u00e9pocas para enriquecer sus creaciones art\u00edsticas. La naturaleza no deja de seducirnos, \u00bfqu\u00e9 tienen en com\u00fan el romananescu, las plumas de un pavo real, los helechos y un copo\u2026","rel":"","context":"En \u00abCiencia\u00bb","block_context":{"text":"Ciencia","link":"https:\/\/moir.com.co\/web\/category\/temas\/ciencia\/"},"img":{"alt_text":"","src":"https:\/\/i0.wp.com\/moir.com.co\/web\/wp-content\/uploads\/2019\/10\/fractales.png?fit=921%2C527&ssl=1&resize=350%2C200","width":350,"height":200,"srcset":"https:\/\/i0.wp.com\/moir.com.co\/web\/wp-content\/uploads\/2019\/10\/fractales.png?fit=921%2C527&ssl=1&resize=350%2C200 1x, https:\/\/i0.wp.com\/moir.com.co\/web\/wp-content\/uploads\/2019\/10\/fractales.png?fit=921%2C527&ssl=1&resize=525%2C300 1.5x, https:\/\/i0.wp.com\/moir.com.co\/web\/wp-content\/uploads\/2019\/10\/fractales.png?fit=921%2C527&ssl=1&resize=700%2C400 2x"},"classes":[]},{"id":12973,"url":"https:\/\/moir.com.co\/web\/cuando-la-moral-desaparece\/","url_meta":{"origin":15578,"position":5},"title":"Cuando la moral desaparece\u2026","author":"admin","date":"julio 25, 2017","format":false,"excerpt":"Alvaro Francisco Morales, Santa Marta, julio 24 de 2017 \u201cEl sentido moral es de gran importancia. Cuando desaparece de una naci\u00f3n, toda la estructura social va hacia el derrumbe\u201d \u2014Alexis Carrel En el m\u00e1s reciente episodio del pleito que el senador Jorge Enrique Robledo sostiene con el Fiscal General de\u2026","rel":"","context":"En \u00abImperialismo y Neoliberalismo\u00bb","block_context":{"text":"Imperialismo y Neoliberalismo","link":"https:\/\/moir.com.co\/web\/category\/temas\/imperialismo-y-neoliberalismo\/"},"img":{"alt_text":"","src":"https:\/\/i0.wp.com\/moir.com.co\/web\/wp-content\/uploads\/2017\/07\/robledomartinez.jpg?fit=700%2C500&ssl=1&resize=350%2C200","width":350,"height":200,"srcset":"https:\/\/i0.wp.com\/moir.com.co\/web\/wp-content\/uploads\/2017\/07\/robledomartinez.jpg?fit=700%2C500&ssl=1&resize=350%2C200 1x, https:\/\/i0.wp.com\/moir.com.co\/web\/wp-content\/uploads\/2017\/07\/robledomartinez.jpg?fit=700%2C500&ssl=1&resize=525%2C300 1.5x, https:\/\/i0.wp.com\/moir.com.co\/web\/wp-content\/uploads\/2017\/07\/robledomartinez.jpg?fit=700%2C500&ssl=1&resize=700%2C400 2x"},"classes":[]}],"jetpack_sharing_enabled":true,"_links":{"self":[{"href":"https:\/\/moir.com.co\/web\/wp-json\/wp\/v2\/posts\/15578","targetHints":{"allow":["GET"]}}],"collection":[{"href":"https:\/\/moir.com.co\/web\/wp-json\/wp\/v2\/posts"}],"about":[{"href":"https:\/\/moir.com.co\/web\/wp-json\/wp\/v2\/types\/post"}],"author":[{"embeddable":true,"href":"https:\/\/moir.com.co\/web\/wp-json\/wp\/v2\/users\/1"}],"replies":[{"embeddable":true,"href":"https:\/\/moir.com.co\/web\/wp-json\/wp\/v2\/comments?post=15578"}],"version-history":[{"count":1,"href":"https:\/\/moir.com.co\/web\/wp-json\/wp\/v2\/posts\/15578\/revisions"}],"predecessor-version":[{"id":15580,"href":"https:\/\/moir.com.co\/web\/wp-json\/wp\/v2\/posts\/15578\/revisions\/15580"}],"wp:featuredmedia":[{"embeddable":true,"href":"https:\/\/moir.com.co\/web\/wp-json\/wp\/v2\/media\/15579"}],"wp:attachment":[{"href":"https:\/\/moir.com.co\/web\/wp-json\/wp\/v2\/media?parent=15578"}],"wp:term":[{"taxonomy":"category","embeddable":true,"href":"https:\/\/moir.com.co\/web\/wp-json\/wp\/v2\/categories?post=15578"},{"taxonomy":"post_tag","embeddable":true,"href":"https:\/\/moir.com.co\/web\/wp-json\/wp\/v2\/tags?post=15578"}],"curies":[{"name":"wp","href":"https:\/\/api.w.org\/{rel}","templated":true}]}}