{"id":15562,"date":"2018-08-08T16:39:03","date_gmt":"2018-08-08T16:39:03","guid":{"rendered":"https:\/\/moir.org.co\/web\/?p=15562"},"modified":"2018-08-08T16:39:03","modified_gmt":"2018-08-08T16:39:03","slug":"duque-resucito-el-frente-nacional-dice-jorge-enrique-robledo","status":"publish","type":"post","link":"https:\/\/moir.com.co\/web\/duque-resucito-el-frente-nacional-dice-jorge-enrique-robledo\/","title":{"rendered":"\u201cDuque resucit\u00f3 el Frente Nacional\u201d, dice Jorge Enrique Robledo"},"content":{"rendered":"<p><strong>Entrevista de\u00a0Cecilia Orozco Tasc\u00f3n a Jorge Enrique Robledo, El Espectador, Bogot\u00e1, agosto 5 de 2018<\/strong><\/p>\n<p><em>El senador, dirigente de izquierda, afirma que el unanimismo pol\u00edtico en torno al gobierno Duque se asimila al acuerdo liberal-conservador de los a\u00f1os 58 al 74, cuando los partidos se amalgamaron en el poder, en una democracia electoral aparente. Pero tambi\u00e9n reconoce que la nueva administraci\u00f3n enfrentar\u00e1 a fuertes contradictores en el Congreso y analiza el Estatuto de la Oposici\u00f3n, que se aplicar\u00e1 por primera vez.<\/em><\/p>\n<p><strong>El Estatuto de la Oposici\u00f3n, recientemente sancionado, se estrenar\u00e1 al tiempo con el gobierno Duque, uno de los que mayor apoyo o cuasi-unanimidad partidista ha logrado \u00bfC\u00f3mo se organizar\u00e1 la oposici\u00f3n para lograr incidencia pol\u00edtica real, teniendo en cuenta que, aun con figuras como usted, Petro, Ang\u00e9lica Lozano y otros, su inferioridad num\u00e9rica en el Congreso es clara?<\/strong><\/p>\n<p>Los hechos dicen que Duque resucit\u00f3 el Frente Nacional con Uribe, Pastrana, Gaviria, Vargas Lleras y los partidos Centro Democr\u00e1tico, Liberal, Conservador, la U y Cambio Radical, lo que concentra unos 80 senadores, de 107. Los declarados en oposici\u00f3n que asistimos el 20 de julio fuimos 22 de seis sectores diferentes; el mayor n\u00famero de opositores al r\u00e9gimen que yo recuerde. Colombia puede estar segura de que vamos a jugar un gran papel; no obstante las diferencias entre nosotros, que son naturales y a las que no hay que ponerles misterio, porque no nos van a impedir lograr coincidencias.<\/p>\n<p><strong>\u00bfPor qu\u00e9 dice \u201cel mayor n\u00famero de opositores que yo recuerde\u201d? A Santos le toc\u00f3 lidiar con la numerosa bancada de la derecha uribista y con la tradicional oposici\u00f3n de izquierda: nada f\u00e1cil\u2026<\/strong><\/p>\n<p>Me refiero a opositores al r\u00e9gimen. No solo al Gobierno. La oposici\u00f3n de Uribe a Santos ocurri\u00f3 entre fuerzas pol\u00edticas que han manejado a Colombia, tradicionalmente. En tanto, la nuestra ser\u00e1 diferente y sobre un n\u00famero mayor de temas.<\/p>\n<p><strong>El \u201cFrente Nacional\u201d que, seg\u00fan usted revivir\u00eda, ser\u00eda \u2014a mi juicio\u2014 sin alternancia en la Presidencia si se tienen en cuenta los intentos del uribismo de perpetuarse en el Gobierno, pero, \u00bftambi\u00e9n sin \u201cmermelada\u201d, como afirman el presidente electo y su bancada?<\/strong><\/p>\n<p>Es dif\u00edcil \u2018leer\u2019 a cuatro a\u00f1os, que en pol\u00edtica constituyen una eternidad. Pero podr\u00edan hacer lo de estas elecciones: competir entre ellos en primera vuelta y unirse en la segunda, para gobernar juntos. Y, seguro, el \u201cFrente Nacional\u201d duquista ser\u00e1 con \u201cmermelada\u201d como pegamento de sus coincidencias program\u00e1ticas: es obvio que oper\u00f3, hace poco, para repartirse las posiciones directivas del Congreso. Si se demoraron en el pacto fue porque solo hab\u00eda cuatro presidencias para distribuir y eran cinco los comensales. Tambi\u00e9n tendr\u00e1n que acordarla en el resto del poder. Los exsantistas deber\u00e1n darles a los duquistas-uribistas una parte de la burocracia que hoy poseen y, con ella, la porci\u00f3n correspondiente de los contratos.<\/p>\n<p><strong>A prop\u00f3sito y salvo el fundamental Acuerdo de Paz, las diferencias entre el uribismo y el antiguo santismo parecen diluirse, a juzgar por la coalici\u00f3n de Duque conformada por su partido, desde luego, pero tambi\u00e9n por las bancadas que sustentaron las administraciones Santos. \u00bfSe fusionaron las dos corrientes o insiste, como lo ha dicho, en que siempre fueron iguales?<\/strong><\/p>\n<p>No es que las diferencias entre santistas y uribistas se hayan diluido. Es que, exceptuando el proceso de paz y poco m\u00e1s, siempre han estado de acuerdo en todo lo principal. Incluso, tiene raz\u00f3n Santos cuando dice que le cuid\u00f3 muy bien los \u201ctres huevitos\u201d a Uribe. Y sobre ese desacuerdo, Uribe se invent\u00f3 la falacia hasta c\u00f3mica del Santos castrochavista como una viveza para derrotarlo, cosa que ya logr\u00f3. Si se mira c\u00f3mo actuaron en el Congreso los santistas y los uribistas frente a las leyes principales, salta a la vista que, otra vez sin contar las del Acuerdo de Paz, votaron unidos. Y est\u00e1 el caso de la reforma tributaria que los uribistas votaron no, pero se quedaron para hacerle el qu\u00f3rum a Santos. Si hubieran querido, la habr\u00edan hundido.<\/p>\n<p><strong>\u00bfCree que la reciente situaci\u00f3n judicial del expresidente Uribe endurecer\u00e1 la agenda del Congreso y las relaciones entre la oposici\u00f3n y la coalici\u00f3n gubernamental? En otras palabras, \u00bfcu\u00e1nto incidir\u00e1 el llamado a indagatoria del senador Uribe por parte de la Corte Suprema, en las relaciones gobierno-oposici\u00f3n?<\/strong><\/p>\n<p>En este tema tenemos un profundo desacuerdo entre la oposici\u00f3n y el duquismo-uribismo \u2014y falta ver con cu\u00e1nto del exsantismo\u2014, entre otras razones, porque la Corte Suprema llam\u00f3 a \u00c1lvaro Uribe a indagatoria por haber intentado meter a la c\u00e1rcel, con testigos falsos, a Iv\u00e1n Cepeda, senador de la oposici\u00f3n. Adem\u00e1s, constituye un error grav\u00edsimo que desquicia el pa\u00eds, que un expresidente de la Rep\u00fablica \u2014como nunca se hab\u00eda visto\u2014 le haya hecho un ataque tan brutal a la justicia colombiana al agredir a la Corte, apenas comparable con el tratamiento que le dio a esa corporaci\u00f3n cuando era jefe de Estado. Espero que en el Congreso podamos debatir a fondo estos sucesos.<\/p>\n<p><strong>Con el terremoto pol\u00edtico armado por los subalternos del senador Uribe a ra\u00edz de la apertura de investigaci\u00f3n en su contra y sus reacciones en contra de todo el que no est\u00e9 con \u00e9l, en las redes sociales y en las declaraciones a los medios tradicionales, \u00bfteme que la institucionalidad del pa\u00eds corra peligro?<\/strong><\/p>\n<p>Esperemos que no. Ojal\u00e1 que lo que haya de sensato all\u00e1 no se deje arrear por sus barras bravas. Y lo mismo digo sobre quienes, tambi\u00e9n como barras bravas, son contradictores de Duque y, en especial, de Uribe. Reitero que sin el desarme de los esp\u00edritus, es decir, sin adecuar el lenguaje y los puntos en controversia a la nueva realidad del desarme de las Farc \u2014y ojal\u00e1 del Eln\u2014 siempre estar\u00e1 en riesgo lo conseguido, que no es todo pero s\u00ed es muy importante. Que nadie olvide que las armas no se disparan solas; que las accionan, las ideas y las palabras son exacerbadas hasta el punto de llevar a la violencia.<\/p>\n<p><strong>Mientras la agresividad de la bancada del Centro Democr\u00e1tico se ha exacerbado al l\u00edmite, el presidente entrante, Iv\u00e1n Duque, se ha mantenido pr\u00e1cticamente alejado de la discusi\u00f3n. Se podr\u00eda decir que \u00e9l muestra un car\u00e1cter m\u00e1s tranquilo que el de sus copartidarios. \u00bfHar\u00e1 esta circunstancia la diferencia entre los gobiernos Uribe y Duque, tanto en forma como en fondo?<\/strong><\/p>\n<p>La forma hace al hombre, se dice. Nadie es clon de nadie. Se equivoca quien piense que Duque es una v\u00edctima, un preso de Uribe. Ning\u00fan hecho permite concluirlo. Por el contrario. Todo indica que coinciden en su interpretaci\u00f3n de la historia nacional, sobre todo en la reciente; en sus or\u00edgenes pol\u00edticos y en sus concepciones econ\u00f3micas, sociales y pol\u00edticas. Son verdaderos compadres pol\u00edticos. Es m\u00e1s, he planteado la hip\u00f3tesis de que tambi\u00e9n coinciden en la t\u00e1ctica de \u201cdesuribizar\u201d o \u201csantificar\u201d a Duque, pero solo en las apariencias, para mejorar su capacidad de confundir a los colombianos. \u201cSi Santos fue capaz de embolatar y cooptar a tantos, por qu\u00e9 nosotros no\u201d, dir\u00e1n.<\/p>\n<p><strong>Volviendo al tema de la oposici\u00f3n, se ha especulado que habr\u00eda un solo jefe que la representar\u00eda. Pero, simult\u00e1neamente, no es f\u00e1cil que alguien de tan sobresaliente tarea en el Congreso como usted, se someta a otro personaje, por ejemplo, a Petro; o que este acepte que usted tenga el liderazgo. La anunciada reuni\u00f3n entre ustedes esta semana, \u00bftiene el prop\u00f3sito de definir este asunto?<\/strong><\/p>\n<p>Coincido con Gustavo Petro cuando le preguntan al respecto y responde que \u201cesa es una discusi\u00f3n inoficiosa porque no existe la figura de l\u00edder de la oposici\u00f3n\u201d: no existe ni en el Estatuto de la Oposici\u00f3n, ni en el reglamento del Congreso, ni en ninguna parte. Lo que se debe hacer es generar los consensos posibles y necesarios entre proyectos pol\u00edticos diferentes, pero a los que nos une la oposici\u00f3n a Duque, como los ya logrados en proyectos de ley o en las votaciones para las mesas directivas del Senado y la C\u00e1mara, al tiempo que tratamos con respeto y cordialidad las diferencias. Creo que en ese contexto ser\u00e1 la conversaci\u00f3n de los pr\u00f3ximos d\u00edas.<\/p>\n<p><strong>La siguiente pregunta se la hago por pura curiosidad personal: \u00bfcu\u00e1nto hace que usted y Petro no cruzan palabra?<\/strong><\/p>\n<p>La \u00faltima vez que estuve con Gustavo Petro fue el 2 de agosto de 2010, en la reuni\u00f3n del Comit\u00e9 Ejecutivo Nacional del Polo cuando \u00e9l decidi\u00f3, sin que nadie se lo hubiera planteado, separarse del partido. Estoy seguro de que cuando nos sentemos a charlar, ser\u00e1 una reuni\u00f3n cordial, un interesante intercambio de opiniones entre dos personas que tenemos, al igual que los dem\u00e1s dirigentes en oposici\u00f3n, la gran responsabilidad de impedir que Duque saque adelante todo su programa regresivo.<\/p>\n<p><strong>Me gustar\u00eda presenciar esa reuni\u00f3n, porque las relaciones entre ustedes dos han sido dif\u00edciles. \u00bfSus personalidades son muy fuertes, adem\u00e1s de las diferencias pol\u00edticas?<\/strong><\/p>\n<p>Puede ser. Pero tambi\u00e9n estoy convencido de que tenemos la madurez pol\u00edtica suficiente para entender que podemos y debemos llegar a acuerdos que les convengan a los colombianos.<\/p>\n<p><strong>Al Polo, que ha sido el partido opositor de izquierda casi solitario durante los 16 a\u00f1os de Uribe y Santos, le va a tocar compartir ese espacio con nuevos grupos y personajes. Por ejemplo, el movimiento del propio Petro, la Uni\u00f3n Patri\u00f3tica, la Fuerza Alternativa y otros. \u00bfSe estrech\u00f3 el margen de acci\u00f3n para ustedes? \u00bfEso es bueno o malo para el Polo?<\/strong><\/p>\n<p>Agreguemos al MAIS (Movimiento Alternativo Ind\u00edgena y Social) y a la Alianza Verde, incluida en ella la fuerza de Compromiso Ciudadano. Esa es la realidad y con ella tenemos que trabajar. Soy optimista sobre la continuaci\u00f3n de la consolidaci\u00f3n del Polo mientras se relaciona con las otras fuerzas en oposici\u00f3n al Gobierno. Por ejemplo, espero que la Coalici\u00f3n Colombia (Verdes, Polo y Compromiso) se consolide en las elecciones regionales de 2019 y, adem\u00e1s, llegue a acuerdos locales con los otros sectores que no respaldan a Duque.<\/p>\n<p><strong>En los debates m\u00e1s \u201ccalientes\u201d, \u00bfla oposici\u00f3n tendr\u00e1 una sola estrategia o cada partido de esa ala desarrollar\u00e1 una propia?<\/strong><\/p>\n<p>Creo que, por norma, actuaremos y votaremos unidos en contra de las principales propuestas del \u201cFrente Nacional\u201d duquista que, seguro, ser\u00e1n regresivas. Pero el reglamento del Congreso le da un vocero a cada fuerza con personer\u00eda jur\u00eddica, adem\u00e1s de las vocer\u00edas a Gustavo Petro, en el Senado, y de \u00c1ngela Robledo, en la C\u00e1mara, que tienen un origen especial. Ser\u00eda un error, salvo casos excepcionales, hacer una sola intervenci\u00f3n en los debates en vez de varias; diversidad que tambi\u00e9n da fuerza y expresa la realidad y los matices de la oposici\u00f3n a Duque.<\/p>\n<p><strong>Una de las normas contempladas en el nuevo Estatuto de la Oposici\u00f3n establece que los partidos que est\u00e9n por fuera de las coaliciones de Gobierno declaren p\u00fablicamente su condici\u00f3n de opositores ante la autoridad electoral, dentro del primer mes del Gobierno. \u00bfEs sana para usted esta obligaci\u00f3n o termina cercenando las posibilidades de quienes decidan retirarse de la coalici\u00f3n o de la oposici\u00f3n? \u00bfTodo el mundo queda amarrado?<\/strong><\/p>\n<p>En el Polo nos parece positivo que se formalice qui\u00e9nes est\u00e1n en oposici\u00f3n y qui\u00e9nes con el Gobierno, entre otras razones, para que enga\u00f1en menos a los colombianos. Tambi\u00e9n es acertado que se proh\u00edba el transfuguismo de los dirigentes de un partido en oposici\u00f3n. Y, de otra parte, la norma permite que si una organizaci\u00f3n opta por cambiar su posici\u00f3n frente al Gobierno, pueda hacerlo.<\/p>\n<p><strong>En el Estatuto hay otros puntos interesantes que le garantizar\u00e1n a la oposici\u00f3n sus derechos, incluso financiaci\u00f3n estatal, acceso a medios y a informaci\u00f3n y documentaci\u00f3n oficial; participaci\u00f3n en mesas directivas, derecho a utilizar los mecanismos de comunicaci\u00f3n de las corporaciones de elecci\u00f3n, etc. Pero una de las m\u00e1s importantes es la del derecho de r\u00e9plica frente a ataques que provengan del Gobierno. \u00bfSe han preparado para llevar a la pr\u00e1ctica estas herramientas?<\/strong><\/p>\n<p>Empiezo por aclarar que el Estatuto de la Oposici\u00f3n es bien cicatero con los contradictores del Gobierno: pocas r\u00e9plicas, poco tiempo en los medios, ninguna representaci\u00f3n en las mesas directivas de las comisiones del Congreso y pocos recursos econ\u00f3micos. No en vano lo definieron las fuerzas de la Unidad Nacional \u2014hoy con Duque\u2014, porque a los sectores pol\u00edticos tradicionales les ha gustado una democracia falsa; es decir, sin oposici\u00f3n, a la que siempre han maltratado de muchas maneras. La forma como actuaremos conjuntamente la iremos construyendo por el camino.<\/p>\n<p><strong>Reitero, tal como qued\u00f3 el Estatuto, destaco el derecho de r\u00e9plica que no exist\u00eda. Si se extreman las diferencias, como puede preverse por el estilo agresivo de la bancada de Gobierno, ser\u00e1 buena herramienta para verbos como el suyo, el de Petro y otros\u2026 Parece recomendable elevar el nivel de debate\u2026.<\/strong><\/p>\n<p>As\u00ed es. No hay duda de que aun cuando los instrumentos sean escasos, haremos uso de ellos, plenamente. Que el pa\u00eds cuente con que el Polo, y estoy seguro de que as\u00ed ser\u00e1 con los otros sectores en oposici\u00f3n, plantear\u00e1 con consistentes argumentos, convicci\u00f3n y valor civil nuestros puntos de vista contrarios a los de Duque, al igual que lo hicimos con Uribe y Santos. Y eso se har\u00e1 con el estilo democr\u00e1tico que el pa\u00eds ya nos conoce. Ojal\u00e1 el duquismo-uribismo y sus aliados del \u201cFrente Nacional\u201d redivivo entiendan y acepten sus deberes con los derechos de la oposici\u00f3n, aunque empezaron mal con lo que dijo el ministro de Defensa entrante en contra del derecho a la movilizaci\u00f3n.<\/p>\n<p><strong>\u201cEl car\u00e1cter plutocr\u00e1tico del nuevo Gobierno\u201d<\/strong><\/p>\n<p><strong>Duque nombr\u00f3 un gabinete que corresponde, en general, a lo que hab\u00eda dicho: menores de 50 a\u00f1os, mitad de mujeres y t\u00e9cnicos en lugar de pol\u00edticos \u00bfQu\u00e9 opina de los ministros y qu\u00e9 le indica su composici\u00f3n?<\/strong><\/p>\n<p>Lo principal del gabinete de Duque es su car\u00e1cter plutocr\u00e1tico, que es lo contrario de lo democr\u00e1tico. Casi que cada ministro representa a alg\u00fan gran negocio, en especial de extranjeros. Y no digo esto porque no entienda que los gobiernos deben estimular el desarrollo econ\u00f3mico, incluida la econom\u00eda empresarial y el empleo. Pero esa concepci\u00f3n impide el aut\u00e9ntico progreso de la econom\u00eda nacional y del com\u00fan de la gente. El cuento de que son menores de 50 a\u00f1os, la mitad mujeres y falsamente apol\u00edticos &#8211; no existen los ministros apol\u00edticos-,\u00a0 lo veo, como he dicho, calculado por el duquismo-uribismo para mejorarle al gobierno su capacidad de enga\u00f1o.<\/p>\n<p><strong>\u00bfConsidera posible que Duque\u00a0 recomponga las relaciones Gobierno- Congreso de tal manera que se basen en discusi\u00f3n de ideas y no en puestos o contratos?<\/strong><\/p>\n<p>En general, no hay acuerdos burocr\u00e1ticos que no se fundamenten en respaldos al programa del Gobierno. \u00a0Los potes de \u2018mermelada\u2019 de Santos correspond\u00edan al apoyo, en el Congreso, a los proyectos, leyes y obra de su administraci\u00f3n. Eso no cambiar\u00e1.<\/p>\n<p><strong>\u201cEl problema del \u2018qu\u00e9 dir\u00e1n\u2019 sus electores\u201d<\/strong><\/p>\n<p><strong>Es obvio que el Acuerdo de Paz ser\u00e1 el primer blanco de la bancada de gobierno \u00bfPodemos esperar que, finalmente, lo hagan trizas con los cambios que pretende introducir y que terminar\u00edan por acabar, del todo, con la JEP y sacar a los exguerrilleros de las Farc del Congreso, o todo esto es m\u00e1s anuncio que realidad?<\/strong><\/p>\n<p>Habr\u00e1 que ver si Duque va a cometer el error garrafal de intentar destruir el Acuerdo, incluso contra todos los poderes econ\u00f3micos globales, empezando por la directora del FMI. Adem\u00e1s, el proceso est\u00e1 tan blindado constitucionalmente, que podr\u00eda romperse los dientes en el intento. Que no termine haciendo el rid\u00edculo. El problema que tienen, en su bancada, es lo que dijeron como oposici\u00f3n y \u201cel qu\u00e9 dir\u00e1n\u201d sus electores. Vale resaltar que al introducirle dos art\u00edculos a la ley reglamentaria de la JEP contra la opini\u00f3n del Gobierno Santos y por lo dem\u00e1s est\u00e9riles, tambi\u00e9n, por primera vez, votaron una ley del Acuerdo de paz, norma que se habr\u00eda hundido sin sus votos. Aqu\u00ed tambi\u00e9n puede suceder que Duque, en acuerdo con Uribe, termine movi\u00e9ndose con el c\u00e1lculo de ganar respaldo entre quienes no votaron por \u00e9l.<\/p>\n","protected":false},"excerpt":{"rendered":"<p>Entrevista de\u00a0Cecilia Orozco Tasc\u00f3n a Jorge Enrique Robledo, El Espectador, Bogot\u00e1, agosto 5 de 2018 El senador, dirigente de izquierda, afirma que el unanimismo pol\u00edtico en torno al gobierno Duque se asimila al acuerdo liberal-conservador de los a\u00f1os 58 al 74, cuando los partidos se amalgamaron en el poder, en una democracia electoral aparente. Pero [&hellip;]<\/p>\n","protected":false},"author":1,"featured_media":15563,"comment_status":"open","ping_status":"open","sticky":false,"template":"","format":"standard","meta":{"advanced_seo_description":"","jetpack_seo_html_title":"","jetpack_seo_noindex":false,"_jetpack_memberships_contains_paid_content":false,"footnotes":""},"categories":[102,97,4,98],"tags":[],"class_list":["post-15562","post","type-post","status-publish","format-standard","has-post-thumbnail","hentry","category-economia","category-imperialismo-y-neoliberalismo","category-jorge-enrique-robledo","category-politica"],"jetpack_featured_media_url":"https:\/\/i0.wp.com\/moir.com.co\/web\/wp-content\/uploads\/2018\/08\/robledoEE050818.jpg?fit=984%2C655&ssl=1","jetpack-related-posts":[{"id":17794,"url":"https:\/\/moir.com.co\/web\/video-replica-de-la-oposicion-a-cargo-del-senador-jorge-enrique-robledo-al-presidente-ivan-duque-en-su-primer-ano-de-gobierno\/","url_meta":{"origin":15562,"position":0},"title":"Video: R\u00e9plica de la oposici\u00f3n a cargo del senador Jorge Enrique Robledo al presidente Ivan Duque en su primer a\u00f1o de gobierno","author":"admin","date":"julio 22, 2019","format":"video","excerpt":"Bogot\u00e1, julio 20 de 2019","rel":"","context":"En \u00abAgro\u00bb","block_context":{"text":"Agro","link":"https:\/\/moir.com.co\/web\/category\/temas\/agro\/"},"img":{"alt_text":"","src":"","width":0,"height":0},"classes":[]},{"id":15479,"url":"https:\/\/moir.com.co\/web\/video-en-11-minutos-robledo-explica-por-que-el-polo-es-oposicion-al-gobierno-de-duque\/","url_meta":{"origin":15562,"position":1},"title":"Video: En 11 minutos Robledo explica por qu\u00e9 el Polo es oposici\u00f3n al gobierno de Duque","author":"admin","date":"julio 21, 2018","format":"video","excerpt":"Intervenci\u00f3n del senador Jorge Enrique Robledo en la instalaci\u00f3n del Congreso de la Rep\u00fablica el 20 de julio de 2018. Bogot\u00e1, julio 20 de 2018","rel":"","context":"En \u00abEconom\u00eda\u00bb","block_context":{"text":"Econom\u00eda","link":"https:\/\/moir.com.co\/web\/category\/temas\/economia\/"},"img":{"alt_text":"","src":"","width":0,"height":0},"classes":[]},{"id":15557,"url":"https:\/\/moir.com.co\/web\/ivan-duque-revivio-al-frente-nacional-jorge-enrique-robledo\/","url_meta":{"origin":15562,"position":2},"title":"&#8220;Iv\u00e1n Duque revivi\u00f3 al Frente Nacional&#8221;: Jorge Enrique Robledo","author":"admin","date":"agosto 1, 2018","format":false,"excerpt":"Entrevista de\u00a0Natalia Martinez al senador Jorge Enrique Robledo, Publimetro, agosto 1 de 2018 El senador m\u00e1s votado del Polo Democr\u00e1tico habl\u00f3 sobre c\u00f3mo va a ser su oposici\u00f3n al nuevo gobierno. Habl\u00f3 sobre la supuesta rivalidad con Petro y asegur\u00f3 que s\u00ed habr\u00e1 alianza con el excandidato. Afirm\u00f3 que sigue\u2026","rel":"","context":"En \u00abEconom\u00eda\u00bb","block_context":{"text":"Econom\u00eda","link":"https:\/\/moir.com.co\/web\/category\/temas\/economia\/"},"img":{"alt_text":"","src":"https:\/\/i0.wp.com\/moir.com.co\/web\/wp-content\/uploads\/2018\/08\/robledopublimetro2018.jpg?fit=1200%2C600&ssl=1&resize=350%2C200","width":350,"height":200,"srcset":"https:\/\/i0.wp.com\/moir.com.co\/web\/wp-content\/uploads\/2018\/08\/robledopublimetro2018.jpg?fit=1200%2C600&ssl=1&resize=350%2C200 1x, https:\/\/i0.wp.com\/moir.com.co\/web\/wp-content\/uploads\/2018\/08\/robledopublimetro2018.jpg?fit=1200%2C600&ssl=1&resize=525%2C300 1.5x, https:\/\/i0.wp.com\/moir.com.co\/web\/wp-content\/uploads\/2018\/08\/robledopublimetro2018.jpg?fit=1200%2C600&ssl=1&resize=700%2C400 2x, https:\/\/i0.wp.com\/moir.com.co\/web\/wp-content\/uploads\/2018\/08\/robledopublimetro2018.jpg?fit=1200%2C600&ssl=1&resize=1050%2C600 3x"},"classes":[]},{"id":16542,"url":"https:\/\/moir.com.co\/web\/video-en-el-gobierno-de-duque-no-hay-garantias-para-la-oposicion-senador-robledo\/","url_meta":{"origin":15562,"position":3},"title":"Video: En el gobierno de Duque no hay garant\u00edas para la oposici\u00f3n, senador Robledo","author":"admin","date":"diciembre 5, 2018","format":"video","excerpt":"Intervenci\u00f3n en la plenaria del senado. Diciembre 4 de 2018","rel":"","context":"En \u00abJorge Enrique Robledo\u00bb","block_context":{"text":"Jorge Enrique Robledo","link":"https:\/\/moir.com.co\/web\/category\/jorge-enrique-robledo\/"},"img":{"alt_text":"","src":"","width":0,"height":0},"classes":[]},{"id":16544,"url":"https:\/\/moir.com.co\/web\/mayorias-gobiernistas-en-el-senado-le-niegan-sus-derechos-a-la-oposicion-robledo\/","url_meta":{"origin":15562,"position":4},"title":"Mayor\u00edas gobiernistas en el Senado le niegan sus derechos a la oposici\u00f3n: Robledo","author":"admin","date":"diciembre 5, 2018","format":false,"excerpt":"Oficina de prensa del senador Jorge Enrique Robledo, Bogot\u00e1, diciembre 4 de 2018 \u201cEs un hecho muy grave que las mayor\u00edas afectas al presidente Duque en el Senado le arrebaten sus derechos a la oposici\u00f3n\u201d, expres\u00f3 el senador Robledo ante la negativa de la proposici\u00f3n donde se solicitaba permitir a\u2026","rel":"","context":"En \u00abJorge Enrique Robledo\u00bb","block_context":{"text":"Jorge Enrique Robledo","link":"https:\/\/moir.com.co\/web\/category\/jorge-enrique-robledo\/"},"img":{"alt_text":"","src":"https:\/\/i0.wp.com\/moir.com.co\/web\/wp-content\/uploads\/2018\/12\/oposicionserespeta.jpg?fit=768%2C348&ssl=1&resize=350%2C200","width":350,"height":200,"srcset":"https:\/\/i0.wp.com\/moir.com.co\/web\/wp-content\/uploads\/2018\/12\/oposicionserespeta.jpg?fit=768%2C348&ssl=1&resize=350%2C200 1x, https:\/\/i0.wp.com\/moir.com.co\/web\/wp-content\/uploads\/2018\/12\/oposicionserespeta.jpg?fit=768%2C348&ssl=1&resize=525%2C300 1.5x, https:\/\/i0.wp.com\/moir.com.co\/web\/wp-content\/uploads\/2018\/12\/oposicionserespeta.jpg?fit=768%2C348&ssl=1&resize=700%2C400 2x"},"classes":[]},{"id":15860,"url":"https:\/\/moir.com.co\/web\/robledo-dice-que-nadie-puede-declararse-jefe-de-la-oposicion\/","url_meta":{"origin":15562,"position":5},"title":"Robledo dice que nadie puede declararse jefe de la oposici\u00f3n","author":"admin","date":"septiembre 9, 2018","format":false,"excerpt":"Entrevista de la secci\u00f3n Pol\u00edtica de El Tiempo, Bogot\u00e1, septiembre 9 de 2018 Jorge Enrique Robledo, el veterano l\u00edder de izquierda y jefe del Polo Democr\u00e1tico, cree que la figura de \u201cjefe de la oposici\u00f3n\u201d es \u201cinnecesaria\u201d y que en nada ayudar\u00eda para el entendimiento entre los sectores. Seg\u00fan el\u2026","rel":"","context":"En \u00abImperialismo y Neoliberalismo\u00bb","block_context":{"text":"Imperialismo y Neoliberalismo","link":"https:\/\/moir.com.co\/web\/category\/temas\/imperialismo-y-neoliberalismo\/"},"img":{"alt_text":"","src":"https:\/\/i0.wp.com\/moir.com.co\/web\/wp-content\/uploads\/2018\/01\/robledoeltiempo030118.jpeg?fit=640%2C428&ssl=1&resize=350%2C200","width":350,"height":200,"srcset":"https:\/\/i0.wp.com\/moir.com.co\/web\/wp-content\/uploads\/2018\/01\/robledoeltiempo030118.jpeg?fit=640%2C428&ssl=1&resize=350%2C200 1x, https:\/\/i0.wp.com\/moir.com.co\/web\/wp-content\/uploads\/2018\/01\/robledoeltiempo030118.jpeg?fit=640%2C428&ssl=1&resize=525%2C300 1.5x"},"classes":[]}],"jetpack_sharing_enabled":true,"_links":{"self":[{"href":"https:\/\/moir.com.co\/web\/wp-json\/wp\/v2\/posts\/15562","targetHints":{"allow":["GET"]}}],"collection":[{"href":"https:\/\/moir.com.co\/web\/wp-json\/wp\/v2\/posts"}],"about":[{"href":"https:\/\/moir.com.co\/web\/wp-json\/wp\/v2\/types\/post"}],"author":[{"embeddable":true,"href":"https:\/\/moir.com.co\/web\/wp-json\/wp\/v2\/users\/1"}],"replies":[{"embeddable":true,"href":"https:\/\/moir.com.co\/web\/wp-json\/wp\/v2\/comments?post=15562"}],"version-history":[{"count":1,"href":"https:\/\/moir.com.co\/web\/wp-json\/wp\/v2\/posts\/15562\/revisions"}],"predecessor-version":[{"id":15564,"href":"https:\/\/moir.com.co\/web\/wp-json\/wp\/v2\/posts\/15562\/revisions\/15564"}],"wp:featuredmedia":[{"embeddable":true,"href":"https:\/\/moir.com.co\/web\/wp-json\/wp\/v2\/media\/15563"}],"wp:attachment":[{"href":"https:\/\/moir.com.co\/web\/wp-json\/wp\/v2\/media?parent=15562"}],"wp:term":[{"taxonomy":"category","embeddable":true,"href":"https:\/\/moir.com.co\/web\/wp-json\/wp\/v2\/categories?post=15562"},{"taxonomy":"post_tag","embeddable":true,"href":"https:\/\/moir.com.co\/web\/wp-json\/wp\/v2\/tags?post=15562"}],"curies":[{"name":"wp","href":"https:\/\/api.w.org\/{rel}","templated":true}]}}