{"id":15560,"date":"2018-08-08T16:25:29","date_gmt":"2018-08-08T16:25:29","guid":{"rendered":"https:\/\/moir.org.co\/web\/?p=15560"},"modified":"2018-08-08T16:25:29","modified_gmt":"2018-08-08T16:25:29","slug":"video-el-colmo-del-descaro-ahora-les-salimos-a-deber-a-odebrecht-y-sus-socios-robledo","status":"publish","type":"post","link":"https:\/\/moir.com.co\/web\/video-el-colmo-del-descaro-ahora-les-salimos-a-deber-a-odebrecht-y-sus-socios-robledo\/","title":{"rendered":"Video: &#8220;\u00a1El colmo del descaro! ahora les salimos a deber a Odebrecht y sus socios&#8221;: Robledo"},"content":{"rendered":"<div id=\"meta\" class=\"style-scope ytd-watch-flexy\">\n<div id=\"meta-contents\" class=\"style-scope ytd-watch-flexy\">\n<div id=\"container\" class=\"style-scope ytd-video-secondary-info-renderer\">\n<div id=\"content\" class=\"style-scope ytd-expander\">Opini\u00f3n del senador Jorge Enrique Robledo sobre la nueva demanda que pretende instaurar la corrupta multinacional Odebrecht en contra del Estado colombiano. Bogot\u00e1, agosto 2 de 2018<\/div>\n<\/div>\n<\/div>\n<div id=\"offer-module\" class=\"style-scope ytd-watch-flexy\"><\/div>\n<\/div>\n<div id=\"ticket-shelf\" class=\"style-scope ytd-watch-flexy\"><\/div>\n<div id=\"merch-shelf\" class=\"style-scope ytd-watch-flexy\"><\/div>\n<div id=\"donation-shelf\" class=\"style-scope ytd-watch-flexy\"><\/div>\n<div id=\"header\" class=\"style-scope ytd-item-section-renderer\"><\/div>\n","protected":false},"excerpt":{"rendered":"<p>Opini\u00f3n del senador Jorge Enrique Robledo sobre la nueva demanda que pretende instaurar la corrupta multinacional Odebrecht en contra del Estado colombiano. Bogot\u00e1, agosto 2 de 2018<\/p>\n","protected":false},"author":1,"featured_media":0,"comment_status":"open","ping_status":"open","sticky":false,"template":"","format":"video","meta":{"advanced_seo_description":"","jetpack_seo_html_title":"","jetpack_seo_noindex":false,"_jetpack_memberships_contains_paid_content":false,"footnotes":""},"categories":[102,97,4,98],"tags":[],"class_list":["post-15560","post","type-post","status-publish","format-video","hentry","category-economia","category-imperialismo-y-neoliberalismo","category-jorge-enrique-robledo","category-politica","post_format-post-format-video"],"jetpack_featured_media_url":"","jetpack-related-posts":[{"id":11779,"url":"https:\/\/moir.com.co\/web\/jorge-enrique-robledo-5-respuestas-sobre-el-caso-de-corrupcion-de-odebrecht\/","url_meta":{"origin":15560,"position":0},"title":"Jorge Enrique Robledo: 5 respuestas sobre el caso de corrupci\u00f3n de Odebrecht","author":"admin","date":"febrero 24, 2017","format":"video","excerpt":"","rel":"","context":"En \u00abEconom\u00eda\u00bb","block_context":{"text":"Econom\u00eda","link":"https:\/\/moir.com.co\/web\/category\/temas\/economia\/"},"img":{"alt_text":"","src":"","width":0,"height":0},"classes":[]},{"id":11527,"url":"https:\/\/moir.com.co\/web\/pregunta-yamid-jorge-enrique-robledo-bruce-mac-master-sobre-la-corrupcion-en-odebrecht\/","url_meta":{"origin":15560,"position":1},"title":"Pregunta Yamid: Jorge Enrique Robledo, Bruce Mac Master sobre la corrupci\u00f3n en Odebrecht","author":"admin","date":"enero 20, 2017","format":"video","excerpt":"","rel":"","context":"En \u00abEconom\u00eda\u00bb","block_context":{"text":"Econom\u00eda","link":"https:\/\/moir.com.co\/web\/category\/temas\/economia\/"},"img":{"alt_text":"","src":"","width":0,"height":0},"classes":[]},{"id":18013,"url":"https:\/\/moir.com.co\/web\/video-intervencion-central-de-jorge-enrique-robledo-en-el-debate-la-ruta-de-odebrecht-grupo-aval\/","url_meta":{"origin":15560,"position":2},"title":"Video: Intervenci\u00f3n central de Jorge Enrique Robledo en el Debate &#8220;La ruta de Odebrecht &#8211; Grupo Aval&#8221;","author":"admin","date":"septiembre 4, 2019","format":"video","excerpt":"Bogot\u00e1, septiembre 3 de 2019","rel":"","context":"En \u00abEconom\u00eda\u00bb","block_context":{"text":"Econom\u00eda","link":"https:\/\/moir.com.co\/web\/category\/temas\/economia\/"},"img":{"alt_text":"","src":"","width":0,"height":0},"classes":[]},{"id":11715,"url":"https:\/\/moir.com.co\/web\/robledo-denuncio-al-fiscal-martinez-en-la-procuraduria-por-sus-vinculos-y-negocios-con-odebrecht-y-el-grupo-aval\/","url_meta":{"origin":15560,"position":3},"title":"Robledo denunci\u00f3 al Fiscal Mart\u00ednez en la Procuradur\u00eda por sus v\u00ednculos y negocios con Odebrecht y el Grupo Aval","author":"admin","date":"febrero 16, 2017","format":"video","excerpt":"Oficina de prensa del senador Jorge Enrique Robledo, Bogot\u00e1, febrero 16 de 2017 El senador y precandidato presidencial Jorge Enrique Robledo radic\u00f3 hoy a las 9:00 am una queja disciplinaria ante la Procuradur\u00eda en contra del Fiscal N\u00e9stor Humberto Mart\u00ednez por sus actuaciones como Ministro de la Presidencia y sus\u2026","rel":"","context":"En \u00abEconom\u00eda\u00bb","block_context":{"text":"Econom\u00eda","link":"https:\/\/moir.com.co\/web\/category\/temas\/economia\/"},"img":{"alt_text":"","src":"https:\/\/i0.wp.com\/moir.com.co\/web\/wp-content\/uploads\/2017\/02\/robledoDenunciaProcur.jpg?fit=747%2C300&ssl=1&resize=350%2C200","width":350,"height":200,"srcset":"https:\/\/i0.wp.com\/moir.com.co\/web\/wp-content\/uploads\/2017\/02\/robledoDenunciaProcur.jpg?fit=747%2C300&ssl=1&resize=350%2C200 1x, https:\/\/i0.wp.com\/moir.com.co\/web\/wp-content\/uploads\/2017\/02\/robledoDenunciaProcur.jpg?fit=747%2C300&ssl=1&resize=525%2C300 1.5x, https:\/\/i0.wp.com\/moir.com.co\/web\/wp-content\/uploads\/2017\/02\/robledoDenunciaProcur.jpg?fit=747%2C300&ssl=1&resize=700%2C400 2x"},"classes":[]},{"id":17735,"url":"https:\/\/moir.com.co\/web\/video-jorge-enrique-robledo-lee-su-articulo-quincenal-la-plata-de-odebrecht-aval-a-la-campana-de-santos\/","url_meta":{"origin":15560,"position":4},"title":"Video: Jorge Enrique Robledo lee su art\u00edculo quincenal: &#8220;La plata de Odebrecht-Aval a la campa\u00f1a de Santos&#8221;","author":"admin","date":"julio 8, 2019","format":"video","excerpt":"Bogot\u00e1, julio 5\u00a0 de 2019","rel":"","context":"En \u00abEconom\u00eda\u00bb","block_context":{"text":"Econom\u00eda","link":"https:\/\/moir.com.co\/web\/category\/temas\/economia\/"},"img":{"alt_text":"","src":"","width":0,"height":0},"classes":[]},{"id":17284,"url":"https:\/\/moir.com.co\/web\/video-martorelli-odebrecht-en-el-carrusel-de-la-construccion-de-colegios-rueda-de-prensa-del-senador-jorge-enrique-robledo\/","url_meta":{"origin":15560,"position":5},"title":"Video: Martorelli (Odebrecht) en el carrusel de la construcci\u00f3n de colegios: Rueda de prensa del senador Jorge Enrique Robledo","author":"admin","date":"abril 11, 2019","format":"video","excerpt":"Fiscal\u00eda debe investigar a Martorelli (Odebrecht) por el Carrusel de la construcci\u00f3n de los colegios, negocio en el que est\u00e1n sus socios en la corrupci\u00f3n en Per\u00fa (Gra\u00f1a Montero y Mota Engil) En grave riesgo $1 bill\u00f3n. Bogot\u00e1, abril 10 de 2019","rel":"","context":"En \u00abEconom\u00eda\u00bb","block_context":{"text":"Econom\u00eda","link":"https:\/\/moir.com.co\/web\/category\/temas\/economia\/"},"img":{"alt_text":"","src":"","width":0,"height":0},"classes":[]}],"jetpack_sharing_enabled":true,"_links":{"self":[{"href":"https:\/\/moir.com.co\/web\/wp-json\/wp\/v2\/posts\/15560","targetHints":{"allow":["GET"]}}],"collection":[{"href":"https:\/\/moir.com.co\/web\/wp-json\/wp\/v2\/posts"}],"about":[{"href":"https:\/\/moir.com.co\/web\/wp-json\/wp\/v2\/types\/post"}],"author":[{"embeddable":true,"href":"https:\/\/moir.com.co\/web\/wp-json\/wp\/v2\/users\/1"}],"replies":[{"embeddable":true,"href":"https:\/\/moir.com.co\/web\/wp-json\/wp\/v2\/comments?post=15560"}],"version-history":[{"count":1,"href":"https:\/\/moir.com.co\/web\/wp-json\/wp\/v2\/posts\/15560\/revisions"}],"predecessor-version":[{"id":15561,"href":"https:\/\/moir.com.co\/web\/wp-json\/wp\/v2\/posts\/15560\/revisions\/15561"}],"wp:attachment":[{"href":"https:\/\/moir.com.co\/web\/wp-json\/wp\/v2\/media?parent=15560"}],"wp:term":[{"taxonomy":"category","embeddable":true,"href":"https:\/\/moir.com.co\/web\/wp-json\/wp\/v2\/categories?post=15560"},{"taxonomy":"post_tag","embeddable":true,"href":"https:\/\/moir.com.co\/web\/wp-json\/wp\/v2\/tags?post=15560"}],"curies":[{"name":"wp","href":"https:\/\/api.w.org\/{rel}","templated":true}]}}