{"id":1556,"date":"2006-11-08T21:36:39","date_gmt":"2006-11-08T21:36:39","guid":{"rendered":"https:\/\/moir.org.co\/web\/ecopetrol-es-de-los-colombianos-no-permitamos-su-privatizacion\/"},"modified":"2006-11-08T21:36:39","modified_gmt":"2006-11-08T21:36:39","slug":"ecopetrol-es-de-los-colombianos-no-permitamos-su-privatizacion","status":"publish","type":"post","link":"https:\/\/moir.com.co\/web\/ecopetrol-es-de-los-colombianos-no-permitamos-su-privatizacion\/","title":{"rendered":"ECOPETROL ES DE LOS COLOMBIANOS NO PERMITAMOS SU PRIVATIZACI\u00d3N"},"content":{"rendered":"<div align=\"left\"><strong>Bogot\u00e1, noviembre 8 de 2006<\/strong><\/div>\n<div align=\"left\"> <\/div>\n<p>               ECOPETROL, desde su fundaci\u00f3n hace 55 a\u00f1os, ha sido la empresa estatal que m\u00e1s le ha aportado al desarrollo del pa\u00eds. Anualmente le transfiere al presupuesto de la Naci\u00f3n 7.3 billones de pesos que contribuyen a los planes de salud, educaci\u00f3n y seguridad social evitando que las reformas tributarias sean m\u00e1s lesivas.<\/p>\n<p> El Gobierno Nacional decidi\u00f3 poner en venta las acciones de Ecopetrol como lo se\u00f1ala el proyecto de ley radicado en el Senado. Inicialmente anunci\u00f3 que ofrecer\u00eda el 20%. El proyecto de ley permite vender el 49.9%. Ya vendi\u00f3 el 51% de la refiner\u00eda de Cartagena a la multinacional Glencore profundizando el proceso privatizador contra la empresa que ning\u00fan otro gobierno materializ\u00f3. Con estos pasos viola la propia legislaci\u00f3n colombiana, desconoce compromisos adquiridos con los trabajadores e incumple con sus propias promesas de campa\u00f1a electoral. <\/p>\n<p> El petr\u00f3leo es fundamental para el desarrollo de los pueblos. Los precios del petr\u00f3leo han llegado a niveles impensables y seguir\u00e1n en alza sostenida en los a\u00f1os venideros. Esto conduce a que ECOPETROL sostenga la mejor situaci\u00f3n financiera de su historia, permiti\u00e9ndole el desarrollo de todo el proceso productivo de la industria de los hidrocarburos y as\u00ed mejorar su rentabilidad y competir en el mercado internacional. <\/p>\n<p> Para que pueda seguir cumpliendo con las transferencias al pa\u00eds es necesario dotarla de autonom\u00eda financiera, presupuestal y administrativa sin necesidad de enajenar un solo centavo de la propiedad estatal. Esto supone modificar el Estatuto Org\u00e1nico del Presupuesto, para sacar a Ecopetrol de las Cuentas Generales de la Naci\u00f3n. Tambi\u00e9n se requiere permitirle que utilice sus ahorros para reinversi\u00f3n, consolid\u00e1ndola as\u00ed como empresa petrolera.<\/p>\n<p> Como empresa estatal debe seguir contribuyendo al desarrollo social. Por todo esto los abajo firmantes con sentimiento de patria llamamos a los colombianos y colombianas, sin distingo de partido o sector social, a movilizarse para que ECOPETROL siga siendo propiedad, cien por ciento, del Estado colombiano.<\/p>\n<p> Firman:<br \/> PARTIDO LIBERAL COLOMBIANO Y TODOS SUS PARLAMENTARIOS<br \/> POLO DEMOCRATICO ALTERNATIVO Y TODOS SUS PARLAMENTARIOS<br \/> CENTRAL UNITARIA DE TRABAJADORES \u2013 CUT \u2013 CGT \u2013 CTC<br \/> UNION SINDICAL OBRERA DE LA INDUSTRIA DEL PETROLEO \u2013 USO<\/p>\n","protected":false},"excerpt":{"rendered":"<p>Bogot\u00e1, noviembre 8 de 2006 ECOPETROL, desde su fundaci\u00f3n hace 55 a\u00f1os, ha sido la empresa estatal que m\u00e1s le ha aportado al desarrollo del pa\u00eds. Anualmente le transfiere al presupuesto de la Naci\u00f3n 7.3 billones de pesos que contribuyen a los planes de salud, educaci\u00f3n y seguridad social evitando que las reformas tributarias sean [&hellip;]<\/p>\n","protected":false},"author":1,"featured_media":0,"comment_status":"open","ping_status":"open","sticky":false,"template":"","format":"standard","meta":{"advanced_seo_description":"","jetpack_seo_html_title":"","jetpack_seo_noindex":false,"_jetpack_memberships_contains_paid_content":false,"footnotes":""},"categories":[7],"tags":[],"class_list":["post-1556","post","type-post","status-publish","format-standard","hentry","category-pronunciamientos-de-organizaciones-sociales"],"jetpack_featured_media_url":"","jetpack-related-posts":[{"id":3626,"url":"https:\/\/moir.com.co\/web\/se-planea-nuevo-ataque-a-la-estabilidad-de-ecopetrol\/","url_meta":{"origin":1556,"position":0},"title":"Se planea nuevo ataque a la estabilidad de ECOPETROL","author":"admin","date":"octubre 9, 2009","format":false,"excerpt":"Recientemente el Ministro de Hacienda Publica y el Conpes, anunciaron la posibilidad de vender un 10% adicional de las acciones de Ecopetrol, sobrepasando lo aprobado en la ley 1118 de 2007, con la justificaci\u00f3n de implementar el desarrollo vial de nuestro pa\u00eds. Cuando este gobierno se propuso transformar a Ecopetrol\u2026","rel":"","context":"En \u00abPronunciamientos de Organizaciones Sociales\u00bb","block_context":{"text":"Pronunciamientos de Organizaciones Sociales","link":"https:\/\/moir.com.co\/web\/category\/pronunciamientos-de-organizaciones-sociales\/"},"img":{"alt_text":"","src":"","width":0,"height":0},"classes":[]},{"id":528,"url":"https:\/\/moir.com.co\/web\/carta-de-la-union-sindical-obrera-en-defensa-de-ecopetrol-contra-la-decision-del-gobierno-de-uribe-velez-de-dividirla-para-p\/","url_meta":{"origin":1556,"position":1},"title":"CARTA DE LA UNI\u00d3N SINDICAL OBRERA EN DEFENSA DE ECOPETROL, CONTRA LA DECISI\u00d3N DEL GOBIERNO DE URIBE V\u00c9LEZ DE DIVIDIRLA PARA P","author":"admin","date":"agosto 10, 2004","format":false,"excerpt":"Junta Directiva Nacional Uni\u00f3n Sindical Obrera \u201cU.S.O.\u201d, Bogot\u00e1 Bogot\u00e1, junio 25 de 2003 DOCTOR ALVARO URIBE VELEZ PRESIDENTE DE LA REPUBLICA DE COLOMBIA BOGOTA, D.C. Respetado doctor: Doce a\u00f1os despu\u00e9s de aplicaci\u00f3n del modelo neoliberal en nuestro pa\u00eds, ni logramos salir de la cr\u00edsis ni de la depresi\u00f3n econ\u00f3mica de\u2026","rel":"","context":"En \u00abPronunciamientos de Organizaciones Sociales\u00bb","block_context":{"text":"Pronunciamientos de Organizaciones Sociales","link":"https:\/\/moir.com.co\/web\/category\/pronunciamientos-de-organizaciones-sociales\/"},"img":{"alt_text":"","src":"","width":0,"height":0},"classes":[]},{"id":5820,"url":"https:\/\/moir.com.co\/web\/venta-de-otro-10-de-ecopetrol-otro-gran-negocio-en-contra-del-interes-nacional\/","url_meta":{"origin":1556,"position":2},"title":"Venta de otro 10% de ECOPETROL, otro gran negocio en contra del inter\u00e9s nacional","author":"admin","date":"agosto 3, 2011","format":false,"excerpt":"Venta lesiona a colombianos y favorece a monopolios. Acciones se concentran en grandes inversionistas. El gobierno nacional radic\u00f3 un nuevo proyecto de ley para privatizar otro 10% de Ecopetrol. De aprobarse la iniciativa, la participaci\u00f3n de la naci\u00f3n en la empresa m\u00e1s importante de Colombia se reducir\u00eda a un 70%,\u2026","rel":"","context":"En \u00abJorge Enrique Robledo\u00bb","block_context":{"text":"Jorge Enrique Robledo","link":"https:\/\/moir.com.co\/web\/category\/jorge-enrique-robledo\/"},"img":{"alt_text":"","src":"","width":0,"height":0},"classes":[]},{"id":1431,"url":"https:\/\/moir.com.co\/web\/venta-de-las-acciones-de-ecopetrol-democracia-al-reves\/","url_meta":{"origin":1556,"position":3},"title":"VENTA DE LAS ACCIONES DE ECOPETROL: DEMOCRACIA AL REVES","author":"admin","date":"julio 22, 2006","format":false,"excerpt":"Polo Democr\u00e1tico Alternativo Regional Barrancabermeja y Magdalena Medio, julio 30 de 2006 El gobierno de \u00c1lvaro Uribe V\u00e9lez ha definido la venta de la quinta parte de ECOPETROL, o sea el 20% de sus acciones al \u201csector solidario o al capital transnacional\u201d. El negocio se ha presentado como la democratizaci\u00f3n\u2026","rel":"","context":"En \u00abPolo Democr\u00e1tico Alternativo\u00bb","block_context":{"text":"Polo Democr\u00e1tico Alternativo","link":"https:\/\/moir.com.co\/web\/category\/polo-democratico-alternativo\/"},"img":{"alt_text":"","src":"","width":0,"height":0},"classes":[]},{"id":5165,"url":"https:\/\/moir.com.co\/web\/venta-de-un-10-adicional-de-ecopetrol-es-un-atentado-al-patrimonio-publico-de-los-colombianos\/","url_meta":{"origin":1556,"position":4},"title":"Venta de un 10% adicional de Ecopetrol es un atentado al patrimonio p\u00fablico de los colombianos","author":"admin","date":"diciembre 30, 2010","format":false,"excerpt":"La UNION SINDICAL OBRERA de la INDUSTRIA del PETROLEO rechaza de manera categ\u00f3rica, los anuncios de ECOPETROL S.A. de vender el 9.9% de las acciones y del actual gobierno de vender un 10% adicional de la propiedad de Ecopetrol, bajo el argumento de utilizar los recursos que de esta venta\u2026","rel":"","context":"En \u00abPronunciamientos de Organizaciones Sociales\u00bb","block_context":{"text":"Pronunciamientos de Organizaciones Sociales","link":"https:\/\/moir.com.co\/web\/category\/pronunciamientos-de-organizaciones-sociales\/"},"img":{"alt_text":"","src":"","width":0,"height":0},"classes":[]},{"id":21324,"url":"https:\/\/moir.com.co\/web\/trabajadores-petroleros-de-nuevo-en-pie-de-lucha\/","url_meta":{"origin":1556,"position":5},"title":"TRABAJADORES PETROLEROS DE NUEVO EN PIE DE LUCHA.","author":"admin","date":"febrero 17, 2009","format":false,"excerpt":"En asambleas regionales, los trabajadores de Ecopetrol afiliados a la USO han aprobado realizar la huelga general. La decisi\u00f3n fue tomada contra las medidas del gobierno de Pastrana que le dan v\u00eda a la privatizaci\u00f3n de la empresa y contra los proyectos de ley de la denominada flexibilizaci\u00f3n laboral. Esta\u2026","rel":"","context":"En \u00abTribuna Roja N\u00ba 78; agosto 20 de 1999\u00bb","block_context":{"text":"Tribuna Roja N\u00ba 78; agosto 20 de 1999","link":"https:\/\/moir.com.co\/web\/category\/tribuna-roja\/ediciones-1995-1999\/tribuna-roja-no-78-agosto-20-de-1999\/"},"img":{"alt_text":"","src":"","width":0,"height":0},"classes":[]}],"jetpack_sharing_enabled":true,"_links":{"self":[{"href":"https:\/\/moir.com.co\/web\/wp-json\/wp\/v2\/posts\/1556","targetHints":{"allow":["GET"]}}],"collection":[{"href":"https:\/\/moir.com.co\/web\/wp-json\/wp\/v2\/posts"}],"about":[{"href":"https:\/\/moir.com.co\/web\/wp-json\/wp\/v2\/types\/post"}],"author":[{"embeddable":true,"href":"https:\/\/moir.com.co\/web\/wp-json\/wp\/v2\/users\/1"}],"replies":[{"embeddable":true,"href":"https:\/\/moir.com.co\/web\/wp-json\/wp\/v2\/comments?post=1556"}],"version-history":[{"count":0,"href":"https:\/\/moir.com.co\/web\/wp-json\/wp\/v2\/posts\/1556\/revisions"}],"wp:attachment":[{"href":"https:\/\/moir.com.co\/web\/wp-json\/wp\/v2\/media?parent=1556"}],"wp:term":[{"taxonomy":"category","embeddable":true,"href":"https:\/\/moir.com.co\/web\/wp-json\/wp\/v2\/categories?post=1556"},{"taxonomy":"post_tag","embeddable":true,"href":"https:\/\/moir.com.co\/web\/wp-json\/wp\/v2\/tags?post=1556"}],"curies":[{"name":"wp","href":"https:\/\/api.w.org\/{rel}","templated":true}]}}