{"id":15557,"date":"2018-08-01T14:00:56","date_gmt":"2018-08-01T14:00:56","guid":{"rendered":"https:\/\/moir.org.co\/web\/?p=15557"},"modified":"2018-08-01T14:00:56","modified_gmt":"2018-08-01T14:00:56","slug":"ivan-duque-revivio-al-frente-nacional-jorge-enrique-robledo","status":"publish","type":"post","link":"https:\/\/moir.com.co\/web\/ivan-duque-revivio-al-frente-nacional-jorge-enrique-robledo\/","title":{"rendered":"&#8220;Iv\u00e1n Duque revivi\u00f3 al Frente Nacional&#8221;: Jorge Enrique Robledo"},"content":{"rendered":"<p><strong>Entrevista de<\/strong>\u00a0<strong>Natalia Martinez al senador Jorge Enrique Robledo, Publimetro, agosto 1 de 2018<\/strong><\/p>\n<p class=\"p1 selectionShareable\">El senador m\u00e1s votado del Polo Democr\u00e1tico habl\u00f3 sobre c\u00f3mo va a ser su oposici\u00f3n al nuevo gobierno. Habl\u00f3 sobre la supuesta rivalidad con Petro y asegur\u00f3 que s\u00ed habr\u00e1 alianza con el excandidato. Afirm\u00f3 que sigue la Coalici\u00f3n Colombia y que buscar\u00e1n ganar muchas alcald\u00edas y gobernaciones en 2019<\/p>\n<p class=\"p1 selectionShareable\"><span class=\"s1\"><b>\u00bfC\u00f3mo ve esta legislatura?<\/b><\/span><\/p>\n<p class=\"p2 selectionShareable\"><span class=\"s1\">Hay dos hechos de los que no se habla. El primero es el grav\u00edsimo hecho de que Iv\u00e1n Duque resucit\u00f3 al Frente Nacional y no son cuentos. Tiene el respaldo de \u00c1lvaro Uribe, C\u00e9sar Gaviria, Andr\u00e9s Pastrana, Germ\u00e1n Vargas Lleras, el Partido Liberal, el Conservador, La U, Cambio Radical y el Centro Democr\u00e1tico. Si ese no es el Frente Nacional, \u00bfqu\u00e9 es? Ese es un hecho muy negativo para Colombia, porque es la gran manguala \u2018frentenacionalista\u2019.<\/span><\/p>\n<p class=\"p3 selectionShareable\"><span class=\"s1\">El otro hecho es que nunca hab\u00eda habido tantos partidos pol\u00edticos en oposici\u00f3n al Gobierno. Somos cerca de 24 o 25 senadores. Y de esto se puede deducir que Duque gana, pero en un ambiente de gran descontento. Tanto en primera vuelta, como en segunda. Gana porque las resistencias a Petro resultaron ser m\u00e1s grandes que las resistencias a Duque. Es probable que la cosa est\u00e9 movida durante estos cuatro a\u00f1os (risas).<\/span><\/p>\n<p class=\"p1 selectionShareable\"><span class=\"s2\"><b>\u00bfQu\u00e9 sigue para la\u00a0<\/b><\/span><span class=\"s1\"><b>Coalici\u00f3n Colombia?<\/b><\/span><\/p>\n<p class=\"p2 selectionShareable\"><span class=\"s1\">Cuando la constituimos,<span class=\"Apple-converted-space\">\u00a0\u00a0<\/span>tuvimos el cuidado de decir que es un proyecto de largo plazo que va a actuar en las elecciones de 2019. Seguramente habr\u00e1 acuerdos con otros sectores. Estas elecciones locales (gobernaciones y alcald\u00edas) son de acuerdos. Va a haber alianzas entre las fuerzas<span class=\"Apple-converted-space\">\u00a0\u00a0<\/span>no \u2018duquistas\u2019.<\/span><\/p>\n<p class=\"p1 selectionShareable\"><span class=\"s1\"><b>Hablando de las\u00a0<\/b><\/span><span class=\"s1\"><b>elecciones de 2019,\u00a0<\/b><\/span><span class=\"s1\"><b>Antonio Navarro<span class=\"Apple-converted-space\">\u00a0\u00a0<\/span>ya\u00a0<\/b><\/span><span class=\"s1\"><b>solt\u00f3 pistas de que va por la Alcald\u00eda en Bogot\u00e1, \u00bfel\u00a0<\/b><\/span><span class=\"s1\"><b>Polo no tendr\u00eda candidato?<\/b><\/span><\/p>\n<p class=\"p2 selectionShareable\"><span class=\"s1\">Aclaro. Navarro es una de las opciones. pero pueden aparecer m\u00e1s aspirantes y habr\u00eda que mirar c\u00f3mo se hace un proceso unitario. Toca esperar un poco, porque esas decisiones se estar\u00e1n tomando a inicios del pr\u00f3ximo a\u00f1o. Sin embargo est\u00e1 claro que Antonio va a jugar. Qui\u00e9n sabe qui\u00e9n m\u00e1s vaya a jugar de los \u2018verdes\u2019. Y ojal\u00e1 juguemos desde el Polo. Tambi\u00e9n habr\u00eda que mirar a las fuerzas cercanas a Gustavo Petro. Veremos qu\u00e9 se puede hacer.<\/span><\/p>\n<p class=\"p1 selectionShareable\"><span class=\"s1\"><b>Me parece novedoso que nombre a Gustavo Petro y que hable de un \u2018todos\u2019 en donde lo incluye. \u00bfEst\u00e1n zanjadas las diferencias?, \u00bfhabr\u00eda coalici\u00f3n con \u00e9l?<\/b><\/span><\/p>\n<p class=\"p2 selectionShareable\"><span class=\"s1\">La pol\u00edtica sensata de cualquier \u00f3rbita, incluye que las contradicciones van cambiando. Para m\u00ed, hasta el 20 de julio fue una situaci\u00f3n, y el 21 empez\u00f3 otra. Esto no ri\u00f1e con que somos varios proyectos pol\u00edticos distintos, pero el hecho de que seamos distintos no nos proh\u00edbe coincidir y m\u00e1s si tenemos a la oposici\u00f3n a Duque como gran coincidencia. Ese es un pegamento grande.<\/span><\/p>\n<p class=\"p3 selectionShareable\"><span class=\"s1\">En 2019 habr\u00e1 acuerdos locales sin que desaparezcan los proyectos particulares. Es bueno recordar una frase de Fajardo: \u2018Que seamos diferentes, no nos tiene que convertir en enemigos\u2019.<\/span><\/p>\n<p class=\"p1 selectionShareable\"><span class=\"s1\"><b>\u00bfQu\u00e9 tal ese estatuto\u00a0<\/b><\/span><span class=\"s1\"><b>de oposici\u00f3n que\u00a0<\/b><\/span><span class=\"s1\"><b>muchos celebran?<\/b><\/span><\/p>\n<p class=\"p2 selectionShareable\"><span class=\"s1\">\u00a1Cu\u00e1n cicatero es ese estatuto de oposici\u00f3n! (risas). Si usted lo mira, consiste en quitarle al Frente Nacional dos o tres peque\u00f1as garant\u00edas. Eso no es nada. La presencia en medios que tenemos no es nada. No incluy\u00f3 la representaci\u00f3n de la oposici\u00f3n en las mesas directivas de las comisiones\u2026 es muy pobre. El estatuto nos empuja a hacer acuerdos entre los opositores.<\/span><\/p>\n<p class=\"p1 selectionShareable\"><span class=\"s1\"><b>Los medios de comunicaci\u00f3n hemos ca\u00eddo en el error de hablar de la figura de un l\u00edder de oposici\u00f3n, pero eso no existe, \u00bfse siente con el liderazgo para tomar decisiones o todo se har\u00e1 por consenso?<\/b><\/span><\/p>\n<p class=\"p2 selectionShareable\"><span class=\"s1\">No todo va a ser un consenso y hay diferencias, pero tampoco tiene por qu\u00e9 volverse escenario de rivalidades o de competencias infantiles. Cada uno de nosotros puede jugar su papel de manera positiva en la oposici\u00f3n a Duque. Creo que en eso se han equivocado los periodistas, porque se ha creado una especie de presi\u00f3n \u2018farandulera\u2019, instigando con algo de amarillismo, sobre roces y contradicciones. No estoy en esa actitud. No tengo ning\u00fan inconveniente en coincidir en lo que toque coincidir con Petro o con cualquiera. Si algo necesitamos en pol\u00edtica, es que los opositores aprendamos a manejar la diferencia. Creo que ning\u00fan opositor va a estar en esa t\u00f3nica.<\/span><\/p>\n<p class=\"p1 selectionShareable\"><span class=\"s1\"><b>Para Petro la oposici\u00f3n se hace para gobernar, \u00bfcu\u00e1l es su concepci\u00f3n?<\/b><\/span><\/p>\n<p class=\"p2 selectionShareable\"><span class=\"s1\">Creo que todo el pa\u00eds ya tiene muy claro c\u00f3mo es nuestra oposici\u00f3n. Es una oposici\u00f3n, oposici\u00f3n, que se expresa en cada una de las circunstancias, porque tenemos grandes diferencias program\u00e1ticas con el Gobierno.<\/span><\/p>\n<p class=\"p3 selectionShareable\"><span class=\"s1\">La norma es que estamos en orillas diferentes. Puede que suceda algo como lo que pas\u00f3 con Santos y es que coincidimos en el proceso de paz, pero nuestra consigna fue \u2018Santos no, paz s\u00ed\u2019.<\/span><\/p>\n<p class=\"p1 selectionShareable\"><span class=\"s1\"><b>\u00bfQu\u00e9 va a hacer esta legislatura?, \u00bfcu\u00e1les son\u00a0sus proyectos legislativos?<\/b><\/span><\/p>\n<p class=\"p2 selectionShareable\"><span class=\"s1\">No soy mucho de proyectos legislativos. Me voy a dedicar a los debates de control pol\u00edtico.<\/span><\/p>\n<p class=\"p3 selectionShareable\"><span class=\"s1\">El primero que quiero hacer es sobre la inconveniencia de Alberto Carrasquilla como ministro de Hacienda, porque ha cruzado una l\u00ednea que no pod\u00eda cruzar. Carrasquilla cambi\u00f3 las leyes de Colombia y cuando dej\u00f3 de ser ministro, mont\u00f3 un negocio sobre esas leyes. Hay una denuncia que se\u00f1ala c\u00f3mo la firma de Carrasquilla embarc\u00f3 a los municipios del pa\u00eds en los dichosos Bonos de Paz, que iban a quebrar a 120 de ellos. El gobierno entr\u00f3 y los rescat\u00f3 con 500.000 millones de pesos. En eso empieza s\u00faper mal el gobierno de Duque.<\/span><\/p>\n<p class=\"p1 selectionShareable\"><span class=\"s1\"><b>\u00bfQu\u00e9 tiene por decir\u00a0<\/b><\/span><span class=\"s1\"><b>sobre el esc\u00e1ndalo\u00a0<\/b><\/span><span class=\"s1\"><b>del senador Uribe?<\/b><\/span><\/p>\n<p class=\"p2 selectionShareable\"><span class=\"s1\">La renuncia de Uribe es un muy mal mensaje para el pa\u00eds. Esa decisi\u00f3n podr\u00eda llevar a que le cambien el juez, es decir, que deje de ser la Corte Suprema y pase a ser la Fiscal\u00eda. Cualquier persona est\u00e1 en el derecho de buscar las mejores garant\u00edas para su defensa, pero yo le hago una pregunta, \u00bfqui\u00e9n le brinda m\u00e1s garant\u00edas a los intereses de Colombia, la Corte o la Fiscal\u00eda? La respuesta se cae por su propio peso.<\/span><\/p>\n<p class=\"p3 selectionShareable\"><span class=\"s1\">No deja de ser una paradoja que Uribe termine enredado, por algo que entre comillas es un \u2018delito menor\u2019. Entre comillas porque de menor no tiene nada. Que a usted lo acusen de manipular testigos y adem\u00e1s de intentar encarcelar con pruebas falsas a un colega es grav\u00edsimo. Hay bastantes pruebas en contra de Uribe. Veo su futuro pol\u00edtico muy comprometido. Y, de paso, al presidente Duque.<\/span><\/p>\n","protected":false},"excerpt":{"rendered":"<p>Entrevista de\u00a0Natalia Martinez al senador Jorge Enrique Robledo, Publimetro, agosto 1 de 2018 El senador m\u00e1s votado del Polo Democr\u00e1tico habl\u00f3 sobre c\u00f3mo va a ser su oposici\u00f3n al nuevo gobierno. Habl\u00f3 sobre la supuesta rivalidad con Petro y asegur\u00f3 que s\u00ed habr\u00e1 alianza con el excandidato. Afirm\u00f3 que sigue la Coalici\u00f3n Colombia y que [&hellip;]<\/p>\n","protected":false},"author":1,"featured_media":15558,"comment_status":"open","ping_status":"open","sticky":false,"template":"","format":"standard","meta":{"advanced_seo_description":"","jetpack_seo_html_title":"","jetpack_seo_noindex":false,"_jetpack_memberships_contains_paid_content":false,"footnotes":""},"categories":[102,97,4,98],"tags":[],"class_list":["post-15557","post","type-post","status-publish","format-standard","has-post-thumbnail","hentry","category-economia","category-imperialismo-y-neoliberalismo","category-jorge-enrique-robledo","category-politica"],"jetpack_featured_media_url":"https:\/\/i0.wp.com\/moir.com.co\/web\/wp-content\/uploads\/2018\/08\/robledopublimetro2018.jpg?fit=1200%2C600&ssl=1","jetpack-related-posts":[{"id":15727,"url":"https:\/\/moir.com.co\/web\/la-corrupcion-en-colombia-es-sistemica-jorge-enrique-robledo\/","url_meta":{"origin":15557,"position":0},"title":"\u201cLa corrupci\u00f3n en Colombia es sist\u00e9mica\u201d: Jorge Enrique Robledo","author":"admin","date":"agosto 24, 2018","format":false,"excerpt":"http:\/\/m.eldiario.com.co\/, Pereira, agosto 24 de 2018 \u201cEs mentira que nos vayan a dar reposici\u00f3n de votos, no la hay, esto es a palo seco, como se dice\u201d. As\u00ed comenz\u00f3 la rueda de prensa en la que el senador del Polo Democr\u00e1tico, Jorge Enrique Robledo habl\u00f3 del flagelo de la corrupci\u00f3n,\u2026","rel":"","context":"En \u00abJorge Enrique Robledo\u00bb","block_context":{"text":"Jorge Enrique Robledo","link":"https:\/\/moir.com.co\/web\/category\/jorge-enrique-robledo\/"},"img":{"alt_text":"","src":"https:\/\/i0.wp.com\/moir.com.co\/web\/wp-content\/uploads\/2018\/08\/anticoruupcionrisaralda2018.jpg?fit=680%2C245&ssl=1&resize=350%2C200","width":350,"height":200,"srcset":"https:\/\/i0.wp.com\/moir.com.co\/web\/wp-content\/uploads\/2018\/08\/anticoruupcionrisaralda2018.jpg?fit=680%2C245&ssl=1&resize=350%2C200 1x, https:\/\/i0.wp.com\/moir.com.co\/web\/wp-content\/uploads\/2018\/08\/anticoruupcionrisaralda2018.jpg?fit=680%2C245&ssl=1&resize=525%2C300 1.5x"},"classes":[]},{"id":15632,"url":"https:\/\/moir.com.co\/web\/audio-robledo-habla-en-la-w-sobre-su-reunion-con-petro-y-sus-coincidencias-sobre-el-mal-gobierno-de-duque\/","url_meta":{"origin":15557,"position":1},"title":"Audio: Robledo habla en la W sobre su reuni\u00f3n con Petro y sus coincidencias sobre el mal gobierno de Duque","author":"admin","date":"agosto 13, 2018","format":"audio","excerpt":"En entrevista con la W el senador Jorge Enrique Robledo habla sobre la reuni\u00f3n que sostuvo con Gustavo Petro y las coincidencias que tienen sobre el mal gobierno de Iv\u00e1n Duque. Bogot\u00e1, agosto 13 de 2018","rel":"","context":"En \u00abJorge Enrique Robledo\u00bb","block_context":{"text":"Jorge Enrique Robledo","link":"https:\/\/moir.com.co\/web\/category\/jorge-enrique-robledo\/"},"img":{"alt_text":"","src":"https:\/\/i0.wp.com\/moir.com.co\/web\/wp-content\/uploads\/2018\/08\/robledopetroreunionagosto2018.jpg?fit=660%2C292&ssl=1&resize=350%2C200","width":350,"height":200,"srcset":"https:\/\/i0.wp.com\/moir.com.co\/web\/wp-content\/uploads\/2018\/08\/robledopetroreunionagosto2018.jpg?fit=660%2C292&ssl=1&resize=350%2C200 1x, https:\/\/i0.wp.com\/moir.com.co\/web\/wp-content\/uploads\/2018\/08\/robledopetroreunionagosto2018.jpg?fit=660%2C292&ssl=1&resize=525%2C300 1.5x"},"classes":[]},{"id":14668,"url":"https:\/\/moir.com.co\/web\/en-carta-a-vargas-lleras-y-duque-robledo-les-pide-pronunciarse-sobre-denuncias-de-daniel-coronell-acerca-de-financiacion-corrupta-de-odebrecht-a-campanas-2014\/","url_meta":{"origin":15557,"position":2},"title":"En carta a Vargas Lleras y Duque, Robledo les pide pronunciarse sobre denuncias de Daniel Coronell acerca de financiaci\u00f3n corrupta de Odebrecht a campa\u00f1as 2014","author":"admin","date":"marzo 5, 2018","format":false,"excerpt":"Oficina de prensa del senador Jorge Enrique Robledo, marzo 5 de 2018 Bolet\u00edn de prensa El senador Jorge Enrique Robledo, quien ha realizado dos debates de control pol\u00edtico exigiendo la verdad total sobre la corrupci\u00f3n de Odebrecht, le envi\u00f3 una carta a los candidatos presidenciales Germ\u00e1n Vargas Lleras e Iv\u00e1n\u2026","rel":"","context":"En \u00abEconom\u00eda\u00bb","block_context":{"text":"Econom\u00eda","link":"https:\/\/moir.com.co\/web\/category\/temas\/economia\/"},"img":{"alt_text":"","src":"https:\/\/i0.wp.com\/jorgerobledo.com\/wp-content\/uploads\/2018\/03\/Screen-Shot-2018-03-05-at-10.08.09-AM.png?resize=350%2C200&ssl=1","width":350,"height":200,"srcset":"https:\/\/i0.wp.com\/jorgerobledo.com\/wp-content\/uploads\/2018\/03\/Screen-Shot-2018-03-05-at-10.08.09-AM.png?resize=350%2C200&ssl=1 1x, https:\/\/i0.wp.com\/jorgerobledo.com\/wp-content\/uploads\/2018\/03\/Screen-Shot-2018-03-05-at-10.08.09-AM.png?resize=525%2C300&ssl=1 1.5x"},"classes":[]},{"id":17794,"url":"https:\/\/moir.com.co\/web\/video-replica-de-la-oposicion-a-cargo-del-senador-jorge-enrique-robledo-al-presidente-ivan-duque-en-su-primer-ano-de-gobierno\/","url_meta":{"origin":15557,"position":3},"title":"Video: R\u00e9plica de la oposici\u00f3n a cargo del senador Jorge Enrique Robledo al presidente Ivan Duque en su primer a\u00f1o de gobierno","author":"admin","date":"julio 22, 2019","format":"video","excerpt":"Bogot\u00e1, julio 20 de 2019","rel":"","context":"En \u00abAgro\u00bb","block_context":{"text":"Agro","link":"https:\/\/moir.com.co\/web\/category\/temas\/agro\/"},"img":{"alt_text":"","src":"","width":0,"height":0},"classes":[]},{"id":15739,"url":"https:\/\/moir.com.co\/web\/no-estan-ni-tibios-los-corruptos-y-sus-alcahuetes-si-creen-que-esto-termino-aqui-jorge-robledo\/","url_meta":{"origin":15557,"position":4},"title":"No est\u00e1n ni tibios los corruptos y sus alcahuetes si creen que esto termin\u00f3 aqu\u00ed: Jorge Robledo","author":"admin","date":"agosto 27, 2018","format":false,"excerpt":"Germ\u00e1n Ag\u00e1mez, Diario La Libertad, Barranquilla, agosto 27 de 2018 En declaraciones exclusivas para el Diario La Libertad, el senador por el Polo Democr\u00e1tico, Jorge Enrique Robledo, dio a conocer su opini\u00f3n sobre la Consulta Anticorrupci\u00f3n que se desarroll\u00f3 ayer en nuestro pa\u00eds y lo que viene despu\u00e9s del resultado\u2026","rel":"","context":"En \u00abEconom\u00eda\u00bb","block_context":{"text":"Econom\u00eda","link":"https:\/\/moir.com.co\/web\/category\/temas\/economia\/"},"img":{"alt_text":"","src":"https:\/\/i0.wp.com\/moir.com.co\/web\/wp-content\/uploads\/2018\/08\/robledolalibertad2018.jpeg?fit=1200%2C798&ssl=1&resize=350%2C200","width":350,"height":200,"srcset":"https:\/\/i0.wp.com\/moir.com.co\/web\/wp-content\/uploads\/2018\/08\/robledolalibertad2018.jpeg?fit=1200%2C798&ssl=1&resize=350%2C200 1x, https:\/\/i0.wp.com\/moir.com.co\/web\/wp-content\/uploads\/2018\/08\/robledolalibertad2018.jpeg?fit=1200%2C798&ssl=1&resize=525%2C300 1.5x, https:\/\/i0.wp.com\/moir.com.co\/web\/wp-content\/uploads\/2018\/08\/robledolalibertad2018.jpeg?fit=1200%2C798&ssl=1&resize=700%2C400 2x, https:\/\/i0.wp.com\/moir.com.co\/web\/wp-content\/uploads\/2018\/08\/robledolalibertad2018.jpeg?fit=1200%2C798&ssl=1&resize=1050%2C600 3x"},"classes":[]},{"id":9413,"url":"https:\/\/moir.com.co\/web\/el-congreso-unido-contra-la-venta-de-isagen\/","url_meta":{"origin":15557,"position":5},"title":"El Congreso unido contra la venta de Isagen","author":"admin","date":"mayo 26, 2015","format":false,"excerpt":"Senadores de 9 partidos pol\u00edticos convocan a rueda de prensa. En un hecho inusual en el Congreso de la Rep\u00fablica cerca de 80 senadores miembros de todos los partidos expresaron su oposici\u00f3n a la decisi\u00f3n del Gobierno Nacional de vender ISAG\u00c9N, una de las electrificadoras m\u00e1s importantes del pa\u00eds y\u2026","rel":"","context":"En \u00abJorge Enrique Robledo\u00bb","block_context":{"text":"Jorge Enrique Robledo","link":"https:\/\/moir.com.co\/web\/category\/jorge-enrique-robledo\/"},"img":{"alt_text":"","src":"","width":0,"height":0},"classes":[]}],"jetpack_sharing_enabled":true,"_links":{"self":[{"href":"https:\/\/moir.com.co\/web\/wp-json\/wp\/v2\/posts\/15557","targetHints":{"allow":["GET"]}}],"collection":[{"href":"https:\/\/moir.com.co\/web\/wp-json\/wp\/v2\/posts"}],"about":[{"href":"https:\/\/moir.com.co\/web\/wp-json\/wp\/v2\/types\/post"}],"author":[{"embeddable":true,"href":"https:\/\/moir.com.co\/web\/wp-json\/wp\/v2\/users\/1"}],"replies":[{"embeddable":true,"href":"https:\/\/moir.com.co\/web\/wp-json\/wp\/v2\/comments?post=15557"}],"version-history":[{"count":1,"href":"https:\/\/moir.com.co\/web\/wp-json\/wp\/v2\/posts\/15557\/revisions"}],"predecessor-version":[{"id":15559,"href":"https:\/\/moir.com.co\/web\/wp-json\/wp\/v2\/posts\/15557\/revisions\/15559"}],"wp:featuredmedia":[{"embeddable":true,"href":"https:\/\/moir.com.co\/web\/wp-json\/wp\/v2\/media\/15558"}],"wp:attachment":[{"href":"https:\/\/moir.com.co\/web\/wp-json\/wp\/v2\/media?parent=15557"}],"wp:term":[{"taxonomy":"category","embeddable":true,"href":"https:\/\/moir.com.co\/web\/wp-json\/wp\/v2\/categories?post=15557"},{"taxonomy":"post_tag","embeddable":true,"href":"https:\/\/moir.com.co\/web\/wp-json\/wp\/v2\/tags?post=15557"}],"curies":[{"name":"wp","href":"https:\/\/api.w.org\/{rel}","templated":true}]}}