{"id":15548,"date":"2018-08-01T13:10:05","date_gmt":"2018-08-01T13:10:05","guid":{"rendered":"https:\/\/moir.org.co\/web\/?p=15548"},"modified":"2018-08-01T13:10:41","modified_gmt":"2018-08-01T13:10:41","slug":"quien-responde-por-zarpazo-de-cinco-billones-de-fenosa-electricaribe-contra-los-colombianos","status":"publish","type":"post","link":"https:\/\/moir.com.co\/web\/quien-responde-por-zarpazo-de-cinco-billones-de-fenosa-electricaribe-contra-los-colombianos\/","title":{"rendered":"\u00bfQui\u00e9n responde por zarpazo de cinco billones de Fenosa-Electricaribe contra los colombianos?"},"content":{"rendered":"<p><strong>Norman Alarc\u00f3n Rodas, Barranquilla, julio 31 de 2018<\/strong><\/p>\n<p>A fines del a\u00f1o 2000, la trasnacional espa\u00f1ola Uni\u00f3n Fenosa compr\u00f3 la mayor\u00eda accionaria de las electrificadoras de la Costa al consorcio Houston Industries con sede en Caracas por un valor aproximado de 500 millones de d\u00f3lares. El consorcio las hab\u00eda adquirido a un precio mucho mayor en 1998, cuando el gobierno de Ernesto Samper procediera a privatizar el patrimonio p\u00fablico de los coste\u00f1os en el sector el\u00e9ctrico basado en la Ley 142 de 1994 y en el art\u00edculo 365 de la Constituci\u00f3n Nacional de 1991. As\u00ed, Electricaribe detenta hoy el monopolio de la distribuci\u00f3n y la comercializaci\u00f3n de energ\u00eda el\u00e9ctrica en los siete departamentos de la Regi\u00f3n Caribe. Jam\u00e1s hizo la empresa las inversiones requeridas en infraestructura y en mantenimiento a las que se hab\u00eda comprometido, sino, todo lo contrario, desmantel\u00f3 miles de kil\u00f3metros de redes de cobre, el mejor conductor del fluido el\u00e9ctrico, para venderlo en el extranjero y las cambi\u00f3 por redes de aluminio de mala calidad. Es una de las causas del p\u00e9simo servicio que se presta actualmente, seg\u00fan expertos en la materia. Electricaribe impuso adem\u00e1s la tercerizaci\u00f3n laboral en contra de los trabajadores y del buen servicio.<\/p>\n<p>En medio de la oleada de neoliberalismo y libre comercio, el gobierno de Uribe firm\u00f3 el 31 de marzo de 2005 el \u201cAcuerdo entre la Rep\u00fablica de Colombia y el Reino de Espa\u00f1a para la promoci\u00f3n y protecci\u00f3n rec\u00edproca de inversiones\u201d (1). No es sino leerlo para comprender su naturaleza leonina. No se propone contribuir al desarrollo, sino proteger las grandes inversiones espa\u00f1olas en Colombia en servicios p\u00fablicos, sector bancario, infraestructura vial, telecomunicaciones, cadenas hoteleras, petr\u00f3leo, etc. Hay m\u00e1s de 400 empresas espa\u00f1olas estables en el pa\u00eds (2). En la inversi\u00f3n extranjera directa en Colombia en 2017, por primera vez Espa\u00f1a supera a los Estados Unidos: 2.615,6 millones de d\u00f3lares versus 2.121,8 millones de d\u00f3lares (3). Y ni que hablar de las inversiones de peque\u00f1as empresas colombianas en Espa\u00f1a. No hay comparaci\u00f3n para un tratado de inversiones en condiciones tan desiguales (4).<\/p>\n<p>Todos los t\u00e9rminos del malhadado acuerdo son lesivos para el pa\u00eds. Tratamiento nacional y cl\u00e1usula de naci\u00f3n m\u00e1s favorecida a las inversiones de la otra parte contratante (art\u00edculo 3). La libre transferencia del \u201ccapital inicial y las sumas adicionales necesarias para el mantenimiento, ampliaci\u00f3n y desarrollo de la inversi\u00f3n. Los sueldos y dem\u00e1s remuneraciones percibidas por el personal contratado en el exterior en relaci\u00f3n con una inversi\u00f3n\u201d (Art\u00edculo 6). Cualquier nueva reglamentaci\u00f3n m\u00e1s favorable prevalecer\u00e1 sobre el presente acuerdo (Art\u00edculo 7).<\/p>\n<p>Si surgen controversias entre una parte contratante e inversionistas de la otra parte y no hay acuerdo amistoso, en un plazo de seis meses desde la notificaci\u00f3n escrita, la controversia podr\u00e1 someterse, <strong>a elecci\u00f3n del inversionista<\/strong>, a un tribunal competente en el pa\u00eds donde se hizo la inversi\u00f3n, o a un tribunal de arbitraje ad hoc de acuerdo con el reglamento de arbitraje de la Comisi\u00f3n de las Naciones Unidas para el Derecho Comercial Internacional, o al Centro Internacional de Arreglo de Diferencias Relativas a Inversiones (CIADI). Cada parte contratante da su consentimiento anticipado e irrevocable para que toda controversia de esta naturaleza pueda ser sometida a cualquiera de los procedimientos arbitrales indicados. El arbitraje se basar\u00e1 en las disposiciones del presente acuerdo, en el derecho nacional de la parte contratante, incluidas las reglas relativas a los conflictos de ley, y en las reglas y principios generalmente admitidos del Derecho Internacional. Las decisiones arbitrales ser\u00e1n definitivas y vinculantes para las partes en la controversia. Cada parte contratante se compromete a ejecutar las sentencias de acuerdo con su legislaci\u00f3n nacional (Art\u00edculo 9).<\/p>\n<p><em>\u00c1mbito de aplicaci\u00f3n<\/em>. El presente acuerdo se aplicar\u00e1 a las inversiones efectuadas, antes o despu\u00e9s de entrada en vigor del mismo, por los inversionistas (Art\u00edculo 11). Por eso se aplica a Electricaribe, que es de propiedad de los espa\u00f1oles desde el a\u00f1o 2000. El acuerdo permanecer\u00e1 en vigor por un periodo inicial de diez a\u00f1os y luego continuar\u00e1 en vigor indefinidamente, a menos que sea denunciado por una de las partes, lo que surtir\u00eda efectos doce meses despu\u00e9s de la notificaci\u00f3n (Art\u00edculo 13)<\/p>\n<p>Hace pocos d\u00edas se conoci\u00f3 que GNFenosa, ahora con su nuevo nombre de Naturgy, hab\u00eda presentado el alegato detallado de la acci\u00f3n judicial contra Colombia ante la Comisi\u00f3n de las Naciones Unidas para el Derecho Mercantil Internacional (CNUDMI), conocido tambi\u00e9n como Uncitral. Y resolvi\u00f3 aumentar el monto de la petici\u00f3n a casi cinco billones de pesos, 1.626 millones de d\u00f3lares. En esta instancia internacional, la situaci\u00f3n es m\u00e1s favorable para la trasnacional espa\u00f1ola, ya que decidi\u00f3 que fuera all\u00ed donde se dirimieran las controversias y que las negociaciones se adelantaran en el marco de la Ley Modelo de la CNUDMI sobre Arbitraje Comercial Internacional (5).<\/p>\n<p>Las partes podr\u00e1n determinar el n\u00famero de \u00e1rbitros, pero ser\u00e1n tres a falta de acuerdo (Art\u00edculo 10). En el arbitraje de tres, cada parte nombra un \u00e1rbitro y los dos eligen un tercero. Si no hay acuerdo, a los treinta d\u00edas la designaci\u00f3n del tercer \u00e1rbitro ser\u00e1 hecha por el Tribunal u otra entidad competente (Art\u00edculo 11). El Tribunal podr\u00e1 tomar medidas cautelares y mantener o restablecer el statu quo en espera de que se dirima la controversia, o sea, devolverle el manejo de Electricaribe a Naturgy (Art\u00edculo 17). Si las partes llegan a un acuerdo, el Tribunal puede expedir un laudo arbitral en los t\u00e9rminos convenidos por las partes (Art\u00edculo 30).<\/p>\n<p><em>Forma y contenido del laudo:<\/em> el laudo se dictar\u00e1 por escrito, ser\u00e1 motivado y bastar\u00e1 la firma de la mayor\u00eda de los miembros. Despu\u00e9s de dictado, el Tribunal lo notificar\u00e1 a cada una de las partes mediante entrega de una copia firmada por los \u00e1rbitros (Art\u00edculo 31). <em>Impugnaci\u00f3n del laudo:<\/em> solo procede la petici\u00f3n de nulidad como \u00fanico recurso contra un laudo arbitral, en virtud de la ley del Estado demandado, por falta de notificaci\u00f3n y no podr\u00e1 formularse despu\u00e9s de tres meses de la fecha de recepci\u00f3n del laudo (Art\u00edculo 34). <em>Reconocimiento y ejecuci\u00f3n de los laudos: <\/em>un laudo arbitral ser\u00e1 reconocido como vinculante y ser\u00e1 ejecutado (Art\u00edculo 35). <em>Motivos para denegar el laudo:<\/em> no son muy viables ya que las estipulaciones est\u00e1n hechas a la medida de las trasnacionales y en detrimento de los pa\u00edses entrampados.<\/p>\n<p>La situaci\u00f3n para el pa\u00eds en este caso es bastante complicada, producto de la pol\u00edtica de enajenaci\u00f3n del patrimonio p\u00fablico, cuya debacle llev\u00f3 a que la Superservicios tuviera que intervenir a Electricaribe el 15 de noviembre de 2016, cuando era inminente un apag\u00f3n en la Costa por el no pago puntual de la energ\u00eda a los generadores y por la p\u00e9sima calidad del servicio, causales ambas de intervenci\u00f3n en la Ley 142 de 1994, situaci\u00f3n que no ha mejorado por la falta de inversi\u00f3n. En Colombia, donde los p\u00e1jaros le tiran a las escopetas, el monopolio espa\u00f1ol pretende sacarle al Estado casi cinco billones de pesos, el valor de una reforma tributaria, prevalido en el acuerdo leonino de 2005. Tan aberrante exigencia debe llevar a los colombianos a exigir al gobierno denunciar ese acuerdo bilateral y dejarlo sin vigencia en un a\u00f1o, como est\u00e1 estipulado en el mismo. El camino cierto es la toma de conciencia para comprender qui\u00e9nes son los que gobiernan en contra de los intereses de los colombianos y darle vuelta a la torta, porque vienen muchos m\u00e1s golpes, incluso peores.<\/p>\n<p>Notas:<\/p>\n<ul>\n<li><a href=\"http:\/\/www.wipo.int\/edocs\/lexdocs\/treaties\/es\/co-es\/trt_co_es.pdf\">(1) http:\/\/www.wipo.int\/edocs\/lexdocs\/treaties\/es\/co-es\/trt_co_es.pdf<\/a><\/li>\n<li><a href=\"https:\/\/cincodias.elpais.com\/cincodias\/2018\/04\/10\/companias\/1523369757_150330.html\">(2)https:\/\/cincodias.elpais.com\/cincodias\/2018\/04\/10\/companias\/1523369757_150330.html<\/a><\/li>\n<li><a href=\"https:\/\/alnavio.com\/noticia\/13120\/economia\/las-inversiones-de-espana-en-colombia-superan-a-las-de-eeuu-por-primera-vez-en-17-anos.html\">(3)https:\/\/alnavio.com\/noticia\/13120\/economia\/las-inversiones-de-espana-en-colombia-superan-a-las-de-eeuu-por-primera-vez-en-17-anos.html<\/a><\/li>\n<li>(4)(<a href=\"http:\/\/www.colombiaenespana.com\/p\/negocios-colombianos-en-espana.html\">http:\/\/www.colombiaenespana.com\/p\/negocios-colombianos-en-espana.html<\/a>)<\/li>\n<\/ul>\n<p><a href=\"https:\/\/www.uncitral.org\/pdf\/spanish\/texts\/arbitration\/ml-arb\/07-87001_Ebook.pdf\">(5)https:\/\/www.uncitral.org\/pdf\/spanish\/texts\/arbitration\/ml-arb\/07-87001_Ebook.pdf<\/a><\/p>\n","protected":false},"excerpt":{"rendered":"<p>Norman Alarc\u00f3n Rodas, Barranquilla, julio 31 de 2018 A fines del a\u00f1o 2000, la trasnacional espa\u00f1ola Uni\u00f3n Fenosa compr\u00f3 la mayor\u00eda accionaria de las electrificadoras de la Costa al consorcio Houston Industries con sede en Caracas por un valor aproximado de 500 millones de d\u00f3lares. El consorcio las hab\u00eda adquirido a un precio mucho mayor [&hellip;]<\/p>\n","protected":false},"author":1,"featured_media":15549,"comment_status":"open","ping_status":"open","sticky":false,"template":"","format":"standard","meta":{"advanced_seo_description":"","jetpack_seo_html_title":"","jetpack_seo_noindex":false,"_jetpack_memberships_contains_paid_content":false,"footnotes":""},"categories":[102,97,105,98,108],"tags":[],"class_list":["post-15548","post","type-post","status-publish","format-standard","has-post-thumbnail","hentry","category-economia","category-imperialismo-y-neoliberalismo","category-internacional-articulos-de-actualidad","category-politica","category-servicios-publicos-articulos-de-actualidad"],"jetpack_featured_media_url":"https:\/\/i0.wp.com\/moir.com.co\/web\/wp-content\/uploads\/2018\/08\/electricaribefenosa.jpeg?fit=306%2C165&ssl=1","jetpack-related-posts":[{"id":11052,"url":"https:\/\/moir.com.co\/web\/que-intervencion-de-electricaribe-no-incluya-darle-billones-a-gas-natural-fenosa-robledo-2\/","url_meta":{"origin":15548,"position":0},"title":"Que intervenci\u00f3n de Electricaribe no incluya darle billones a Gas Natural Fenosa: Robledo","author":"admin","date":"noviembre 15, 2016","format":false,"excerpt":"Oficina de prensa del senador Jorge Enrique Robledo, Bogot\u00e1, noviembre 15 de 2016 El senador Jorge Enrique Robledo se pronunci\u00f3 sobre la intervenci\u00f3n de Electricaribe por parte del gobierno nacional. Robledo, quien ya hab\u00eda solicitado la intervenci\u00f3n de la trasnacional con miras a su liquidaci\u00f3n, alert\u00f3 desde su cuenta de\u2026","rel":"","context":"En \u00abEconom\u00eda\u00bb","block_context":{"text":"Econom\u00eda","link":"https:\/\/moir.com.co\/web\/category\/temas\/economia\/"},"img":{"alt_text":"","src":"https:\/\/i0.wp.com\/moir.com.co\/web\/wp-content\/uploads\/2016\/10\/robledosenado2016.jpg?fit=600%2C400&ssl=1&resize=350%2C200","width":350,"height":200,"srcset":"https:\/\/i0.wp.com\/moir.com.co\/web\/wp-content\/uploads\/2016\/10\/robledosenado2016.jpg?fit=600%2C400&ssl=1&resize=350%2C200 1x, https:\/\/i0.wp.com\/moir.com.co\/web\/wp-content\/uploads\/2016\/10\/robledosenado2016.jpg?fit=600%2C400&ssl=1&resize=525%2C300 1.5x"},"classes":[]},{"id":11083,"url":"https:\/\/moir.com.co\/web\/el-fracaso-de-gas-natural-fenosa\/","url_meta":{"origin":15548,"position":1},"title":"El fracaso de Gas Natural Fenosa","author":"admin","date":"noviembre 18, 2016","format":false,"excerpt":"Alberto Luna \u00c1vila, Diario La Libertad, Barranquilla, noviembre 18 de 2016 \u201cLa verdad es que no s\u00e9 por qu\u00e9 son las protestas, yo vengo de muchos pa\u00edses y en todos se nota el progreso, en las ciudades en donde estamos se ve el desarrollo, o sea que el nivel de\u2026","rel":"","context":"En \u00abEconom\u00eda\u00bb","block_context":{"text":"Econom\u00eda","link":"https:\/\/moir.com.co\/web\/category\/temas\/economia\/"},"img":{"alt_text":"","src":"","width":0,"height":0},"classes":[]},{"id":14220,"url":"https:\/\/moir.com.co\/web\/coalicion-colombia-rechaza-recorte-de-subsidios-y-regreso-de-gas-natural-fenosa-a-electricaribe\/","url_meta":{"origin":15548,"position":2},"title":"Coalici\u00f3n Colombia rechaza recorte de subsidios y regreso de Gas Natural Fenosa a Electricaribe","author":"admin","date":"enero 11, 2018","format":false,"excerpt":"Coalici\u00f3n Colombia del Atl\u00e1ntico, Barranquilla, enero 11 de 2018 En el inicio del a\u00f1o 2018 se ciernen nubarrones sobre el servicio el\u00e9ctrico de la Costa Atl\u00e1ntica, cuando lo que se requiere es encontrar soluciones favorables a los m\u00e1s de diez millones de habitantes de la regi\u00f3n y de su sector\u2026","rel":"","context":"En \u00abEconom\u00eda\u00bb","block_context":{"text":"Econom\u00eda","link":"https:\/\/moir.com.co\/web\/category\/temas\/economia\/"},"img":{"alt_text":"","src":"","width":0,"height":0},"classes":[]},{"id":10922,"url":"https:\/\/moir.com.co\/web\/carta-del-senador-robledo-al-presidente-santos-inadmisible-apagon-de-electricaribe-en-la-costa\/","url_meta":{"origin":15548,"position":3},"title":"Carta del senador Robledo al presidente Santos: inadmisible apag\u00f3n de Electricaribe en la costa","author":"admin","date":"noviembre 8, 2016","format":false,"excerpt":"Senador Jorge Enrique Robledo, Bogot\u00e1, noviembre 8 de 2016 Doctor JUAN MANUEL SANTOS Presidente de la Republica de Colombia Ciudad Ref. No puede permitirse que Electricaribe apague la Costa. Cordial salud: El gobierno debe tomar las determinaciones que sean del caso para impedir que, por culpa de la trasnacional Electricaribe\u2026","rel":"","context":"En \u00abEconom\u00eda\u00bb","block_context":{"text":"Econom\u00eda","link":"https:\/\/moir.com.co\/web\/category\/temas\/economia\/"},"img":{"alt_text":"","src":"","width":0,"height":0},"classes":[]},{"id":10311,"url":"https:\/\/moir.com.co\/web\/que-carones-electricaribe-nos-demando\/","url_meta":{"origin":15548,"position":4},"title":"\u00a1Qu\u00e9 carones! Electricaribe nos demand\u00f3","author":"admin","date":"agosto 16, 2016","format":false,"excerpt":"El exministro de Minas y Energ\u00eda y actual presidente de la Federaci\u00f3n Nacional de Departamentos, Amylkar Acosta, denunci\u00f3 los problemas financieros de Electricaribe, sosteniendo que su falta de liquidez no le permitir\u00edan cubrir compromisos con los bancos por cerca de dos billones de pesos, agotando la estrategia del \u201cjineteo\u201d, o\u2026","rel":"","context":"En \u00abTemas\u00bb","block_context":{"text":"Temas","link":"https:\/\/moir.com.co\/web\/category\/temas\/"},"img":{"alt_text":"","src":"","width":0,"height":0},"classes":[]},{"id":11211,"url":"https:\/\/moir.com.co\/web\/encuentro-regional-de-la-costa-sobre-liquidacion-de-electricaribe-sabado-tres-de-diciembre-a-las-900-am\/","url_meta":{"origin":15548,"position":5},"title":"Encuentro Regional de la Costa sobre liquidaci\u00f3n de Electricaribe: s\u00e1bado tres de diciembre a las 9:00 am","author":"admin","date":"noviembre 30, 2016","format":false,"excerpt":"Barranquilla, noviembre 30 de 2016 Despu\u00e9s de dieciocho a\u00f1os de tener el control de la distribuci\u00f3n y comercializaci\u00f3n de la energ\u00eda el\u00e9ctrica en la Costa Atl\u00e1ntica, la trasnacional Gas Natural Fenosa sufri\u00f3 un duro rev\u00e9s al ser intervenida la empresa Electricaribe por la Superintendencia de Servicios P\u00fablicos Domiciliarios. Durante m\u00e1s\u2026","rel":"","context":"En \u00abEconom\u00eda\u00bb","block_context":{"text":"Econom\u00eda","link":"https:\/\/moir.com.co\/web\/category\/temas\/economia\/"},"img":{"alt_text":"","src":"","width":0,"height":0},"classes":[]}],"jetpack_sharing_enabled":true,"_links":{"self":[{"href":"https:\/\/moir.com.co\/web\/wp-json\/wp\/v2\/posts\/15548","targetHints":{"allow":["GET"]}}],"collection":[{"href":"https:\/\/moir.com.co\/web\/wp-json\/wp\/v2\/posts"}],"about":[{"href":"https:\/\/moir.com.co\/web\/wp-json\/wp\/v2\/types\/post"}],"author":[{"embeddable":true,"href":"https:\/\/moir.com.co\/web\/wp-json\/wp\/v2\/users\/1"}],"replies":[{"embeddable":true,"href":"https:\/\/moir.com.co\/web\/wp-json\/wp\/v2\/comments?post=15548"}],"version-history":[{"count":1,"href":"https:\/\/moir.com.co\/web\/wp-json\/wp\/v2\/posts\/15548\/revisions"}],"predecessor-version":[{"id":15550,"href":"https:\/\/moir.com.co\/web\/wp-json\/wp\/v2\/posts\/15548\/revisions\/15550"}],"wp:featuredmedia":[{"embeddable":true,"href":"https:\/\/moir.com.co\/web\/wp-json\/wp\/v2\/media\/15549"}],"wp:attachment":[{"href":"https:\/\/moir.com.co\/web\/wp-json\/wp\/v2\/media?parent=15548"}],"wp:term":[{"taxonomy":"category","embeddable":true,"href":"https:\/\/moir.com.co\/web\/wp-json\/wp\/v2\/categories?post=15548"},{"taxonomy":"post_tag","embeddable":true,"href":"https:\/\/moir.com.co\/web\/wp-json\/wp\/v2\/tags?post=15548"}],"curies":[{"name":"wp","href":"https:\/\/api.w.org\/{rel}","templated":true}]}}