{"id":15540,"date":"2018-07-30T14:08:47","date_gmt":"2018-07-30T14:08:47","guid":{"rendered":"https:\/\/moir.org.co\/web\/?p=15540"},"modified":"2018-07-30T14:08:47","modified_gmt":"2018-07-30T14:08:47","slug":"limites-a-la-protesta-social-dictadura","status":"publish","type":"post","link":"https:\/\/moir.com.co\/web\/limites-a-la-protesta-social-dictadura\/","title":{"rendered":"L\u00edmites a la protesta social: dictadura"},"content":{"rendered":"<p><strong>Jos\u00e9 Arlex Arias, Cartagena, julio 30 de 2018<\/strong><\/p>\n<p>A cuentagotas, para entretener a la galer\u00eda a trav\u00e9s de sus \u00e1ureos medios de comunicaci\u00f3n, el presidente electo, Iv\u00e1n Duque M\u00e1rquez, dio a conocer el gabinete ministerial, que tendr\u00e1 como misi\u00f3n implementar a fondo el modelo neoliberal en aspectos pendientes en los compromisos con EEUU y las multinacionales, suscritos en los Tratados Bilaterales de Libre Comercio y en los acuerdos de la Organizaci\u00f3n para la Cooperaci\u00f3n del Desarrollo Econ\u00f3mico \u2013OCDE\u2013, as\u00ed como en la Organizaci\u00f3n del Tratado del Atl\u00e1ntico Norte \u2013OTAN\u2013. En ellos se comprometi\u00f3 al pa\u00eds a abrir sus fronteras en todos los niveles. Es por eso que las caracter\u00edsticas principales de ese equipo que &#8220;defender\u00e1 los intereses extranjeros por encima de los de la Naci\u00f3n&#8221;, son su dogmatismo del libre comercio, su preferencia por los negocios hasta el punto que sean o hayan sido representantes de gremios econ\u00f3micos y la obsecuencia por el patr\u00f3n del Centro Democr\u00e1tico, \u00c1lvaro Uribe V\u00e9lez.<\/p>\n<p>&nbsp;<\/p>\n<p>Como lo advirti\u00f3 Francisco Mosquera, fundador del MOIR, en vista de que &#8220;vienen por el tejar y la que teje&#8221;, dicho equipo de gobierno debe tener la suficiente capacidad de enga\u00f1o para que los pobres se mueran de hambre pero felices, esto es &#8220;coraz\u00f3n grande&#8221;; pero adem\u00e1s, debe tener &#8220;los h\u00edgados suficientes&#8221; para imponer a la fuerza sus planes maquiav\u00e9licos contra la poblaci\u00f3n, o sea &#8220;el pulso firme&#8221;. Ese &#8220;coraz\u00f3n grande y pulso firme&#8221; que Duque hereda de su jefe Uribe es lo que se perfila en dicho gabinete, que buscar\u00e1 hacer recaer, a\u00fan m\u00e1s, la crisis en los bolsillos de los asalariados, a trav\u00e9s de las reformas tributaria, de pensiones y pol\u00edtica para continuar la conspiraci\u00f3n contra el pa\u00eds por la v\u00eda de profundizar las privatizaciones de derechos fundamentales y de empresas estatales rentables.<\/p>\n<p>&nbsp;<\/p>\n<p>Uno de los que primero habl\u00f3 dejando ver las procaces intenciones del gobierno Duque \u2013se debi\u00f3 llevar un rega\u00f1o por imprudente\u2013 fue el negociante de mercanc\u00edas Guillermo Botero Nieto, que en la ruleta de la fortuna le correspondi\u00f3 ser ministro de Defensa. Seg\u00fan Lasillavac\u00eda &#8220;Botero es hijo del comerciante antioque\u00f1o Lorenzo Botero Jaramillo, fundador de la Federaci\u00f3n Nacional de Comerciantes (Fenalco), entidad a cuya junta directiva entr\u00f3 en 1985 y de la que es presidente desde 2003&#8230; Uribe lo nombr\u00f3 su representante en las juntas directivas de La Nueva EPS y de la C\u00e1mara de Comercio de Bogot\u00e1&#8221;.<\/p>\n<p>&nbsp;<\/p>\n<p>El d\u00eda de su designaci\u00f3n, Botero afirm\u00f3 que se va a reglamentar la protesta social: \u201cEn el \u00e1mbito social, respetamos la protesta social, pero tambi\u00e9n creemos que<strong>\u00a0debe ser una protesta ordenada que verdaderamente represente los intereses de todos los colombianos y no solo de un peque\u00f1o grupo\u201d<\/strong><strong>,<\/strong> se\u00f1al\u00f3 en la Cumbre Concordia Am\u00e9ricas. Se trata de continuar criminalizando la protesta social, ya de por s\u00ed limitada en el art\u00edculo 37 de la Constituci\u00f3n Pol\u00edtica Nacional y en la ley 1801 del 29 de julio de 2016 o C\u00f3digo Nacional de Polic\u00eda y Convivencia, con los cuales se han cometido todo tipo de asesinatos, atropellos y persecuci\u00f3n contra la poblaci\u00f3n. Mientras se\u00f1alan a gobiernos vecinos como dictadores, limitan las libertades democr\u00e1ticas de los colombianos. \u00a1Para los medios de comunicaci\u00f3n el silencio es elocuente!<\/p>\n","protected":false},"excerpt":{"rendered":"<p>Jos\u00e9 Arlex Arias, Cartagena, julio 30 de 2018 A cuentagotas, para entretener a la galer\u00eda a trav\u00e9s de sus \u00e1ureos medios de comunicaci\u00f3n, el presidente electo, Iv\u00e1n Duque M\u00e1rquez, dio a conocer el gabinete ministerial, que tendr\u00e1 como misi\u00f3n implementar a fondo el modelo neoliberal en aspectos pendientes en los compromisos con EEUU y las [&hellip;]<\/p>\n","protected":false},"author":1,"featured_media":15541,"comment_status":"open","ping_status":"open","sticky":false,"template":"","format":"standard","meta":{"advanced_seo_description":"","jetpack_seo_html_title":"","jetpack_seo_noindex":false,"_jetpack_memberships_contains_paid_content":false,"footnotes":""},"categories":[102,97,98],"tags":[],"class_list":["post-15540","post","type-post","status-publish","format-standard","has-post-thumbnail","hentry","category-economia","category-imperialismo-y-neoliberalismo","category-politica"],"jetpack_featured_media_url":"https:\/\/i0.wp.com\/moir.com.co\/web\/wp-content\/uploads\/2018\/07\/represionprotestasocial.jpg?fit=881%2C640&ssl=1","jetpack-related-posts":[{"id":1867,"url":"https:\/\/moir.com.co\/web\/por-una-universidad-de-pamplona-realmente-publica-democratica-y-al-servicio-de-todos\/","url_meta":{"origin":15540,"position":0},"title":"POR UNA UNIVERSIDAD DE PAMPLONA REALMENTE P\u00daBLICA, DEMOCR\u00c1TICA Y AL SERVICIO DE TODOS","author":"admin","date":"febrero 20, 2007","format":false,"excerpt":"Organizaci\u00f3n Colombiana de Estudiantes, OCE PROPUESTA DE TRABAJO 2007 Compa\u00f1eras y compa\u00f1eros estudiantes: la OCE les brinda un fraterno saludo de bienvenida a nuestra universidad y al municipio de Pamplona, para quienes vienen de otras regiones del pa\u00eds. Los invita asimismo a que reflexionen sobre la p\u00e9sima situaci\u00f3n de nuestro\u2026","rel":"","context":"En \u00abJuventud Patri\u00f3tica\u00bb","block_context":{"text":"Juventud Patri\u00f3tica","link":"https:\/\/moir.com.co\/web\/category\/juventud-patriotica\/"},"img":{"alt_text":"","src":"","width":0,"height":0},"classes":[]},{"id":15331,"url":"https:\/\/moir.com.co\/web\/la-oposicion-al-presidente-duque\/","url_meta":{"origin":15540,"position":1},"title":"La oposici\u00f3n al presidente Duque","author":"admin","date":"junio 25, 2018","format":false,"excerpt":"Jos\u00e9 Arlex Arias, Cartagena, junio 25 de 2018 El 17 de este mes se realiz\u00f3 la elecci\u00f3n, en segunda vuelta, del presidente de Colombia, con un potencial de votantes de 36.783.940 y con una participaci\u00f3n del 53,04%, esto es 19.511.108, que es un nuevo r\u00e9cord para este evento; los colombianos\u2026","rel":"","context":"En \u00abEconom\u00eda\u00bb","block_context":{"text":"Econom\u00eda","link":"https:\/\/moir.com.co\/web\/category\/temas\/economia\/"},"img":{"alt_text":"","src":"","width":0,"height":0},"classes":[]},{"id":15294,"url":"https:\/\/moir.com.co\/web\/ocde-otan-brazos-de-una-recolonizacion\/","url_meta":{"origin":15540,"position":2},"title":"OCDE &#8211; OTAN: brazos de una recolonizaci\u00f3n","author":"admin","date":"junio 18, 2018","format":false,"excerpt":"Jos\u00e9 Arlex Arias, Cartagena, junio 18 de 2018 El imperialismo norteamericano existe; adem\u00e1s, tiene las instituciones con las que sienta sus reales en sus neocolonias, las cuales act\u00faan como sus brazos ideol\u00f3gico, econ\u00f3mico y armado. La Organizaci\u00f3n para la Cooperaci\u00f3n del Desarrollo Econ\u00f3mico \u2013OCDE\u2013, seg\u00fan Wikipedia: \"es la sucesora de\u2026","rel":"","context":"En \u00abImperialismo y Neoliberalismo\u00bb","block_context":{"text":"Imperialismo y Neoliberalismo","link":"https:\/\/moir.com.co\/web\/category\/temas\/imperialismo-y-neoliberalismo\/"},"img":{"alt_text":"","src":"","width":0,"height":0},"classes":[]},{"id":15362,"url":"https:\/\/moir.com.co\/web\/la-izquierda-de-la-derecha\/","url_meta":{"origin":15540,"position":3},"title":"La izquierda de la derecha","author":"admin","date":"julio 3, 2018","format":false,"excerpt":"Jos\u00e9 Arlex Arias, Cartagena, julio 3 de 2018 Hay t\u00e9rminos que se aplican a las personas dependiendo de si se les quiere ensalzar o perjudicar; incluso le otorgan a un personaje una connotaci\u00f3n que nunca ha tenido. Seg\u00fan Wikipedia, \"El t\u00e9rmino\u00a0izquierda pol\u00edtica, como el de\u00a0derecha pol\u00edtica, tiene su origen hist\u00f3rico\u2026","rel":"","context":"En \u00abEconom\u00eda\u00bb","block_context":{"text":"Econom\u00eda","link":"https:\/\/moir.com.co\/web\/category\/temas\/economia\/"},"img":{"alt_text":"","src":"","width":0,"height":0},"classes":[]},{"id":19475,"url":"https:\/\/moir.com.co\/web\/el-cambio-es-en-serio\/","url_meta":{"origin":15540,"position":4},"title":"El cambio es en serio","author":"admin","date":"febrero 19, 2022","format":false,"excerpt":"Jos\u00e9 Arlex Arias, Cartagena, febrero 14 de 2022 Los grupos econ\u00f3micos due\u00f1os de los grandes medios de comunicaci\u00f3n y de la mayor\u00eda de las encuestadoras, son los que terminan eligiendo al Gobierno de Colombia. Trazan la estrategia que permita hacer creer que existe una democracia \u201cprofunda\u201d, impulsan candidaturas impuestas por\u2026","rel":"","context":"En \u00abAgro\u00bb","block_context":{"text":"Agro","link":"https:\/\/moir.com.co\/web\/category\/temas\/agro\/"},"img":{"alt_text":"","src":"https:\/\/i0.wp.com\/moir.com.co\/web\/wp-content\/uploads\/2018\/11\/ocde3.jpg?fit=720%2C601&ssl=1&resize=350%2C200","width":350,"height":200,"srcset":"https:\/\/i0.wp.com\/moir.com.co\/web\/wp-content\/uploads\/2018\/11\/ocde3.jpg?fit=720%2C601&ssl=1&resize=350%2C200 1x, https:\/\/i0.wp.com\/moir.com.co\/web\/wp-content\/uploads\/2018\/11\/ocde3.jpg?fit=720%2C601&ssl=1&resize=525%2C300 1.5x, https:\/\/i0.wp.com\/moir.com.co\/web\/wp-content\/uploads\/2018\/11\/ocde3.jpg?fit=720%2C601&ssl=1&resize=700%2C400 2x"},"classes":[]},{"id":4644,"url":"https:\/\/moir.com.co\/web\/bienvenidos-a-la-universidad-distrital\/","url_meta":{"origin":15540,"position":5},"title":"Bienvenidos a la Universidad Distrital","author":"admin","date":"agosto 12, 2010","format":false,"excerpt":"Si algo caracteriza a este gobierno, es el amoldamiento de cada una de las estructuras fundamentales de la sociedad a sus pol\u00edticas. En Colombia se inici\u00f3 en 1990, acompasado con la Constituci\u00f3n Pol\u00edtica, que amold\u00f3 la educaci\u00f3n a las determinaciones del mercado y el neoliberalismo. La educaci\u00f3n ha sufrido un\u2026","rel":"","context":"Entrada similar","block_context":{"text":"Entrada similar","link":""},"img":{"alt_text":"","src":"","width":0,"height":0},"classes":[]}],"jetpack_sharing_enabled":true,"_links":{"self":[{"href":"https:\/\/moir.com.co\/web\/wp-json\/wp\/v2\/posts\/15540","targetHints":{"allow":["GET"]}}],"collection":[{"href":"https:\/\/moir.com.co\/web\/wp-json\/wp\/v2\/posts"}],"about":[{"href":"https:\/\/moir.com.co\/web\/wp-json\/wp\/v2\/types\/post"}],"author":[{"embeddable":true,"href":"https:\/\/moir.com.co\/web\/wp-json\/wp\/v2\/users\/1"}],"replies":[{"embeddable":true,"href":"https:\/\/moir.com.co\/web\/wp-json\/wp\/v2\/comments?post=15540"}],"version-history":[{"count":1,"href":"https:\/\/moir.com.co\/web\/wp-json\/wp\/v2\/posts\/15540\/revisions"}],"predecessor-version":[{"id":15542,"href":"https:\/\/moir.com.co\/web\/wp-json\/wp\/v2\/posts\/15540\/revisions\/15542"}],"wp:featuredmedia":[{"embeddable":true,"href":"https:\/\/moir.com.co\/web\/wp-json\/wp\/v2\/media\/15541"}],"wp:attachment":[{"href":"https:\/\/moir.com.co\/web\/wp-json\/wp\/v2\/media?parent=15540"}],"wp:term":[{"taxonomy":"category","embeddable":true,"href":"https:\/\/moir.com.co\/web\/wp-json\/wp\/v2\/categories?post=15540"},{"taxonomy":"post_tag","embeddable":true,"href":"https:\/\/moir.com.co\/web\/wp-json\/wp\/v2\/tags?post=15540"}],"curies":[{"name":"wp","href":"https:\/\/api.w.org\/{rel}","templated":true}]}}