{"id":15538,"date":"2018-07-30T13:58:48","date_gmt":"2018-07-30T13:58:48","guid":{"rendered":"https:\/\/moir.org.co\/web\/?p=15538"},"modified":"2018-07-30T13:58:48","modified_gmt":"2018-07-30T13:58:48","slug":"la-democracia-cafetera","status":"publish","type":"post","link":"https:\/\/moir.com.co\/web\/la-democracia-cafetera\/","title":{"rendered":"La Democracia Cafetera"},"content":{"rendered":"<p><strong>Libardo G\u00f3mez S\u00e1nchez, Neiva, julio 30 de 2018<\/strong><\/p>\n<p>La mayor\u00eda de quienes disfrutamos del exquisito sabor y aroma de una tasa de buen caf\u00e9, no conocemos los enormes sacrificios que deben realizar aquellos que preparan el almacigo, siembran los surcos, los mantienen limpios, abonan y cosechan luego de luchar contra las plagas que infestan los cultivos. En Colombia la suerte de los cafeteros afecta un universo de m\u00e1s de medio mill\u00f3n de familias y para el departamento del Huila resulta de especial inter\u00e9s el futuro de la rubi\u00e1cea, por cuanto m\u00e1s de ochenta mil familias dependen de esta producci\u00f3n de manera directa y 35 de los 37 municipios soportan una parte sustancial de su econom\u00eda en la cosecha de caf\u00e9.<\/p>\n<p>La pobreza es la mejor descripci\u00f3n de quienes se dedican al cultivo del caf\u00e9; parad\u00f3jicamente disponen de una organizaci\u00f3n nacional de varias d\u00e9cadas, la Federaci\u00f3n de Cafeteros, que elegir\u00e1 los miembros de los comit\u00e9s municipales y departamentales, el 8 y 9 de septiembre; los atribulados productores podr\u00e1n acercarse a las urnas instaladas en 17 departamentos en los que se siembra caf\u00e9; coincide este proceso con un momento cr\u00edtico de la actividad, por elevados costos de producci\u00f3n e \u00a0ingresos a la baja por la ca\u00edda de los precios internacionales, como consecuencia de la manipulaci\u00f3n que de ellos hacen las multinacionales que controlan el mercado mundial, pues los productores no influyen en las reglas del intercambio global.<\/p>\n<p>Los Comit\u00e9s ya no disponen de los recursos de otras \u00e9pocas con las que colaboraron en la construcci\u00f3n de la infraestructura de los municipios y constru\u00edan escuelas, centros de salud, acueductos rurales, v\u00edas terciarias, redes de electrificaci\u00f3n, centros de acopio, infraestructura de secado y beneficio, capacitaci\u00f3n y asistencia t\u00e9cnica, subsidio para insumos agropecuarios, investigaci\u00f3n y un largo etc\u00e9tera que ya no van por sus apreturas presupuestales.<\/p>\n<p>Mientras Trump ordena la transferencia de doce mil millones de d\u00f3lares adicionales a los productores afectados por la guerra comercial que ha declarado a China y la UE, nuestro gobierno se empecina en negar precio de sustentaci\u00f3n para los cafeteros, con el falaz argumento de que en el libre comercio cada quien es responsable de su destino y as\u00ed haciendo gala de una irresponsabilidad absoluta, los recursos para el agro cada a\u00f1o son inferiores al anterior.<\/p>\n<p>Las elecciones de sus representantes, sin embargo, podr\u00edan conducir a un nuevo cap\u00edtulo en el futuro de la caficultura, si quienes lleguen a estos organismos propician el reclamo democr\u00e1tico por una pol\u00edtica de apoyo, contrario al secular abandono que han sufrido.<\/p>\n","protected":false},"excerpt":{"rendered":"<p>Libardo G\u00f3mez S\u00e1nchez, Neiva, julio 30 de 2018 La mayor\u00eda de quienes disfrutamos del exquisito sabor y aroma de una tasa de buen caf\u00e9, no conocemos los enormes sacrificios que deben realizar aquellos que preparan el almacigo, siembran los surcos, los mantienen limpios, abonan y cosechan luego de luchar contra las plagas que infestan los [&hellip;]<\/p>\n","protected":false},"author":1,"featured_media":15087,"comment_status":"open","ping_status":"open","sticky":false,"template":"","format":"standard","meta":{"advanced_seo_description":"","jetpack_seo_html_title":"","jetpack_seo_noindex":false,"_jetpack_memberships_contains_paid_content":false,"footnotes":""},"categories":[114,102,97,98],"tags":[],"class_list":["post-15538","post","type-post","status-publish","format-standard","has-post-thumbnail","hentry","category-agro","category-economia","category-imperialismo-y-neoliberalismo","category-politica"],"jetpack_featured_media_url":"https:\/\/i0.wp.com\/moir.com.co\/web\/wp-content\/uploads\/2018\/05\/cafe3.jpg?fit=358%2C262&ssl=1","jetpack-related-posts":[{"id":16013,"url":"https:\/\/moir.com.co\/web\/presidente-duque-no-se-burle-mas-de-los-cafeteros-robledo\/","url_meta":{"origin":15538,"position":0},"title":"Presidente Duque, no se burle m\u00e1s de los cafeteros: Robledo","author":"admin","date":"septiembre 26, 2018","format":false,"excerpt":"Oficina de prensa del senador Jorge Enrique Robledo, Bogot\u00e1, septiembre 25 de 2018 560 mil familias sufren por la crisis cafetera; se necesitan 800 mil millones; Duque desaprovech\u00f3 la visita a la ONU \u201cLos cafeteros colombianos necesitan respaldo del gobierno pero que sea suficiente y les llegue ya,\u201d expres\u00f3 el\u2026","rel":"","context":"En \u00abAgro\u00bb","block_context":{"text":"Agro","link":"https:\/\/moir.com.co\/web\/category\/temas\/agro\/"},"img":{"alt_text":"","src":"https:\/\/i0.wp.com\/moir.com.co\/web\/wp-content\/uploads\/2018\/09\/cafeterosdebaterobledo2018.png?fit=555%2C465&ssl=1&resize=350%2C200","width":350,"height":200,"srcset":"https:\/\/i0.wp.com\/moir.com.co\/web\/wp-content\/uploads\/2018\/09\/cafeterosdebaterobledo2018.png?fit=555%2C465&ssl=1&resize=350%2C200 1x, https:\/\/i0.wp.com\/moir.com.co\/web\/wp-content\/uploads\/2018\/09\/cafeterosdebaterobledo2018.png?fit=555%2C465&ssl=1&resize=525%2C300 1.5x"},"classes":[]},{"id":3871,"url":"https:\/\/moir.com.co\/web\/cafe-amargo\/","url_meta":{"origin":15538,"position":1},"title":"Caf\u00e9 amargo","author":"admin","date":"diciembre 19, 2009","format":false,"excerpt":"Un h\u00e1bito muy colombiano es tomar una buena taza de tinto en la ma\u00f1ana tan pronto se inicia la jornada. A pesar de que un poco m\u00e1s de medio mill\u00f3n de familias se dedican al cultivo de la rubi\u00e1cea muchos compatriotas desconocen todas las afugias que viven los caficultores por\u2026","rel":"","context":"En \u00abTemas\u00bb","block_context":{"text":"Temas","link":"https:\/\/moir.com.co\/web\/category\/temas\/"},"img":{"alt_text":"","src":"","width":0,"height":0},"classes":[]},{"id":1937,"url":"https:\/\/moir.com.co\/web\/otra-riqueza-arrebatada-al-pueblo\/","url_meta":{"origin":15538,"position":2},"title":"OTRA RIQUEZA ARREBATADA AL PUEBLO","author":"admin","date":"mayo 3, 2007","format":false,"excerpt":"Amalia Iriarte; T. R. 28, Agosto 15 de 1977 Abriendo trochas a trav\u00e9s de las cordilleras, tumbando monte y sembrando las vertientes m\u00e1s empinadas, el pueblo construy\u00f3 las zonas cafeteras de 16 departamentos, y desde hace siglo y medio planta, abona, desyerba los cafetos, recoge y beneficia el grano. Hacia\u2026","rel":"","context":"Entrada similar","block_context":{"text":"Entrada similar","link":""},"img":{"alt_text":"","src":"","width":0,"height":0},"classes":[]},{"id":20323,"url":"https:\/\/moir.com.co\/web\/la-bonanza-cafetera-otra-riqueza-arrebatada-al-pueblo\/","url_meta":{"origin":15538,"position":3},"title":"LA &#8220;BONANZA&#8221; CAFETERA: OTRA RIQUEZA ARREBATADA AL PUEBLO","author":"admin","date":"octubre 21, 2004","format":false,"excerpt":"Abriendo trochas a trav\u00e9s de las cordilleras, tumbando monte y sembrando las vertientes m\u00e1s empinadas, el pueblo construy\u00f3 las zonas cafeteras de 16 departamentos, y desde hace siglo y medio planta, abona y desyerba los cafetos, recoge y beneficia el grano. Hacia 1830 Colombia empez\u00f3 a exportar caf\u00e9 y al\u2026","rel":"","context":"En \u00abTribuna Roja N\u00ba 28, Bogot\u00e1, agosto de 1977\u00bb","block_context":{"text":"Tribuna Roja N\u00ba 28, Bogot\u00e1, agosto de 1977","link":"https:\/\/moir.com.co\/web\/category\/tribuna-roja\/ediciones-1975-1979\/tribuna-roja-no-28-bogota-agosto-de-1977\/"},"img":{"alt_text":"","src":"","width":0,"height":0},"classes":[]},{"id":20414,"url":"https:\/\/moir.com.co\/web\/la-roya-miseria-de-muchos-riqueza-de-pocos\/","url_meta":{"origin":15538,"position":4},"title":"LA ROYA: MISERIA DE MUCHOS, RIQUEZA DE POCOS","author":"admin","date":"noviembre 16, 2004","format":false,"excerpt":"Cuando en abril de 1970 se difundi\u00f3 la noticia de la llegada de la roya del cafeto al Brasil, los agricultores de Colombia supieron que en el futuro tendr\u00edan que v\u00e9rselas con el terrible flagelo,pues ya no habr\u00eda barrera natural que impidiera a las esporas causantes de la enfermedad caer\u2026","rel":"","context":"En \u00abTribuna Roja N\u00ba 47, Bogot\u00e1, febrero de 1984\u00bb","block_context":{"text":"Tribuna Roja N\u00ba 47, Bogot\u00e1, febrero de 1984","link":"https:\/\/moir.com.co\/web\/category\/tribuna-roja\/ediciones-1980-1984\/tribuna-roja-no-47-bogota-febrero-de-1984\/"},"img":{"alt_text":"","src":"","width":0,"height":0},"classes":[]},{"id":6763,"url":"https:\/\/moir.com.co\/web\/se-levantaron-mas-de-20-000-voces-cafeteras\/","url_meta":{"origin":15538,"position":5},"title":"\u00a1Se levantaron m\u00e1s de 20.000 voces cafeteras!","author":"admin","date":"agosto 15, 2012","format":false,"excerpt":"En una apote\u00f3sica manifestaci\u00f3n en Manizales m\u00e1s de 20.000 caficultores de todos los rincones del pa\u00eds: de Antioquia, Caldas, Quind\u00edo, Risaralda, Valle, Cauca, Nari\u00f1o, Santander, Cundinamarca, Cesar, Tolima\u2026y del Huila, levantaron su voz de protesta por la cr\u00edtica situaci\u00f3n que atraviesa el gremio \u2013el m\u00e1s importante del sector agr\u00edcola nacional\u2013.\u2026","rel":"","context":"En \u00abTemas\u00bb","block_context":{"text":"Temas","link":"https:\/\/moir.com.co\/web\/category\/temas\/"},"img":{"alt_text":"","src":"","width":0,"height":0},"classes":[]}],"jetpack_sharing_enabled":true,"_links":{"self":[{"href":"https:\/\/moir.com.co\/web\/wp-json\/wp\/v2\/posts\/15538","targetHints":{"allow":["GET"]}}],"collection":[{"href":"https:\/\/moir.com.co\/web\/wp-json\/wp\/v2\/posts"}],"about":[{"href":"https:\/\/moir.com.co\/web\/wp-json\/wp\/v2\/types\/post"}],"author":[{"embeddable":true,"href":"https:\/\/moir.com.co\/web\/wp-json\/wp\/v2\/users\/1"}],"replies":[{"embeddable":true,"href":"https:\/\/moir.com.co\/web\/wp-json\/wp\/v2\/comments?post=15538"}],"version-history":[{"count":1,"href":"https:\/\/moir.com.co\/web\/wp-json\/wp\/v2\/posts\/15538\/revisions"}],"predecessor-version":[{"id":15539,"href":"https:\/\/moir.com.co\/web\/wp-json\/wp\/v2\/posts\/15538\/revisions\/15539"}],"wp:featuredmedia":[{"embeddable":true,"href":"https:\/\/moir.com.co\/web\/wp-json\/wp\/v2\/media\/15087"}],"wp:attachment":[{"href":"https:\/\/moir.com.co\/web\/wp-json\/wp\/v2\/media?parent=15538"}],"wp:term":[{"taxonomy":"category","embeddable":true,"href":"https:\/\/moir.com.co\/web\/wp-json\/wp\/v2\/categories?post=15538"},{"taxonomy":"post_tag","embeddable":true,"href":"https:\/\/moir.com.co\/web\/wp-json\/wp\/v2\/tags?post=15538"}],"curies":[{"name":"wp","href":"https:\/\/api.w.org\/{rel}","templated":true}]}}