{"id":15525,"date":"2018-07-27T20:55:08","date_gmt":"2018-07-27T20:55:08","guid":{"rendered":"https:\/\/moir.org.co\/web\/?p=15525"},"modified":"2018-07-27T20:55:08","modified_gmt":"2018-07-27T20:55:08","slug":"este-26-de-agosto-a-votar-7-veces-si-en-la-consulta-anticorrupcion","status":"publish","type":"post","link":"https:\/\/moir.com.co\/web\/este-26-de-agosto-a-votar-7-veces-si-en-la-consulta-anticorrupcion\/","title":{"rendered":"Este 26 de agosto, a votar 7 veces s\u00ed en la consulta anticorrupci\u00f3n"},"content":{"rendered":"<p><strong>Fabio Andr\u00e9s Pinto, Valledupar, julio 27 de 2018<\/strong><\/p>\n<p>\u201cNo hay colombiano que no sepa que la corrupci\u00f3n en Colombia ha llegado a niveles escandalosos\u201d afirma el senador Jorge Enrique Robledo en su libro La corrupci\u00f3n en el poder (Aguilar, 2016), en el intento de dimensionar el hast\u00edo generalizado con el fen\u00f3meno de la corrupci\u00f3n, cuya descripci\u00f3n es complementada por el contralor Edgardo Maya Villaz\u00f3n cuando afirma que \u201cEn Colombia no hay corrupci\u00f3n, lo que hay es una robadera\u201d.<\/p>\n<p>Y es que la corrupci\u00f3n en Colombia es de tan grandes dimensiones que nos hace figurar en los rankings internacionales en posiciones realmente vergonzosas. Seg\u00fan el \u00cdndice de Competitividad Global del Foro Econ\u00f3mico Mundial (2015-2016), Colombia se ubic\u00f3 en el puesto 126 entre 140 pa\u00edses, correspondiendo el puesto 140 al pa\u00eds m\u00e1s corrupto.<\/p>\n<p>Actores de diversos or\u00edgenes coinciden en que la corrupci\u00f3n en Colombia es un problema sist\u00e9mico, propio del funcionamiento del estado, que ayud\u00e1ndose de las instituciones ha pasado de \u201chacerle trampa a la ley a incluir la trampa en la ley\u201d, como afirma el senador Robledo. De hecho, fen\u00f3menos como el clientelismo y la mermelada son, seg\u00fan el ministro Alejandro Gaviria, consubstanciales a la corrupci\u00f3n (2006), y define al clientelismo como un acuerdo en el que \u201clos partidos pol\u00edticos tradicionales han permitido o tolerado un manejo tecnocr\u00e1tico y centralizado de la macroeconom\u00eda a cambio de una fracci\u00f3n del presupuesto y la burocracia estatal, a cambio de auxilios parlamentarios, partidas regionales y puestos\u201d (2012).<\/p>\n<p>Uno de los esfuerzos actuales por combatir la corrupci\u00f3n en Colombia es la Consulta Anticorrupci\u00f3n, que fue aprobada por el congreso luego de la presentaci\u00f3n de m\u00e1s de 4 millones de firmas, que ha sido liderada por la ex senadora Claudia L\u00f3pez y la senadora Ang\u00e9lica Lozano, y cuya votaci\u00f3n ha sido convocada por decreto para el 26 de agosto.<\/p>\n<p>A \u00e9sta iniciativa se han sumado diversas organizaciones pol\u00edticas, sociales, sindicales y colombianos de todos los or\u00edgenes para impulsar el voto afirmativo por los 7 mandatos que se pretenden adelantar con \u00e9sta consulta, que requiere el voto afirmativo de la mitad m\u00e1s uno de los sufragios v\u00e1lidos (6.037.879 de votos), siempre y cuando hayan participado no menos de 12.075.756 personas.<\/p>\n<p>Entre las preguntas que contiene \u00e9sta consulta se encuentran iniciativas para darle transparencia al ejercicio pol\u00edtico y al manejo del erario como la obligatoriedad de los pliegos tipo en la contrataci\u00f3n p\u00fablica en todos los sectores, presupuestos p\u00fablicos participativos, rendici\u00f3n de cuentas a los congresistas y corporados, declaraci\u00f3n de bienes, patrimonios y rentas a los pol\u00edticos electos mediante voto popular y c\u00e1rcel sin beneficios a los corruptos.<\/p>\n<p>La consulta anticorrupci\u00f3n es una iniciativa formidable que merece el respaldo de todos los colombianos sin distingo de su afiliaci\u00f3n pol\u00edtica, porque, de ser aprobada en su totalidad, ser\u00eda un paso enorme hacia un pa\u00eds m\u00e1s transparente y beneficioso para la ciudadan\u00eda. \u00c9ste 26 de Agosto vota 7 veces s\u00ed.<\/p>\n<p>Extra: la informaci\u00f3n completa sobre la consulta anticorrupci\u00f3n se encuentra en <a href=\"http:\/\/www.vencealcorrupto.com\">www.vencealcorrupto.com<\/a><\/p>\n","protected":false},"excerpt":{"rendered":"<p>Fabio Andr\u00e9s Pinto, Valledupar, julio 27 de 2018 \u201cNo hay colombiano que no sepa que la corrupci\u00f3n en Colombia ha llegado a niveles escandalosos\u201d afirma el senador Jorge Enrique Robledo en su libro La corrupci\u00f3n en el poder (Aguilar, 2016), en el intento de dimensionar el hast\u00edo generalizado con el fen\u00f3meno de la corrupci\u00f3n, cuya [&hellip;]<\/p>\n","protected":false},"author":1,"featured_media":0,"comment_status":"open","ping_status":"open","sticky":false,"template":"","format":"standard","meta":{"advanced_seo_description":"","jetpack_seo_html_title":"","jetpack_seo_noindex":false,"_jetpack_memberships_contains_paid_content":false,"footnotes":""},"categories":[102,97,98],"tags":[],"class_list":["post-15525","post","type-post","status-publish","format-standard","hentry","category-economia","category-imperialismo-y-neoliberalismo","category-politica"],"jetpack_featured_media_url":"","jetpack-related-posts":[{"id":11614,"url":"https:\/\/moir.com.co\/web\/corrupcion-con-cara-y-sello\/","url_meta":{"origin":15525,"position":0},"title":"Corrupci\u00f3n con cara y sello","author":"admin","date":"enero 31, 2017","format":false,"excerpt":"Amaury N\u00fa\u00f1ez Gonz\u00e1lez,\u00a0kienyke.com, enero 31 de 2017 Un personaje de Gabo, que ley\u00f3 una novela policiaca de la \u00faltima p\u00e1gina a la primera, averigu\u00f3 quien fue el asesino que descubri\u00f3 a la v\u00edctima que hab\u00eda asesinado a un detective. Con las corruptelas que se revelan a diario en Colombia, que\u2026","rel":"","context":"En \u00abEconom\u00eda\u00bb","block_context":{"text":"Econom\u00eda","link":"https:\/\/moir.com.co\/web\/category\/temas\/economia\/"},"img":{"alt_text":"","src":"https:\/\/i0.wp.com\/moir.com.co\/web\/wp-content\/uploads\/2016\/12\/mermeladaparatodos.jpeg?fit=650%2C485&ssl=1&resize=350%2C200","width":350,"height":200,"srcset":"https:\/\/i0.wp.com\/moir.com.co\/web\/wp-content\/uploads\/2016\/12\/mermeladaparatodos.jpeg?fit=650%2C485&ssl=1&resize=350%2C200 1x, https:\/\/i0.wp.com\/moir.com.co\/web\/wp-content\/uploads\/2016\/12\/mermeladaparatodos.jpeg?fit=650%2C485&ssl=1&resize=525%2C300 1.5x"},"classes":[]},{"id":11224,"url":"https:\/\/moir.com.co\/web\/la-corrupcion-en-el-poder-el-nuevo-libro-de-jorge-enrique-robledo\/","url_meta":{"origin":15525,"position":1},"title":"La corrupci\u00f3n en el poder: El nuevo libro de Jorge Enrique Robledo","author":"admin","date":"noviembre 30, 2016","format":false,"excerpt":"Oficina de prensa del senador Jorge Enrique Robledo, Bogot\u00e1, noviembre 30 de 2016 * El texto denuncia y llama la atenci\u00f3n sobre las causas y la gravedad de este flagelo que azota al pa\u00eds. * \u201cSe pas\u00f3 de hacerle trampa a la ley a incluir la trampa en la ley,\u2026","rel":"","context":"En \u00abEconom\u00eda\u00bb","block_context":{"text":"Econom\u00eda","link":"https:\/\/moir.com.co\/web\/category\/temas\/economia\/"},"img":{"alt_text":"","src":"https:\/\/i0.wp.com\/moir.com.co\/web\/wp-content\/uploads\/2016\/11\/robledonuevolibrocorrupcion.png?fit=284%2C453&ssl=1&resize=350%2C200","width":350,"height":200},"classes":[]},{"id":11631,"url":"https:\/\/moir.com.co\/web\/corrupcion-y-neoliberalismo-en-colombia\/","url_meta":{"origin":15525,"position":2},"title":"Corrupci\u00f3n y neoliberalismo en Colombia","author":"admin","date":"febrero 3, 2017","format":false,"excerpt":"Dar\u00edo Arenas Villegas, La Patria, Manizales, febrero 2 de 2017 Se volvi\u00f3 costumbre en Colombia que cada nuevo esc\u00e1ndalo de corrupci\u00f3n es peor que el anterior. Los sobornos de la constructora brasile\u00f1a Odebrecht a altos funcionarios de gobierno, congresistas y pol\u00edticos de varios partidos, han generado una ola de indignaci\u00f3n,\u2026","rel":"","context":"En \u00abEconom\u00eda\u00bb","block_context":{"text":"Econom\u00eda","link":"https:\/\/moir.com.co\/web\/category\/temas\/economia\/"},"img":{"alt_text":"","src":"","width":0,"height":0},"classes":[]},{"id":15114,"url":"https:\/\/moir.com.co\/web\/corrupcion-desigualdad-y-educacion-en-colombia\/","url_meta":{"origin":15525,"position":3},"title":"Corrupci\u00f3n, desigualdad y educaci\u00f3n en Colombia","author":"admin","date":"mayo 16, 2018","format":false,"excerpt":"Aurelio Su\u00e1rez Montoya, Bogot\u00e1, mayo 15 de 2018 Colombia perdi\u00f3 6 puestos en el\u00a0ranking del \u00cdndice de Percepci\u00f3n de Corrupci\u00f3n de Transparencia Internacional (CPI)\u00a0de 2016 a 2017. La calificaci\u00f3n de 37 puntos sobre 100, el nivel \u00f3ptimo, ubica al pa\u00eds en el puesto 96, por debajo del promedio mundial de\u2026","rel":"","context":"En \u00abAurelio Su\u00e1rez Montoya\u00bb","block_context":{"text":"Aurelio Su\u00e1rez Montoya","link":"https:\/\/moir.com.co\/web\/category\/bitacoras\/aurelio-suarez-montoya\/"},"img":{"alt_text":"","src":"https:\/\/i0.wp.com\/moir.com.co\/web\/wp-content\/uploads\/2018\/04\/fajardopresidente.png?fit=390%2C390&ssl=1&resize=350%2C200","width":350,"height":200},"classes":[]},{"id":10106,"url":"https:\/\/moir.com.co\/web\/icbf-ejemplo-de-corrupcion-del-sector-privado\/","url_meta":{"origin":15525,"position":4},"title":"ICBF: ejemplo de corrupci\u00f3n del sector privado","author":"admin","date":"abril 25, 2016","format":false,"excerpt":"Cuando el gobierno de Colombia firma el Consenso de Washington, los neoliberales se frotaron las manos en se\u00f1al de que iban por el bot\u00edn de las empresas del Estado y por el patrimonio de la sociedad. Para justificar la sarta de privatizaciones, nos \u201cvendieron\u201d el cuento de que el Estado\u2026","rel":"","context":"En \u00abTemas\u00bb","block_context":{"text":"Temas","link":"https:\/\/moir.com.co\/web\/category\/temas\/"},"img":{"alt_text":"","src":"","width":0,"height":0},"classes":[]},{"id":13357,"url":"https:\/\/moir.com.co\/web\/jorge-robledo-en-mi-gobierno-nos-toca-derrotar-la-corrupcion\/","url_meta":{"origin":15525,"position":5},"title":"Jorge Robledo: \u201cEn mi gobierno nos toca derrotar la corrupci\u00f3n\u201d","author":"admin","date":"septiembre 25, 2017","format":false,"excerpt":"www.kienyke.com, septiembre 24 de 2017 El senador del partido Polo Democr\u00e1tico,\u00a0Jorge Enrique Robledo, anunci\u00f3 su candidatura presidencial para las elecciones de 2018 en representaci\u00f3n de esta colectividad. El anuncio lo realiz\u00f3 en medio de un multitudinario evento que se desarroll\u00f3 en un hotel del centro de Bogot\u00e1 y cont\u00f3 con\u2026","rel":"","context":"En \u00abPol\u00edtica\u00bb","block_context":{"text":"Pol\u00edtica","link":"https:\/\/moir.com.co\/web\/category\/temas\/politica\/"},"img":{"alt_text":"","src":"https:\/\/i0.wp.com\/moir.com.co\/web\/wp-content\/uploads\/2017\/09\/robledokienyke2.png?fit=1024%2C600&ssl=1&resize=350%2C200","width":350,"height":200,"srcset":"https:\/\/i0.wp.com\/moir.com.co\/web\/wp-content\/uploads\/2017\/09\/robledokienyke2.png?fit=1024%2C600&ssl=1&resize=350%2C200 1x, https:\/\/i0.wp.com\/moir.com.co\/web\/wp-content\/uploads\/2017\/09\/robledokienyke2.png?fit=1024%2C600&ssl=1&resize=525%2C300 1.5x, https:\/\/i0.wp.com\/moir.com.co\/web\/wp-content\/uploads\/2017\/09\/robledokienyke2.png?fit=1024%2C600&ssl=1&resize=700%2C400 2x"},"classes":[]}],"jetpack_sharing_enabled":true,"_links":{"self":[{"href":"https:\/\/moir.com.co\/web\/wp-json\/wp\/v2\/posts\/15525","targetHints":{"allow":["GET"]}}],"collection":[{"href":"https:\/\/moir.com.co\/web\/wp-json\/wp\/v2\/posts"}],"about":[{"href":"https:\/\/moir.com.co\/web\/wp-json\/wp\/v2\/types\/post"}],"author":[{"embeddable":true,"href":"https:\/\/moir.com.co\/web\/wp-json\/wp\/v2\/users\/1"}],"replies":[{"embeddable":true,"href":"https:\/\/moir.com.co\/web\/wp-json\/wp\/v2\/comments?post=15525"}],"version-history":[{"count":1,"href":"https:\/\/moir.com.co\/web\/wp-json\/wp\/v2\/posts\/15525\/revisions"}],"predecessor-version":[{"id":15527,"href":"https:\/\/moir.com.co\/web\/wp-json\/wp\/v2\/posts\/15525\/revisions\/15527"}],"wp:attachment":[{"href":"https:\/\/moir.com.co\/web\/wp-json\/wp\/v2\/media?parent=15525"}],"wp:term":[{"taxonomy":"category","embeddable":true,"href":"https:\/\/moir.com.co\/web\/wp-json\/wp\/v2\/categories?post=15525"},{"taxonomy":"post_tag","embeddable":true,"href":"https:\/\/moir.com.co\/web\/wp-json\/wp\/v2\/tags?post=15525"}],"curies":[{"name":"wp","href":"https:\/\/api.w.org\/{rel}","templated":true}]}}