{"id":15511,"date":"2018-07-24T17:04:05","date_gmt":"2018-07-24T17:04:05","guid":{"rendered":"https:\/\/moir.org.co\/web\/?p=15511"},"modified":"2018-07-24T17:04:05","modified_gmt":"2018-07-24T17:04:05","slug":"transcripciones-y-videos-robledo-explica-por-que-el-polo-es-oposicion-al-gobierno-de-duque","status":"publish","type":"post","link":"https:\/\/moir.com.co\/web\/transcripciones-y-videos-robledo-explica-por-que-el-polo-es-oposicion-al-gobierno-de-duque\/","title":{"rendered":"Transcripciones y videos: Robledo explica por qu\u00e9 el Polo es oposici\u00f3n al gobierno de Duque"},"content":{"rendered":"<p><strong>Oficina de prensa del senador Jorge Enrique Robledo, Bogot\u00e1, julio 24 de 2018<\/strong><\/p>\n<ol>\n<li><strong>La candidatura de Mockus representa a la oposici\u00f3n a Duque en el Senado<\/strong><\/li>\n<\/ol>\n<p><em>Por qu\u00e9 es el candidato del Polo a la Presidencia del Senado<\/em><\/p>\n<p>Como es sabido, el Comit\u00e9 Ejecutivo Nacional del Polo Democr\u00e1tico Alternativo decidi\u00f3, desde hace varias semanas, declararse en oposici\u00f3n al gobierno del doctor Iv\u00e1n Duque, como lo hicimos con los gobiernos del doctor \u00c1lvaro Uribe y del doctor Juan Manuel Santos, y b\u00e1sicamente por las mismas razones, porque si se except\u00faa el tema del Proceso de Paz, en todo lo dem\u00e1s son cortados ambos por la misma tijera.<\/p>\n<p>Y como el presidente del Senado al que pretenden elegir en este momento es el vocero de las fuerzas de Iv\u00e1n Duque, ya convertidas adem\u00e1s en una especie de Frente Nacional resucitado para tragedia de Colombia, mal podr\u00edamos votar por \u00e9l. Va a llegar, su vocero, es a adelantar todo lo que realice el programa de gobierno del doctor Iv\u00e1n Duque, programa que el Polo Democr\u00e1tico Alternativo no comparte.<\/p>\n<p>Y en eso hemos coincidido con los dem\u00e1s sectores que nos hemos declarado en oposici\u00f3n. Nos hemos unido tambi\u00e9n en la idea de respaldar la candidatura a la Presidencia del Senado del doctor Antanas Mockus. Es una expresi\u00f3n de nuestro desacuerdo con lo que seguramente va a suceder los pr\u00f3ximos cuatro a\u00f1os en este Congreso.<\/p>\n<p>En el Congreso, y en general en la vida, hemos de actuar siempre con coherencia. Y pensamos que el doctor Antanas Mockus nos representa bien a todos los que estamos en oposici\u00f3n a este gobierno. Y dir\u00eda que probablemente sea este el primer gesto muy claro ante el pa\u00eds de que vamos a hacer esfuerzos por unificarnos en torno a nuestras convicciones y en torno a nuestra oposici\u00f3n al gobierno de Iv\u00e1n Duque, quien lamentablemente, como los gobiernos de sus dos antecesores, en vez de solucionar los problemas, va a terminar agrav\u00e1ndolos.<\/p>\n<p>Esa es nuestra explicaci\u00f3n de por qu\u00e9 vamos a respaldar la candidatura del doctor Antanas Mockus.<\/p>\n<div class=\"jetpack-video-wrapper\"><span class=\"embed-youtube\"><iframe class=\"youtube-player\" src=\"https:\/\/www.youtube.com\/embed\/fQOCJGrOafY?version=3&amp;rel=1&amp;fs=1&amp;autohide=2&amp;showsearch=0&amp;showinfo=1&amp;iv_load_policy=1&amp;start=17&amp;wmode=transparent\" width=\"300\" height=\"150\" allowfullscreen=\"allowfullscreen\" data-ratio=\"0.609375\" data-width=\"640\" data-height=\"390\" data-mce-fragment=\"1\"><\/iframe><\/span><\/div>\n<p>&nbsp;<\/p>\n<ol start=\"2\">\n<li><strong>Malo para el pa\u00eds, Duque est\u00e1 teniendo \u00e9xito en revivir el Frente Nacional<\/strong><\/li>\n<\/ol>\n<p><em>Por qu\u00e9 el Polo votar\u00e1 en blanco para la primera vicepresidencia<\/em><\/p>\n<p>Por las mismas razones que aduje para anunciar el voto a la Presidencia del Senado, en este caso, y tambi\u00e9n coincidimos con los dem\u00e1s sectores que nos hemos declarado en oposici\u00f3n, el Polo anuncia su voto en blanco.<\/p>\n<p>Voy a agregar una idea que es importante. Siempre he tenido la idea de que los peores gobiernos son aquellos que no tienen un buen programa de gobierno y s\u00ed mucha fuerza pol\u00edtica. Y aqu\u00ed se nos est\u00e1n juntando las dos cosas con esta resucitada que le est\u00e1n dando al Frente Nacional. El unanimismo puede conducir a decisiones bastante m\u00e1s equivocadas que las que normalmente se toman. Porque uno de los aspectos positivos de las fuerzas de oposici\u00f3n es poder contener en algo a los malos gobiernos.<\/p>\n<p>Entonces cuando vemos que el doctor Duque ha tenido \u00e9xito en resucitar el Frente Nacional, debemos expresar nuestra preocupaci\u00f3n, y una manera de manifestarlo es este voto en blanco para la Comisi\u00f3n Primera del Senado.<\/p>\n<div class=\"jetpack-video-wrapper\"><span class=\"embed-youtube\"><iframe class=\"youtube-player\" src=\"https:\/\/www.youtube.com\/embed\/by7bx-H49lQ?version=3&amp;rel=1&amp;fs=1&amp;autohide=2&amp;showsearch=0&amp;showinfo=1&amp;iv_load_policy=1&amp;wmode=transparent\" width=\"300\" height=\"150\" allowfullscreen=\"allowfullscreen\" data-ratio=\"0.609375\" data-width=\"640\" data-height=\"390\" data-mce-fragment=\"1\"><\/iframe><\/span><\/div>\n<p>&nbsp;<\/p>\n<ol start=\"3\">\n<li><strong>En 11 minutos, el senador Robledo explica por qu\u00e9 el Polo se declar\u00f3 en oposici\u00f3n a Duque<\/strong><\/li>\n<\/ol>\n<p><em>Constancia ante la plenaria del Senado<\/em><\/p>\n<p>Me van a permitir hacer con alg\u00fan grado de precisi\u00f3n las razones por las cuales el Polo Democr\u00e1tico Alternativo se declar\u00f3 en oposici\u00f3n al gobierno de Iv\u00e1n Duque. Explicar\u00e9 algunas cosas que es bueno que el pa\u00eds entienda. Esa decisi\u00f3n la tom\u00f3 el Comit\u00e9 Ejecutivo Nacional del Polo, no la bancada, sino la jefatura del Partido, hace ya unas tres semanas.<\/p>\n<p>El otro d\u00eda una se\u00f1ora amiga me pregunt\u00f3: doctor Robledo, por qu\u00e9 se declaran en oposici\u00f3n de un presidente que no ha empezado a gobernar. Muy raro me parece. Ustedes c\u00f3mo saben desde ya que no lo va a hacer bien. La inocencia que lleva a tantos seres humanos al cielo. Le expliqu\u00e9 entonces lo mismo que les voy a decir aqu\u00ed, m\u00e1s que a ustedes, avezados en estas lides, a los colombianos.<\/p>\n<p>Nosotros nos declaramos en oposici\u00f3n a Duque fundamentalmente por las mismas razones por las que fuimos oposici\u00f3n al gobierno de \u00c1lvaro Uribe V\u00e9lez y al de Juan Manuel Santos Calder\u00f3n. Fundamentalmente, porque el proyecto de pa\u00eds que defienden estas fuerzas no es nuestro proyecto de pa\u00eds. Tenemos y hemos tenido inmensas divergencias con ellos en pr\u00e1cticamente todos los asuntos medulares de la vida del pa\u00eds. Si son cien los temas, con el gobierno de Uribe tuvimos cien diferencias y con el de Santos 99. Una m\u00e1s con el gobierno de Uribe. A pesar de lo p\u00e9simo que fue el gobierno de Juan Manuel Santos, hay que reconocer que con todas sus limitaciones, el proceso de paz le resolvi\u00f3 un problema grande a Colombia. Y aprovecho para hacerles un llamado grande a los colombianos y en especial a los propios contradictores de ese proceso a que hagamos esfuerzos por doblar la p\u00e1gina. Absurdo que el pa\u00eds se quede pegado de un debate que se puede volver eterno, cuando ya hay resultados tangibles. Se deber\u00edan hacer esfuerzos por avanzar, aun cuando se sigan manteniendo contradicciones y se puedan dejar constancias.<\/p>\n<p>Con Uribe y con Santos no hemos tenido coincidencias ni en empleo, ni en salud, ni en educaci\u00f3n, ni en soberan\u00eda nacional, ni en relaciones internacionales, ni en asuntos de corrupci\u00f3n, ni en relaciones laborales. No pod\u00edamos entonces coincidir con ninguno de los dos. Porque finalmente, como Carlos Gaviria lo repet\u00eda, \u201cal que no sabe para d\u00f3nde va, cualquier bus le sirve\u201d. Y resulta que el Polo s\u00ed tiene un proyecto de pa\u00eds, una idea definida de c\u00f3mo deben ser el agro, la salud, la educaci\u00f3n en una econom\u00eda de mercado, porque este proyecto nuestro no es un proyecto de estirpe socialista, pero s\u00ed un proyecto que cree que hay que desarrollar a Colombia y reducir la desigualdad.<\/p>\n<p>Todo ello nos puso en oposici\u00f3n a esos dos gobiernos. Y son las mismas razones que nos ponen en oposici\u00f3n a este. Traicionar\u00edamos nuestro pensamiento si no nos declaramos en oposici\u00f3n al gobierno de Iv\u00e1n Duque.<\/p>\n<p>Ahora, por qu\u00e9 sabemos de antemano lo que va a suceder en la administraci\u00f3n de Iv\u00e1n Duque. Porque somos estudiosos de la pol\u00edtica. Entonces, con \u00e9l, desde ya puedo se\u00f1alar que tenemos contradicciones inmensas en las teor\u00edas pol\u00edticas. \u00c9l fue primero santista, uribista-santista, defendiendo las posiciones del uribo-santismo, un sector que se parti\u00f3 en dos por el camino, y ambos fruto del Frente Nacional. Nosotros somos una fuerza de ruptura con el Frente Nacional. Ah\u00ed ya tenemos entonces divergencias inmensas.<\/p>\n<p>Conocemos en detalle el programa del doctor Duque. Se lo aseguro a los colombianos. No hay entrevista que \u00e9l haya hecho en cualquier medio de comunicaci\u00f3n que no hayamos le\u00eddo. Observamos todos sus debates, le conocimos todas sus opiniones en el Senado de la Rep\u00fablica, le analizamos su programa de gobierno, y sabemos que lo que \u00e9l quiere para Colombia no es lo que nosotros queremos. Entonces, podemos advertir desde ya que las propuestas que va a adelantar no son las que a nosotros nos interesan.<\/p>\n<p>Su gabinete es algo as\u00ed como tenebroso. Estoy seguro de que ustedes han tomado nota de que es un gabinete de neoliberales radicales, pero adem\u00e1s, armado con una l\u00f3gica plutocr\u00e1tica. Casi que cada ministro representa a un gran poder econ\u00f3mico. Lo plutocr\u00e1tico es lo contrario a lo democr\u00e1tico, y nosotros creemos en lo democr\u00e1tico. Y no es que no pueda haber negocios, pero eso de que a cada poder econ\u00f3mico le entreguen un Ministerio nos parece un p\u00e9simo estilo de gobernar. No creemos que as\u00ed deba ser. Y empiezan muy mal. Le acabamos de o\u00edr un disparate al ministro de Defensa cuando sale a decir que para poder movilizarse uno en oposici\u00f3n pol\u00edtica o social hay que representar los puntos de vista de todos los colombianos. Eso no se le hab\u00eda ocurrido antes a nadie. La m\u00e1s en falso de las salidas. Pero bueno, esas son las propuestas absurdas a las que comenzamos a asistir.<\/p>\n<p>F\u00edjense ustedes, colombianos y senadores, podr\u00eda desarrollar m\u00e1s en extenso muchas razones de fondo para estar seguros de por qu\u00e9 no vamos a estar de acuerdo con el gobierno de Iv\u00e1n Duque. Por ejemplo, con la reforma tributaria, \u00a1no vamos a estar de acuerdo! Con la reforma pensional, \u00a1no vamos a estar de acuerdo! Con la pol\u00edtica agraria, \u00a1no estamos de acuerdo! Con la manera como este gobierno ve los problemas de la corrupci\u00f3n, tampoco. Son las realidades de la pol\u00edtica y en eso consiste el juego pol\u00edtico, en que haya puntos de vista. Unos defienden unas ideas y otros defendemos otras.<\/p>\n<p>Me llama mucho la atenci\u00f3n, y lo estoy resaltando, c\u00f3mo el santismo se volvi\u00f3 de repente duquista. Duquista digo yo, pero me rega\u00f1an, entonces mejor duquista-uribista, para que no nos metamos en asuntos de sem\u00e1ntica. Pr\u00e1cticamente toda la bancada santista es hoy duquista, ni siquiera con un pacto pol\u00edtico, sino con una simple adhesi\u00f3n. El Partido Liberal adhiri\u00f3; Cambi\u00f3 Radical adhiri\u00f3; el Partido Conservador adhiri\u00f3; la U adhiri\u00f3; todo el mundo santista adhiri\u00f3. Se confirma as\u00ed un hecho que he denunciado a lo largo de los \u00faltimos ocho a\u00f1os. Las diferencias entre las concepciones del santismo y el uribismo, de la Unidad Nacional y el Centro Democr\u00e1tico, son infinitamente m\u00e1s peque\u00f1as de lo que nos han querido hacer ver.<\/p>\n<p>A mi juicio, el gobierno que puede ser m\u00e1s da\u00f1ino es aquel que carece de buenas ideas, pero que detenta mucha fuerza. Y es evidente que aqu\u00ed est\u00e1n dedicados a lograr la fuerza. Lo estamos viendo c\u00f3mo se expresa en el Senado. Aqu\u00ed podemos estar ante el riesgo de un unanimismo, que espero que las fuerzas de la oposici\u00f3n podamos aguarles.<\/p>\n<p>Hay otro hecho que me preocupa y lo dejo como una hip\u00f3tesis. Veo a Duque haciendo esfuerzos por no parecerse a la figura que muchos colombianos tienen de \u00c1lvaro Uribe, pero no por diferencias de fondo, sino por juegos de la t\u00e1ctica, por maneras de presentar las cosas. Uno mira el gabinete y varios de los nombres est\u00e1n montados para crear ilusiones en ciertos sectores. Hay un nombramiento que es muy t\u00edpico para crear ilusiones en que el ambientalismo est\u00e1 representado, pero resulta que ese ministro del Medio Ambiente es nada menos que el ambientalismo de las mineras, que son las que est\u00e1n agremiadas en la Andi. Lo pongo solo como un ejemplo. Entonces les llamo la atenci\u00f3n a los colombianos. Aqu\u00ed hay que afinar el an\u00e1lisis, porque o si no, podemos terminar confundidos y no entender que hay distintas maneras de hacer un cocido. Y que las formas pueden modificarse sin que se modifique el fondo.<\/p>\n<p>C\u00f3mo va a ser nuestra oposici\u00f3n. El pa\u00eds nos conoce. Llevamos 16 a\u00f1os en oposici\u00f3n. Primero, votaremos a conciencia, s\u00ed o no, dependiendo de si creemos o no que el proyecto es bueno o no para Colombia. No votamos por mermelada ni por aplausos ni por nada. O sea, lo que nos gusta lo votamos s\u00ed, y lo que no nos gusta lo votamos no, y creo que casi todo lo vamos a votar no por lo que acabo de explicar. Segundo, en los debates de control pol\u00edtico y de la actuaci\u00f3n pol\u00edtica, valor civil para atrevernos a decir cosas que a mucha gente no le gusta que se digan en Colombia. Ahora, en el caso m\u00edo, lo digo con toda claridad, har\u00e9 esfuerzos porque el tono sea medido, porque no se trata de maltratar a nadie en los debates, pero s\u00ed de plantear las cosas con toda franqueza. Y tercero, respaldo a las luchas sociales. Cuenten con que el Polo va a seguir respaldando la movilizaci\u00f3n social y democr\u00e1tica. Es un asunto de nuestras convicciones. Esas son expresiones de la democracia, y cuenten que en ese campo los del Polo vamos a seguir actuando con toda coherencia. El Polo no va a cambiar su manera de actuar. No tenemos ninguna raz\u00f3n para cambiarla.<\/p>\n<p>Entre los muchos desacuerdos, hay uno que nos causa una preocupaci\u00f3n muy grande a todas las fuerzas de la oposici\u00f3n. Es la barbarie que viene d\u00e1ndose en Colombia desde hace muchos gobiernos en contra de quienes reclaman. El pa\u00eds no puede seguir siendo el infierno en el cual quienes reclaman terminan muertos y el Estado colombiano no resuelve los problemas. Es absolutamente inaceptable. Reclamar es de lo m\u00e1s elemental en la democracia y, adem\u00e1s, en Colombia no hay pena de muerte. A nadie lo pueden matar por ninguna raz\u00f3n, ninguna, pero menos por un reclamo social o pol\u00edtico o democr\u00e1tico.<\/p>\n<p>Hoy ya empezamos a actuar aqu\u00ed en coincidencia los distintos sectores declarados en oposici\u00f3n, los Verdes, la llamada Lista de la Decencia, el Polo, etc. Tenemos or\u00edgenes distintos, somos proyectos diferentes, pero nos estamos coordinando, y espero que podamos coordinar muchas otras cosas. Hoy nos coordinamos para las votaciones de mesas directivas. Es importante y debemos seguir haci\u00e9ndolo.<\/p>\n<p>En s\u00edntesis, esta es una constancia para que los colombianos entiendan por qu\u00e9 el Polo Democr\u00e1tico Alternativo va a hacer esfuerzos para poder desarrollar la mayor oposici\u00f3n a fin de impedir, hasta donde est\u00e9 a nuestro alcance, que muchos de los proyectos negativos que va a traer al Congreso la administraci\u00f3n del doctor Duque no se conviertan en leyes de la Rep\u00fablica.<\/p>\n<div class=\"jetpack-video-wrapper\"><span class=\"embed-youtube\"><iframe class=\"youtube-player\" src=\"https:\/\/www.youtube.com\/embed\/A00enF7GVnE?version=3&amp;rel=1&amp;fs=1&amp;autohide=2&amp;showsearch=0&amp;showinfo=1&amp;iv_load_policy=1&amp;start=10&amp;wmode=transparent\" width=\"300\" height=\"150\" allowfullscreen=\"allowfullscreen\" data-ratio=\"0.609375\" data-width=\"640\" data-height=\"390\" data-mce-fragment=\"1\"><\/iframe><\/span><\/div>\n<ol start=\"4\">\n<li><strong>El senador Alex\u00e1nder L\u00f3pez present\u00f3 el respaldo del Polo a la senadora Ang\u00e9lica Lozano como candidata a la Segunda Vicepresidencia del Senado<\/strong><\/li>\n<\/ol>\n<p>Para esa candidatura fue escogida y elegida, tambi\u00e9n por acuerdo entre las fuerzas pol\u00edticas declaradas en oposici\u00f3n al gobierno de Iv\u00e1n Duque, en desarrollo de un derecho establecido por el Estatuto de la Oposici\u00f3n.<\/p>\n","protected":false},"excerpt":{"rendered":"<p>Oficina de prensa del senador Jorge Enrique Robledo, Bogot\u00e1, julio 24 de 2018 La candidatura de Mockus representa a la oposici\u00f3n a Duque en el Senado Por qu\u00e9 es el candidato del Polo a la Presidencia del Senado Como es sabido, el Comit\u00e9 Ejecutivo Nacional del Polo Democr\u00e1tico Alternativo decidi\u00f3, desde hace varias semanas, declararse [&hellip;]<\/p>\n","protected":false},"author":1,"featured_media":15512,"comment_status":"open","ping_status":"open","sticky":false,"template":"","format":"standard","meta":{"advanced_seo_description":"","jetpack_seo_html_title":"","jetpack_seo_noindex":false,"_jetpack_memberships_contains_paid_content":false,"footnotes":""},"categories":[102,97,4,98],"tags":[],"class_list":["post-15511","post","type-post","status-publish","format-standard","has-post-thumbnail","hentry","category-economia","category-imperialismo-y-neoliberalismo","category-jorge-enrique-robledo","category-politica"],"jetpack_featured_media_url":"https:\/\/i0.wp.com\/moir.com.co\/web\/wp-content\/uploads\/2018\/07\/robledoinstalacion2018.jpg?fit=600%2C450&ssl=1","jetpack-related-posts":[{"id":15307,"url":"https:\/\/moir.com.co\/web\/video-el-polo-estara-unido-en-la-oposicion-a-ivan-duque-robledo\/","url_meta":{"origin":15511,"position":0},"title":"VIDEO: El Polo estar\u00e1 unido en la oposici\u00f3n a Iv\u00e1n Duque: Robledo","author":"admin","date":"junio 20, 2018","format":"video","excerpt":"Intervenci\u00f3n del senador Jorge Enrique Robledo, plenaria del Senado, 18 de junio de 2018","rel":"","context":"En \u00abPol\u00edtica\u00bb","block_context":{"text":"Pol\u00edtica","link":"https:\/\/moir.com.co\/web\/category\/temas\/politica\/"},"img":{"alt_text":"","src":"","width":0,"height":0},"classes":[]},{"id":17794,"url":"https:\/\/moir.com.co\/web\/video-replica-de-la-oposicion-a-cargo-del-senador-jorge-enrique-robledo-al-presidente-ivan-duque-en-su-primer-ano-de-gobierno\/","url_meta":{"origin":15511,"position":1},"title":"Video: R\u00e9plica de la oposici\u00f3n a cargo del senador Jorge Enrique Robledo al presidente Ivan Duque en su primer a\u00f1o de gobierno","author":"admin","date":"julio 22, 2019","format":"video","excerpt":"Bogot\u00e1, julio 20 de 2019","rel":"","context":"En \u00abAgro\u00bb","block_context":{"text":"Agro","link":"https:\/\/moir.com.co\/web\/category\/temas\/agro\/"},"img":{"alt_text":"","src":"","width":0,"height":0},"classes":[]},{"id":16544,"url":"https:\/\/moir.com.co\/web\/mayorias-gobiernistas-en-el-senado-le-niegan-sus-derechos-a-la-oposicion-robledo\/","url_meta":{"origin":15511,"position":2},"title":"Mayor\u00edas gobiernistas en el Senado le niegan sus derechos a la oposici\u00f3n: Robledo","author":"admin","date":"diciembre 5, 2018","format":false,"excerpt":"Oficina de prensa del senador Jorge Enrique Robledo, Bogot\u00e1, diciembre 4 de 2018 \u201cEs un hecho muy grave que las mayor\u00edas afectas al presidente Duque en el Senado le arrebaten sus derechos a la oposici\u00f3n\u201d, expres\u00f3 el senador Robledo ante la negativa de la proposici\u00f3n donde se solicitaba permitir a\u2026","rel":"","context":"En \u00abJorge Enrique Robledo\u00bb","block_context":{"text":"Jorge Enrique Robledo","link":"https:\/\/moir.com.co\/web\/category\/jorge-enrique-robledo\/"},"img":{"alt_text":"","src":"https:\/\/i0.wp.com\/moir.com.co\/web\/wp-content\/uploads\/2018\/12\/oposicionserespeta.jpg?fit=768%2C348&ssl=1&resize=350%2C200","width":350,"height":200,"srcset":"https:\/\/i0.wp.com\/moir.com.co\/web\/wp-content\/uploads\/2018\/12\/oposicionserespeta.jpg?fit=768%2C348&ssl=1&resize=350%2C200 1x, https:\/\/i0.wp.com\/moir.com.co\/web\/wp-content\/uploads\/2018\/12\/oposicionserespeta.jpg?fit=768%2C348&ssl=1&resize=525%2C300 1.5x, https:\/\/i0.wp.com\/moir.com.co\/web\/wp-content\/uploads\/2018\/12\/oposicionserespeta.jpg?fit=768%2C348&ssl=1&resize=700%2C400 2x"},"classes":[]},{"id":15472,"url":"https:\/\/moir.com.co\/web\/robledo-se-posesiona-como-senador-con-la-tercera-mayor-votacion-del-pais-229-276-votos-de-opinion\/","url_meta":{"origin":15511,"position":3},"title":"Robledo se posesiona como Senador con la tercera mayor votaci\u00f3n del pa\u00eds: 229.276 votos de opini\u00f3n","author":"admin","date":"julio 20, 2018","format":false,"excerpt":"Oficina de prensa del senador Jorge Enrique Robledo, Bogot\u00e1, julio 20 de 2018 Escrutinio final se\u00f1ala que casi 230.000 votos de opini\u00f3n respaldaron a Robledo al Senado. Desde la Comisi\u00f3n Quinta y la Plenaria del Senado Robledo mantendr\u00e1 el control pol\u00edtico. El Polo se declar\u00f3 en oposici\u00f3n al gobierno de\u2026","rel":"","context":"En \u00abAgro\u00bb","block_context":{"text":"Agro","link":"https:\/\/moir.com.co\/web\/category\/temas\/agro\/"},"img":{"alt_text":"","src":"https:\/\/i0.wp.com\/moir.com.co\/web\/wp-content\/uploads\/2018\/07\/robledoposesion2018.png?fit=349%2C352&ssl=1&resize=350%2C200","width":350,"height":200},"classes":[]},{"id":15475,"url":"https:\/\/moir.com.co\/web\/video-la-candidatura-de-mockus-representa-a-la-oposicion-a-duque-en-el-senado-robledo\/","url_meta":{"origin":15511,"position":4},"title":"Video: \u201cLa candidatura de Mockus representa a la oposici\u00f3n a Duque en el Senado\u201d: Robledo","author":"admin","date":"julio 21, 2018","format":"video","excerpt":"Intervenciones en la plenaria del 20 de julio de 2018 sobre la postulaci\u00f3n del senador Antanas Mockus a la presidencia del Senado como representante de la oposici\u00f3n. Bogot\u00e1, julio 20 de 2018","rel":"","context":"En \u00abJorge Enrique Robledo\u00bb","block_context":{"text":"Jorge Enrique Robledo","link":"https:\/\/moir.com.co\/web\/category\/jorge-enrique-robledo\/"},"img":{"alt_text":"","src":"","width":0,"height":0},"classes":[]},{"id":15479,"url":"https:\/\/moir.com.co\/web\/video-en-11-minutos-robledo-explica-por-que-el-polo-es-oposicion-al-gobierno-de-duque\/","url_meta":{"origin":15511,"position":5},"title":"Video: En 11 minutos Robledo explica por qu\u00e9 el Polo es oposici\u00f3n al gobierno de Duque","author":"admin","date":"julio 21, 2018","format":"video","excerpt":"Intervenci\u00f3n del senador Jorge Enrique Robledo en la instalaci\u00f3n del Congreso de la Rep\u00fablica el 20 de julio de 2018. Bogot\u00e1, julio 20 de 2018","rel":"","context":"En \u00abEconom\u00eda\u00bb","block_context":{"text":"Econom\u00eda","link":"https:\/\/moir.com.co\/web\/category\/temas\/economia\/"},"img":{"alt_text":"","src":"","width":0,"height":0},"classes":[]}],"jetpack_sharing_enabled":true,"_links":{"self":[{"href":"https:\/\/moir.com.co\/web\/wp-json\/wp\/v2\/posts\/15511","targetHints":{"allow":["GET"]}}],"collection":[{"href":"https:\/\/moir.com.co\/web\/wp-json\/wp\/v2\/posts"}],"about":[{"href":"https:\/\/moir.com.co\/web\/wp-json\/wp\/v2\/types\/post"}],"author":[{"embeddable":true,"href":"https:\/\/moir.com.co\/web\/wp-json\/wp\/v2\/users\/1"}],"replies":[{"embeddable":true,"href":"https:\/\/moir.com.co\/web\/wp-json\/wp\/v2\/comments?post=15511"}],"version-history":[{"count":1,"href":"https:\/\/moir.com.co\/web\/wp-json\/wp\/v2\/posts\/15511\/revisions"}],"predecessor-version":[{"id":15513,"href":"https:\/\/moir.com.co\/web\/wp-json\/wp\/v2\/posts\/15511\/revisions\/15513"}],"wp:featuredmedia":[{"embeddable":true,"href":"https:\/\/moir.com.co\/web\/wp-json\/wp\/v2\/media\/15512"}],"wp:attachment":[{"href":"https:\/\/moir.com.co\/web\/wp-json\/wp\/v2\/media?parent=15511"}],"wp:term":[{"taxonomy":"category","embeddable":true,"href":"https:\/\/moir.com.co\/web\/wp-json\/wp\/v2\/categories?post=15511"},{"taxonomy":"post_tag","embeddable":true,"href":"https:\/\/moir.com.co\/web\/wp-json\/wp\/v2\/tags?post=15511"}],"curies":[{"name":"wp","href":"https:\/\/api.w.org\/{rel}","templated":true}]}}