{"id":15479,"date":"2018-07-21T14:05:17","date_gmt":"2018-07-21T14:05:17","guid":{"rendered":"https:\/\/moir.org.co\/web\/?p=15479"},"modified":"2018-07-21T14:05:17","modified_gmt":"2018-07-21T14:05:17","slug":"video-en-11-minutos-robledo-explica-por-que-el-polo-es-oposicion-al-gobierno-de-duque","status":"publish","type":"post","link":"https:\/\/moir.com.co\/web\/video-en-11-minutos-robledo-explica-por-que-el-polo-es-oposicion-al-gobierno-de-duque\/","title":{"rendered":"Video: En 11 minutos Robledo explica por qu\u00e9 el Polo es oposici\u00f3n al gobierno de Duque"},"content":{"rendered":"<p>Intervenci\u00f3n del senador Jorge Enrique Robledo en la instalaci\u00f3n del Congreso de la Rep\u00fablica el 20 de julio de 2018. Bogot\u00e1, julio 20 de 2018<\/p>\n","protected":false},"excerpt":{"rendered":"<p>Intervenci\u00f3n del senador Jorge Enrique Robledo en la instalaci\u00f3n del Congreso de la Rep\u00fablica el 20 de julio de 2018. Bogot\u00e1, julio 20 de 2018<\/p>\n","protected":false},"author":1,"featured_media":0,"comment_status":"open","ping_status":"open","sticky":false,"template":"","format":"video","meta":{"advanced_seo_description":"","jetpack_seo_html_title":"","jetpack_seo_noindex":false,"_jetpack_memberships_contains_paid_content":false,"footnotes":""},"categories":[102,97,4,98,9],"tags":[],"class_list":["post-15479","post","type-post","status-publish","format-video","hentry","category-economia","category-imperialismo-y-neoliberalismo","category-jorge-enrique-robledo","category-politica","category-polo-democratico-alternativo","post_format-post-format-video"],"jetpack_featured_media_url":"","jetpack-related-posts":[{"id":15475,"url":"https:\/\/moir.com.co\/web\/video-la-candidatura-de-mockus-representa-a-la-oposicion-a-duque-en-el-senado-robledo\/","url_meta":{"origin":15479,"position":0},"title":"Video: \u201cLa candidatura de Mockus representa a la oposici\u00f3n a Duque en el Senado\u201d: Robledo","author":"admin","date":"julio 21, 2018","format":"video","excerpt":"Intervenciones en la plenaria del 20 de julio de 2018 sobre la postulaci\u00f3n del senador Antanas Mockus a la presidencia del Senado como representante de la oposici\u00f3n. Bogot\u00e1, julio 20 de 2018","rel":"","context":"En \u00abJorge Enrique Robledo\u00bb","block_context":{"text":"Jorge Enrique Robledo","link":"https:\/\/moir.com.co\/web\/category\/jorge-enrique-robledo\/"},"img":{"alt_text":"","src":"","width":0,"height":0},"classes":[]},{"id":15477,"url":"https:\/\/moir.com.co\/web\/video-malo-para-el-pais-duque-esta-teniendo-exito-en-revivir-el-frente-nacional-robledo\/","url_meta":{"origin":15479,"position":1},"title":"Video: Malo para el pa\u00eds, Duque est\u00e1 teniendo \u00e9xito en revivir el Frente Nacional: Robledo","author":"admin","date":"julio 21, 2018","format":"video","excerpt":"Intervenciones en la plenaria del Senado del 20 de julio de 2018 sobre el voto en blanco para la vicepresidencia del Senado. Bogot\u00e1, julio 20 de 2018","rel":"","context":"En \u00abJorge Enrique Robledo\u00bb","block_context":{"text":"Jorge Enrique Robledo","link":"https:\/\/moir.com.co\/web\/category\/jorge-enrique-robledo\/"},"img":{"alt_text":"","src":"","width":0,"height":0},"classes":[]},{"id":14761,"url":"https:\/\/moir.com.co\/web\/video-muy-bien-les-fue-al-polo-a-la-coalicion-colombia-y-a-fajardo-robledo\/","url_meta":{"origin":15479,"position":2},"title":"Video: Muy bien les fue al Polo, a la Coalici\u00f3n Colombia y a Fajardo: Robledo","author":"admin","date":"marzo 20, 2018","format":"video","excerpt":"Intervenci\u00f3n del senador Jorge Enrique Robledo, plenaria del Senado, a prop\u00f3sito de los resultados electorales del 11 de marzo. Bogot\u00e1, marzo 20 de 2018","rel":"","context":"En \u00abJorge Enrique Robledo\u00bb","block_context":{"text":"Jorge Enrique Robledo","link":"https:\/\/moir.com.co\/web\/category\/jorge-enrique-robledo\/"},"img":{"alt_text":"","src":"","width":0,"height":0},"classes":[]},{"id":11809,"url":"https:\/\/moir.com.co\/web\/resolucion-n-071-por-la-cual-se-designa-a-jorge-enrique-robledo-como-candidato-presidencial-del-polo-para-el-2018\/","url_meta":{"origin":15479,"position":3},"title":"Resoluci\u00f3n N\u00b0 071 por la cual se designa a Jorge Enrique Robledo como candidato presidencial del Polo para el 2018","author":"admin","date":"febrero 28, 2017","format":false,"excerpt":"Comit\u00e9 Ejecutivo Nacional del Polo, Bogot\u00e1, febrero 27 de 2017 El Comit\u00e9 Ejecutivo Nacional del Polo Democr\u00e1tico Alternativo, PDA, citado de conformidad con el art\u00edculo 14 de los Estatutos, en correspondencia con la pol\u00edtica electoral aprobada en el IV Congreso Nacional, en la Junta Directiva Nacional de diciembre de 2016,\u2026","rel":"","context":"En \u00abJorge Enrique Robledo\u00bb","block_context":{"text":"Jorge Enrique Robledo","link":"https:\/\/moir.com.co\/web\/category\/jorge-enrique-robledo\/"},"img":{"alt_text":"","src":"https:\/\/i0.wp.com\/moir.com.co\/web\/wp-content\/uploads\/2016\/12\/polobandera.jpg?fit=750%2C400&ssl=1&resize=350%2C200","width":350,"height":200,"srcset":"https:\/\/i0.wp.com\/moir.com.co\/web\/wp-content\/uploads\/2016\/12\/polobandera.jpg?fit=750%2C400&ssl=1&resize=350%2C200 1x, https:\/\/i0.wp.com\/moir.com.co\/web\/wp-content\/uploads\/2016\/12\/polobandera.jpg?fit=750%2C400&ssl=1&resize=525%2C300 1.5x, https:\/\/i0.wp.com\/moir.com.co\/web\/wp-content\/uploads\/2016\/12\/polobandera.jpg?fit=750%2C400&ssl=1&resize=700%2C400 2x"},"classes":[]},{"id":4598,"url":"https:\/\/moir.com.co\/web\/entrevista-al-senador-jorge-enrique-robledo-2\/","url_meta":{"origin":15479,"position":4},"title":"Entrevista al senador Jorge Enrique Robledo","author":"admin","date":"julio 27, 2010","format":false,"excerpt":"En la entrevista de esta semana el senador Jorge Enrique Robledo responde preguntas sobre la ponencia del magistrado Palacios sobre las bases militares en Colombia, la crisis diplom\u00e1tica con Venezuela, la visita de una delegaci\u00f3n de parlamentarios europeos y su an\u00e1lisis del TLC con la UE, la instalaci\u00f3n del Congreso\u2026","rel":"","context":"En \u00abJorge Enrique Robledo\u00bb","block_context":{"text":"Jorge Enrique Robledo","link":"https:\/\/moir.com.co\/web\/category\/jorge-enrique-robledo\/"},"img":{"alt_text":"","src":"","width":0,"height":0},"classes":[]},{"id":15472,"url":"https:\/\/moir.com.co\/web\/robledo-se-posesiona-como-senador-con-la-tercera-mayor-votacion-del-pais-229-276-votos-de-opinion\/","url_meta":{"origin":15479,"position":5},"title":"Robledo se posesiona como Senador con la tercera mayor votaci\u00f3n del pa\u00eds: 229.276 votos de opini\u00f3n","author":"admin","date":"julio 20, 2018","format":false,"excerpt":"Oficina de prensa del senador Jorge Enrique Robledo, Bogot\u00e1, julio 20 de 2018 Escrutinio final se\u00f1ala que casi 230.000 votos de opini\u00f3n respaldaron a Robledo al Senado. Desde la Comisi\u00f3n Quinta y la Plenaria del Senado Robledo mantendr\u00e1 el control pol\u00edtico. El Polo se declar\u00f3 en oposici\u00f3n al gobierno de\u2026","rel":"","context":"En \u00abAgro\u00bb","block_context":{"text":"Agro","link":"https:\/\/moir.com.co\/web\/category\/temas\/agro\/"},"img":{"alt_text":"","src":"https:\/\/i0.wp.com\/moir.com.co\/web\/wp-content\/uploads\/2018\/07\/robledoposesion2018.png?fit=349%2C352&ssl=1&resize=350%2C200","width":350,"height":200},"classes":[]}],"jetpack_sharing_enabled":true,"_links":{"self":[{"href":"https:\/\/moir.com.co\/web\/wp-json\/wp\/v2\/posts\/15479","targetHints":{"allow":["GET"]}}],"collection":[{"href":"https:\/\/moir.com.co\/web\/wp-json\/wp\/v2\/posts"}],"about":[{"href":"https:\/\/moir.com.co\/web\/wp-json\/wp\/v2\/types\/post"}],"author":[{"embeddable":true,"href":"https:\/\/moir.com.co\/web\/wp-json\/wp\/v2\/users\/1"}],"replies":[{"embeddable":true,"href":"https:\/\/moir.com.co\/web\/wp-json\/wp\/v2\/comments?post=15479"}],"version-history":[{"count":1,"href":"https:\/\/moir.com.co\/web\/wp-json\/wp\/v2\/posts\/15479\/revisions"}],"predecessor-version":[{"id":15480,"href":"https:\/\/moir.com.co\/web\/wp-json\/wp\/v2\/posts\/15479\/revisions\/15480"}],"wp:attachment":[{"href":"https:\/\/moir.com.co\/web\/wp-json\/wp\/v2\/media?parent=15479"}],"wp:term":[{"taxonomy":"category","embeddable":true,"href":"https:\/\/moir.com.co\/web\/wp-json\/wp\/v2\/categories?post=15479"},{"taxonomy":"post_tag","embeddable":true,"href":"https:\/\/moir.com.co\/web\/wp-json\/wp\/v2\/tags?post=15479"}],"curies":[{"name":"wp","href":"https:\/\/api.w.org\/{rel}","templated":true}]}}