{"id":15444,"date":"2018-07-16T22:59:56","date_gmt":"2018-07-16T22:59:56","guid":{"rendered":"https:\/\/moir.org.co\/web\/?p=15444"},"modified":"2018-07-16T22:59:56","modified_gmt":"2018-07-16T22:59:56","slug":"corsarios-tras-ecopetrol-la-joya-de-la-corona","status":"publish","type":"post","link":"https:\/\/moir.com.co\/web\/corsarios-tras-ecopetrol-la-joya-de-la-corona\/","title":{"rendered":"Corsarios tras Ecopetrol: la joya de la corona"},"content":{"rendered":"<p><strong>Jos\u00e9 Arlex Arias, Cartagena, julio 16 de 2018<\/strong><\/p>\n<p>Hace cerca de 35 a\u00f1os fueron conocidos los que ser\u00edan los primeros documentos cr\u00edticos sobre la teor\u00eda de la globalizaci\u00f3n y la ola neoliberal; los escribi\u00f3 Francisco Mosquera, fundador del MOIR, y se constituyeron en los ejes para la oposici\u00f3n a dicho modelo, al que acu\u00f1\u00f3 como la &#8220;Recolonizaci\u00f3n&#8221;. En art\u00edculos subsiguientes plante\u00f3 el <em>modus operandi<\/em> del modelo: Consenso de Washington, \u00c1rea de Libre Comercio de las Am\u00e9ricas \u2013ALCA\u2013, que ante su fracaso toma la forma de Tratados de Libre Comercio, bilaterales o en bloques de pa\u00edses; apertura econ\u00f3mica o sea de las fronteras del mercado dom\u00e9stico mediante la rebaja de los aranceles a las importaciones; adelgazamiento del Estado liquidando o privatizando sus empresas; flexibilizaci\u00f3n laboral; recorte de subsidios a la poblaci\u00f3n y a la empresa nacional, entre otras. Mosquera advirti\u00f3 que el plan se desarrollar\u00eda por las buenas, con gobiernos t\u00edteres, o a trav\u00e9s de las armas, y que entrar\u00edamos en una etapa de alta especulaci\u00f3n financiera.<\/p>\n<p>&nbsp;<\/p>\n<p>La propuesta de privatizaci\u00f3n o venta de Ecopetrol est\u00e1 inserta en ese contexto de saqueo a nuestros recursos y patrimonio. Que sea la Federaci\u00f3n de Aseguradores Colombianos, Fasecolda, uno de los ejes de la especulaci\u00f3n financiera, cuyo presidente Jorge Humberto Botero, &#8220;dora la p\u00edldora&#8221; con el argumento neoliberal de \u201cdejar al sector privado la realizaci\u00f3n de la producci\u00f3n de bienes y servicios, salvo en aquellas circunstancias en las que existan fallas de mercado\u201d, se circunscribe exactamente en esa pol\u00edtica neoliberal de despojar al Estado de sus activos en beneficio de unos cuantos potentados con capacidad de comprarlos. No es gratuito que diga que los activos de Ecopetrol, que valora entre 130 a 160 billones de pesos, sean vendidos y esos recursos se pongan en &#8220;un fondo que entregar\u00eda en un plazo de 10 a\u00f1os recursos al Gobierno a trav\u00e9s de los rendimientos y que al t\u00e9rmino de este lapso la econom\u00eda ya habr\u00eda encontrado otras fuentes para sustentar su crecimiento&#8221;; o sea, no solo rematar a Ecopetrol sino que los recursos se los entreguen para la especulaci\u00f3n financiera y los nuevos ingresos ser\u00edan m\u00e1s impuesto al pueblo.<\/p>\n<p>&nbsp;<\/p>\n<p>Roberto Schmalbach, ex dirigente nacional de la Uni\u00f3n Sindical Obrera, USO, dijo: &#8220;Vender Ecopetrol&#8230; por $160 billones para tapar el hueco fiscal, cuando la empresa ha entregado $210 billones en los \u00faltimos 10 a\u00f1os al fisco, es como tratar de contener la energ\u00eda de un agujero negro que nunca dejar\u00e1 de tragarse todo&#8221;. Tiene sentido, porque con ese mismo argumento se han liquidado o privatizado empresas estatales que generaban los ingresos m\u00e1s importantes para el pa\u00eds como: las terminales mar\u00edtimas, los ferrocarriles, Telecom, las empresas de servicios p\u00fablicos, Isagen y otras empresas de energ\u00eda el\u00e9ctrica, los bancos de fomento, los hospitales etc.; sin embargo, los \u00fanicos que han ganado son unos cuantos, mientras la inmensa mayor\u00eda del pueblo sigue en iguales o peores condiciones. Bien hace la USO, cuando anuncia una huelga general de trabajadores que permita crear un gran frente por la defensa de la &#8220;Joya de la Corona&#8221;, asediada por los corsarios de nuevo cu\u00f1o. \u00a1Toca quitarle a los neoliberales la patente de corso para que no sigan hundiendo nuestra nave!<\/p>\n","protected":false},"excerpt":{"rendered":"<p>Jos\u00e9 Arlex Arias, Cartagena, julio 16 de 2018 Hace cerca de 35 a\u00f1os fueron conocidos los que ser\u00edan los primeros documentos cr\u00edticos sobre la teor\u00eda de la globalizaci\u00f3n y la ola neoliberal; los escribi\u00f3 Francisco Mosquera, fundador del MOIR, y se constituyeron en los ejes para la oposici\u00f3n a dicho modelo, al que acu\u00f1\u00f3 como [&hellip;]<\/p>\n","protected":false},"author":1,"featured_media":15400,"comment_status":"open","ping_status":"open","sticky":false,"template":"","format":"standard","meta":{"advanced_seo_description":"","jetpack_seo_html_title":"","jetpack_seo_noindex":false,"_jetpack_memberships_contains_paid_content":false,"footnotes":""},"categories":[102,97,105,107,98],"tags":[],"class_list":["post-15444","post","type-post","status-publish","format-standard","has-post-thumbnail","hentry","category-economia","category-imperialismo-y-neoliberalismo","category-internacional-articulos-de-actualidad","category-mineria-y-petroleo","category-politica"],"jetpack_featured_media_url":"https:\/\/i0.wp.com\/moir.com.co\/web\/wp-content\/uploads\/2018\/07\/ecopetrolboteropropuesta.jpg?fit=700%2C500&ssl=1","jetpack-related-posts":[{"id":2635,"url":"https:\/\/moir.com.co\/web\/2009-sera-un-ano-de-luchas-contra-el-libre-comercio\/","url_meta":{"origin":15444,"position":0},"title":"2009 SER\u00c1 UN A\u00d1O DE LUCHAS CONTRA EL \u201cLIBRE COMERCIO\u201d","author":"admin","date":"diciembre 25, 2008","format":false,"excerpt":"RECALCA, Bogot\u00e1, diciembre 19 de 2008 Termina un a\u00f1o m\u00e1s de actividades de RECALCA. Queremos agradecer a todas las organizaciones de la red, a los lectores y a todas las personas e instituciones, quienes trabajamos colectivamente para avanzar en la lucha contra el modelo de globalizaci\u00f3n neoliberal que sufrimos y\u2026","rel":"","context":"En \u00ab\u00a1No a los TLC y al ALCA!\u00bb","block_context":{"text":"\u00a1No a los TLC y al ALCA!","link":"https:\/\/moir.com.co\/web\/category\/temas\/no-a-los-tlc-y-al-alca\/"},"img":{"alt_text":"","src":"","width":0,"height":0},"classes":[]},{"id":2585,"url":"https:\/\/moir.com.co\/web\/senador-robledo-participo-en-reunion-continental-sobre-la-crisis-financiera\/","url_meta":{"origin":15444,"position":1},"title":"SENADOR ROBLEDO PARTICIP\u00d3 EN REUNI\u00d3N CONTINENTAL SOBRE LA CRISIS FINANCIERA","author":"admin","date":"noviembre 16, 2008","format":false,"excerpt":"Oficina de Prensa del Senador Jorge Enrique Robledo, Bogot\u00e1, 16 de noviembre de 2008 El Senador del PDA Jorge Enrique Robledo, fue invitado a Ecuador por la Alianza Social Continental a un seminario para debatir sobre la crisis financiera mundial y el neoliberalismo. Al evento asisti\u00f3 el Ministro para la\u2026","rel":"","context":"En \u00abJorge Enrique Robledo\u00bb","block_context":{"text":"Jorge Enrique Robledo","link":"https:\/\/moir.com.co\/web\/category\/jorge-enrique-robledo\/"},"img":{"alt_text":"","src":"","width":0,"height":0},"classes":[]},{"id":2994,"url":"https:\/\/moir.com.co\/web\/ante-la-crisis-cambio-de-modelo-economico\/","url_meta":{"origin":15444,"position":2},"title":"ANTE LA CRISIS: CAMBIO DE MODELO ECON\u00d3MICO","author":"admin","date":"abril 17, 2009","format":false,"excerpt":"Ante el empeoramiento de los problemas sociales agravados o provocados por el \u201clibre comercio\u201d, sus poderosos determinadores y usufructuarios suelen perorar sobre las \u201coportunidades\u201d que aparecen cuando la econom\u00eda sufre graves quebrantos. Es el cl\u00e1sico truco del que cambia de tema para evadir el pecado que le cabe en el\u2026","rel":"","context":"En \u00abJorge Enrique Robledo\u00bb","block_context":{"text":"Jorge Enrique Robledo","link":"https:\/\/moir.com.co\/web\/category\/jorge-enrique-robledo\/"},"img":{"alt_text":"","src":"","width":0,"height":0},"classes":[]},{"id":2338,"url":"https:\/\/moir.com.co\/web\/recalca-cuestionara-la-politica-uribista-de-libre-comercio-durante-la-cumbre-social-de-los-pueblos-en-lima\/","url_meta":{"origin":15444,"position":3},"title":"RECALCA CUESTIONAR\u00c1 LA POL\u00cdTICA URIBISTA DE \u201cLIBRE COMERCIO\u201d DURANTE LA CUMBRE SOCIAL DE LOS PUEBLOS EN LIMA","author":"admin","date":"mayo 13, 2008","format":false,"excerpt":"RECALCA, Bogot\u00e1, mayo 12 de 2008 RECALCA, que ejerce la Secretaria de la Alianza Social Continental y lidera en Colombia el debate y la resistencia frente al \u201clibre comercio\u201d, es miembro del comit\u00e9 organizador y participar\u00e1 activamente en la Cumbre Social de los Pueblos, Enlazando Alternativas III, que se realizar\u00e1\u2026","rel":"","context":"En \u00ab\u00a1No a los TLC y al ALCA!\u00bb","block_context":{"text":"\u00a1No a los TLC y al ALCA!","link":"https:\/\/moir.com.co\/web\/category\/temas\/no-a-los-tlc-y-al-alca\/"},"img":{"alt_text":"","src":"","width":0,"height":0},"classes":[]},{"id":4691,"url":"https:\/\/moir.com.co\/web\/el-juan-valdez-de-santos\/","url_meta":{"origin":15444,"position":4},"title":"El \u201cJuan Valdez\u201d de Santos","author":"admin","date":"agosto 23, 2010","format":false,"excerpt":"En el discurso de posesi\u00f3n, el presidente Santos anuncio hacer de cada campesino colombiano un pr\u00f3spero \u201cJuan Valdez\u201d. Quienes desde los campos lo escucharon y conocen que hist\u00f3ricamente las grandes exportaciones de caf\u00e9 le han tra\u00eddo significativas bonanzas al pa\u00eds, pueden haber quedado envueltos por ciertos atisbos de esperanza, avivados\u2026","rel":"","context":"En \u00abJuventud Patri\u00f3tica\u00bb","block_context":{"text":"Juventud Patri\u00f3tica","link":"https:\/\/moir.com.co\/web\/category\/juventud-patriotica\/"},"img":{"alt_text":"","src":"","width":0,"height":0},"classes":[]},{"id":18189,"url":"https:\/\/moir.com.co\/web\/luchar-si-paga-2\/","url_meta":{"origin":15444,"position":5},"title":"\u00a1Luchar s\u00ed paga!","author":"admin","date":"octubre 21, 2019","format":false,"excerpt":"Jos\u00e9 Arlex Arias, Cartagena, octubre 21 de 2019 Cada d\u00eda son m\u00e1s las luchas de los pueblos del mundo \u2013encabezadas en su mayor\u00eda por sus trabajadores\u2013 contra las medidas de los gobiernos que les imponen restricciones a un salario digno, a sus prestaciones sociales y pensiones que les garanticen m\u00ednimamente\u2026","rel":"","context":"En \u00abAgro\u00bb","block_context":{"text":"Agro","link":"https:\/\/moir.com.co\/web\/category\/temas\/agro\/"},"img":{"alt_text":"","src":"","width":0,"height":0},"classes":[]}],"jetpack_sharing_enabled":true,"_links":{"self":[{"href":"https:\/\/moir.com.co\/web\/wp-json\/wp\/v2\/posts\/15444","targetHints":{"allow":["GET"]}}],"collection":[{"href":"https:\/\/moir.com.co\/web\/wp-json\/wp\/v2\/posts"}],"about":[{"href":"https:\/\/moir.com.co\/web\/wp-json\/wp\/v2\/types\/post"}],"author":[{"embeddable":true,"href":"https:\/\/moir.com.co\/web\/wp-json\/wp\/v2\/users\/1"}],"replies":[{"embeddable":true,"href":"https:\/\/moir.com.co\/web\/wp-json\/wp\/v2\/comments?post=15444"}],"version-history":[{"count":1,"href":"https:\/\/moir.com.co\/web\/wp-json\/wp\/v2\/posts\/15444\/revisions"}],"predecessor-version":[{"id":15445,"href":"https:\/\/moir.com.co\/web\/wp-json\/wp\/v2\/posts\/15444\/revisions\/15445"}],"wp:featuredmedia":[{"embeddable":true,"href":"https:\/\/moir.com.co\/web\/wp-json\/wp\/v2\/media\/15400"}],"wp:attachment":[{"href":"https:\/\/moir.com.co\/web\/wp-json\/wp\/v2\/media?parent=15444"}],"wp:term":[{"taxonomy":"category","embeddable":true,"href":"https:\/\/moir.com.co\/web\/wp-json\/wp\/v2\/categories?post=15444"},{"taxonomy":"post_tag","embeddable":true,"href":"https:\/\/moir.com.co\/web\/wp-json\/wp\/v2\/tags?post=15444"}],"curies":[{"name":"wp","href":"https:\/\/api.w.org\/{rel}","templated":true}]}}