{"id":15207,"date":"2018-06-04T20:57:48","date_gmt":"2018-06-04T20:57:48","guid":{"rendered":"https:\/\/moir.org.co\/web\/?p=15207"},"modified":"2018-06-04T20:57:48","modified_gmt":"2018-06-04T20:57:48","slug":"nacio-la-criatura-a-cuidar-la-criatura","status":"publish","type":"post","link":"https:\/\/moir.com.co\/web\/nacio-la-criatura-a-cuidar-la-criatura\/","title":{"rendered":"Naci\u00f3 la criatura: a cuidar la criatura"},"content":{"rendered":"<p><strong>Jos\u00e9 Arlex Arias, Cartagena, junio 4 de 2018<\/strong><\/p>\n<p>El 27 del pasado mes de mayo se cumplieron los comicios para elegir al presidente de Colombia, en una campa\u00f1a que dej\u00f3 al descubierto las mismas falencias en el sistema electoral, y que el gobierno nacional se resiste a cumplir con la Ley, que demanda la automatizaci\u00f3n de toda la operatividad electoral para evitar su manipulaci\u00f3n, as\u00ed como la total implementaci\u00f3n de la identificaci\u00f3n biom\u00e9trica. De la misma forma, se ratific\u00f3 el papel de los grupos econ\u00f3micos, a trav\u00e9s de sus grandes medios de comunicaci\u00f3n, emple\u00e1ndose a fondo para mantener el modelo neoliberal, que les entrega grandes gabelas y concentra sus riquezas, en contra de una inmensa mayor\u00eda empobrecida.<\/p>\n<p>&nbsp;<\/p>\n<p>Con participaci\u00f3n r\u00e9cord desde 1974 del 53,38%, que equivale a 19.636.714 votos de un total de 36.783.714 habilitados, Iv\u00e1n Duque, del Centro Democr\u00e1tico, gan\u00f3 con 7.569.693, el 20,57% del censo electoral, y disputar\u00e1 la segunda vuelta presidencial contra Gustavo Petro, de Colombia Humana, que con 4.851.254 votos, saca el 13,18% de los habilitados. El gran fen\u00f3meno fue la Coalici\u00f3n Colombia, con Sergio Fajardo, con 4.589.696 votos, un 12,47% del censo. Las decepciones fueron Germ\u00e1n Vargas Lleras con 1.407.840 y el liberal Humberto de la Calle con 399.180 votos, a quienes les fallaron las maquinarias. En Bol\u00edvar, con una abstenci\u00f3n del 58,81%, gan\u00f3 Duque con 256.732 votos, seguido por Gustavo Petro (242.378 votos) y Sergio Fajardo (55.468 votos). En Cartagena, con abstenci\u00f3n del 59.38%, gan\u00f3 Petro con 137.375 votos, seguido de Duque (101.799 votos) y Fajardo (41.040 votos). Si a nivel nacional la abstenci\u00f3n fue del 46,62%, las de Bol\u00edvar y Cartagena se ubican cerca de 13 puntos porcentuales por encima; se podr\u00eda interpretar como falta de est\u00edmulo del &#8220;engrase&#8221; de esas maquinarias a los electores. La segunda vuelta es el 17 de junio.<\/p>\n<p>&nbsp;<\/p>\n<p>La segunda vuelta entre Duque y Petro estaba cantada, puesto que atinaron estrat\u00e9gicamente a hacer la consulta del pasado 11 de marzo, la cual los mantuvo con alta exposici\u00f3n medi\u00e1tica, perjudicando ostensiblemente a Sergio Fajardo, quien fue escogido como candidato de consenso por la Coalici\u00f3n Colombia \u2013de los partidos Polo Democr\u00e1tico Alternativo, Alianza Verde y Compromiso Ciudadano\u2013, que lo llev\u00f3 a tratar de hacer una remontada que por muy escaso margen casi consigue: perdi\u00f3 con Petro por 261.558 votos, que equivalen a tan solo un 1,35%. Es indiscutible que la Coalici\u00f3n Colombia se constituy\u00f3 en el fen\u00f3meno electoral, puesto que hizo una campa\u00f1a caminando las calles del pa\u00eds, de casa en casa, con un exiguo presupuesto en comparaci\u00f3n con lo gastado por Petro, Duque y Vargas Lleras, no dieron ni cinco centavos para alquiler de carros y menos entregaron alg\u00fan emolumento que significara corromper al elector. El encanto de la Coalici\u00f3n Colombia, adem\u00e1s de su candidato, es su programa, en donde no solo se destaca la lucha contra la corrupci\u00f3n y poner la educaci\u00f3n en el primer nivel, sino el cambio de modelo econ\u00f3mico, que implica la revisi\u00f3n de tratados y pol\u00edticas que tienen a Colombia sujeta a los designios de Estados Unidos y su banca multilateral. Lo dijo Sergio Fajardo: &#8220;La Coalici\u00f3n Colombia sigue viva. Tenemos que cuidar a Colombia de los extremos, para darle la oportunidad a la inteligencia. Esta es la fuerza de la esperanza, que sigue impulsando la serenidad para conducir a nuestro pa\u00eds&#8221;. \u00a1A cuidar esta criatura que ser\u00e1 v\u00edctima del asedio!<\/p>\n","protected":false},"excerpt":{"rendered":"<p>Jos\u00e9 Arlex Arias, Cartagena, junio 4 de 2018 El 27 del pasado mes de mayo se cumplieron los comicios para elegir al presidente de Colombia, en una campa\u00f1a que dej\u00f3 al descubierto las mismas falencias en el sistema electoral, y que el gobierno nacional se resiste a cumplir con la Ley, que demanda la automatizaci\u00f3n [&hellip;]<\/p>\n","protected":false},"author":1,"featured_media":14614,"comment_status":"open","ping_status":"open","sticky":false,"template":"","format":"standard","meta":{"advanced_seo_description":"","jetpack_seo_html_title":"","jetpack_seo_noindex":false,"_jetpack_memberships_contains_paid_content":false,"footnotes":""},"categories":[97,98],"tags":[],"class_list":["post-15207","post","type-post","status-publish","format-standard","has-post-thumbnail","hentry","category-imperialismo-y-neoliberalismo","category-politica"],"jetpack_featured_media_url":"https:\/\/i0.wp.com\/moir.com.co\/web\/wp-content\/uploads\/2018\/03\/FajardoyRobledo.jpg?fit=768%2C575&ssl=1","jetpack-related-posts":[{"id":12447,"url":"https:\/\/moir.com.co\/web\/matoneria-politica-contra-los-bogotanos\/","url_meta":{"origin":15207,"position":0},"title":"Matoner\u00eda pol\u00edtica contra los bogotanos","author":"admin","date":"mayo 20, 2017","format":false,"excerpt":"Jorge Enrique Robledo, Bogot\u00e1, mayo 19 de 2017 Se pueden tener distintas valoraciones de la Alcald\u00eda de Enrique Pe\u00f1alosa. A unos les parecer\u00e1 buena y a otros, mala; unos pueden desear que concluya su mandato y otros que sea reemplazado por otro, convocando a nuevas elecciones. Pero deber\u00eda coincidirse en\u2026","rel":"","context":"En \u00abBogot\u00e1\u00bb","block_context":{"text":"Bogot\u00e1","link":"https:\/\/moir.com.co\/web\/category\/temas\/bogota\/"},"img":{"alt_text":"","src":"","width":0,"height":0},"classes":[]},{"id":14421,"url":"https:\/\/moir.com.co\/web\/que-miedo-viene-el-coco\/","url_meta":{"origin":15207,"position":1},"title":"\u00a1Qu\u00e9 miedo!&#8230; viene el &#8220;coco&#8221;","author":"admin","date":"febrero 5, 2018","format":false,"excerpt":"Jos\u00e9 Arlex Arias, Cartagena, febrero 5 de 2018 De manera irresponsable y ponzo\u00f1osa, el entredicho se\u00f1or \u00c1lvaro Uribe V\u00e9lez, senador que se mantiene en la pol\u00e9mica \u2013generalmente porque se le adjudican cosas no tan buenas\u2013, se ha referido a quienes no piensan como \u00e9l de una manera d\u00e9spota. Millones de\u2026","rel":"","context":"En \u00abPol\u00edtica\u00bb","block_context":{"text":"Pol\u00edtica","link":"https:\/\/moir.com.co\/web\/category\/temas\/politica\/"},"img":{"alt_text":"","src":"","width":0,"height":0},"classes":[]},{"id":8110,"url":"https:\/\/moir.com.co\/web\/santos-la-reeleccion-de-mas-neoliberalismo\/","url_meta":{"origin":15207,"position":2},"title":"Santos: la reelecci\u00f3n de m\u00e1s neoliberalismo","author":"admin","date":"diciembre 3, 2013","format":false,"excerpt":"Como estaba previsto, el pasado 20 de noviembre, mediante una alocuci\u00f3n transmitida en cadena por los medios de comunicaci\u00f3n p\u00fablicos y privados, el presidente Juan Manuel Santos anunci\u00f3 su inter\u00e9s en ser candidato a la Presidencia para el pr\u00f3ximo periodo: \u201cColombianos, hoy quiero anunciarles que el 25 de noviembre, como\u2026","rel":"","context":"En \u00abTemas\u00bb","block_context":{"text":"Temas","link":"https:\/\/moir.com.co\/web\/category\/temas\/"},"img":{"alt_text":"","src":"","width":0,"height":0},"classes":[]},{"id":8322,"url":"https:\/\/moir.com.co\/web\/el-proceso-electoral-colombiano\/","url_meta":{"origin":15207,"position":3},"title":"El proceso electoral colombiano","author":"admin","date":"marzo 17, 2014","format":false,"excerpt":"Despu\u00e9s de cumplido el proceso electoral que eligi\u00f3 al parlamento es factible, con toda serenidad, hacer unas reflexiones sobre el tema. El Congreso de la Rep\u00fablica es la principal instituci\u00f3n del modelo democr\u00e1tico, puesto que es el encargado de confeccionar las Enmiendas Constitucionales y las Leyes que son el marco\u2026","rel":"","context":"En \u00abTemas\u00bb","block_context":{"text":"Temas","link":"https:\/\/moir.com.co\/web\/category\/temas\/"},"img":{"alt_text":"","src":"","width":0,"height":0},"classes":[]},{"id":21102,"url":"https:\/\/moir.com.co\/web\/la-constitucion-de-1991-1-cronologia-de-una-dudosa-gestacion\/","url_meta":{"origin":15207,"position":4},"title":"La Constituci\u00f3n de 1991 (1): CRONOLOGIA DE UNA DUDOSA GESTACI\u00d3N","author":"admin","date":"mayo 11, 2005","format":false,"excerpt":"La Asamblea fue elegida el 9 de diciembre y sesion\u00f3 de enero a julio de 1991, cuando procre\u00f3 la contrahecha criatura de sus afanes, la Carta de la neocolonizaci\u00f3n econ\u00f3mica. Marcelo Torres El nacimiento de la actual Constituci\u00f3n tuvo lugar despu\u00e9s de una cadena de violaciones a la anterior Carta\u2026","rel":"","context":"En \u00abTribuna Roja N\u00b0 52, Bogot\u00e1; julio 29- agosto 11 de 1993\u00bb","block_context":{"text":"Tribuna Roja N\u00b0 52, Bogot\u00e1; julio 29- agosto 11 de 1993","link":"https:\/\/moir.com.co\/web\/category\/tribuna-roja\/ediciones-1990-1994\/tribuna-roja-n-52-bogota-julio-29-agosto-11-de-1993\/"},"img":{"alt_text":"","src":"","width":0,"height":0},"classes":[]},{"id":6074,"url":"https:\/\/moir.com.co\/web\/corrupcion-al-servicio-de-un-remedo-de-democracia\/","url_meta":{"origin":15207,"position":5},"title":"Corrupci\u00f3n al servicio de un remedo de democracia","author":"admin","date":"octubre 31, 2011","format":false,"excerpt":"Ha finalizado un nuevo proceso electoral que evento tras evento deja m\u00e1s cansancio y resignaci\u00f3n en la poblaci\u00f3n. Las preguntas que se hacen son: \u00bfcu\u00e1l es la raz\u00f3n para que ganen los mismos?, \u00bfpor qu\u00e9 no hay grandes cambios?, \u00bfpor qu\u00e9 los pocos \u201ccambios\u201d son para mantener igual el estado\u2026","rel":"","context":"En \u00abTemas\u00bb","block_context":{"text":"Temas","link":"https:\/\/moir.com.co\/web\/category\/temas\/"},"img":{"alt_text":"","src":"","width":0,"height":0},"classes":[]}],"jetpack_sharing_enabled":true,"_links":{"self":[{"href":"https:\/\/moir.com.co\/web\/wp-json\/wp\/v2\/posts\/15207","targetHints":{"allow":["GET"]}}],"collection":[{"href":"https:\/\/moir.com.co\/web\/wp-json\/wp\/v2\/posts"}],"about":[{"href":"https:\/\/moir.com.co\/web\/wp-json\/wp\/v2\/types\/post"}],"author":[{"embeddable":true,"href":"https:\/\/moir.com.co\/web\/wp-json\/wp\/v2\/users\/1"}],"replies":[{"embeddable":true,"href":"https:\/\/moir.com.co\/web\/wp-json\/wp\/v2\/comments?post=15207"}],"version-history":[{"count":1,"href":"https:\/\/moir.com.co\/web\/wp-json\/wp\/v2\/posts\/15207\/revisions"}],"predecessor-version":[{"id":15208,"href":"https:\/\/moir.com.co\/web\/wp-json\/wp\/v2\/posts\/15207\/revisions\/15208"}],"wp:featuredmedia":[{"embeddable":true,"href":"https:\/\/moir.com.co\/web\/wp-json\/wp\/v2\/media\/14614"}],"wp:attachment":[{"href":"https:\/\/moir.com.co\/web\/wp-json\/wp\/v2\/media?parent=15207"}],"wp:term":[{"taxonomy":"category","embeddable":true,"href":"https:\/\/moir.com.co\/web\/wp-json\/wp\/v2\/categories?post=15207"},{"taxonomy":"post_tag","embeddable":true,"href":"https:\/\/moir.com.co\/web\/wp-json\/wp\/v2\/tags?post=15207"}],"curies":[{"name":"wp","href":"https:\/\/api.w.org\/{rel}","templated":true}]}}