{"id":15199,"date":"2018-06-03T16:30:23","date_gmt":"2018-06-03T16:30:23","guid":{"rendered":"https:\/\/moir.org.co\/web\/?p=15199"},"modified":"2018-06-03T16:30:23","modified_gmt":"2018-06-03T16:30:23","slug":"estan-criminalizando-el-voto-en-blanco-jorge-enrique-robledo","status":"publish","type":"post","link":"https:\/\/moir.com.co\/web\/estan-criminalizando-el-voto-en-blanco-jorge-enrique-robledo\/","title":{"rendered":"\u201cEst\u00e1n criminalizando el voto en blanco\u201d: Jorge Enrique Robledo"},"content":{"rendered":"<p><strong>Entrevista de\u00a0Cecilia Orozco Tasc\u00f3n a Jorge Enrique Robledo, El Espectador, Bogot\u00e1, junio 3 de 2018<\/strong><\/p>\n<p><em>El senador del Polo, uno de los pilares de Coalici\u00f3n Colombia que por escasos 262 mil votos no pas\u00f3 a segunda vuelta con Sergio Fajardo, explica su voto en blanco en esta etapa que implica no inclinar la balanza de su grupo de izquierda hacia Gustavo Petro. Habla tambi\u00e9n sobre el creciente cambio en la conducta electoral del pa\u00eds y sobre la reunificaci\u00f3n de los pol\u00edticos tradicionales en torno al candidato de derecha Iv\u00e1n Duque.<\/em><\/p>\n<p><strong>Usted y un sector minoritario del Polo han decidido votar en blanco en la segunda vuelta mientras la mayor\u00eda de su partido votar\u00e1 por Gustavo Petro \u00bfsu voto en blanco no terminar\u00e1 ayudando a la derecha representada por Iv\u00e1n Duque lo cual ser\u00eda muy extra\u00f1o viniendo de usted y de quienes lo acompa\u00f1an en la izquierda polista?<\/strong><\/p>\n<p>Si vamos a votar en blanco es porque consideramos que ninguno de los dos proyectos presidenciales en disputa, cumple con los requisitos m\u00ednimos que, creemos, debe cumplir una candidatura para respaldarla. La decisi\u00f3n y la responsabilidad de escoger al pr\u00f3ximo Presidente la tomar\u00e1n quienes voten por el uno o por el otro, de acuerdo con las reglas del juego; el voto en blanco es en blanco, no por nadie. Y es tan respetable como votar por A, por B, nulo o no votar. Vale recordar que el Polo, con Petro a la cabeza, promovi\u00f3 no votar o votar en blanco en 2010 y que yo lo ejerc\u00ed, en 2014. Ahora, en esta elecci\u00f3n, han intentado convertirlo en casi un delito para justificar ataques falaces y fuera de toda proporci\u00f3n.<\/p>\n<p><strong>\u00bfEst\u00e1n criminalizando el voto en blanco? \u00bfQui\u00e9nes?<\/strong><\/p>\n<p>S\u00ed, lo est\u00e1n criminalizando. E, incluso, desde antes me han atacado por respaldar a Fajardo. Barras bravas de los candidatos que pasaron a la segunda vuelta volvieron Internet un instrumento de calumnias y canalladas para silenciar a quienes pensamos diferente a los matones cibern\u00e9ticos.<\/p>\n<p><strong>Es obvio que usted, con sus posiciones ideol\u00f3gicas, no acompa\u00f1e ni adhiera a una campa\u00f1a de derecha pero, puntualmente, \u00bfpor cu\u00e1les razones no votar\u00e1 por un candidato que el pa\u00eds identifica con la izquierda?<\/strong><\/p>\n<p>En 2010, el Polo hizo consulta entre Carlos Gaviria y Gustavo Petro. Respald\u00e9 a Gaviria pero gan\u00f3 Petro. Y a pesar de las muchas diferencias que ten\u00edamos, le di tres vueltas a Colombia promoviendo su candidatura. El resto del Polo tambi\u00e9n cumpli\u00f3 lo acordado. \u00c9l apenas obtuvo, ese a\u00f1o, el 9% de los votos contra el 22% de Gaviria, en 2006, pero en aras de la unidad, lo dejamos pasar. Lamentablemente, repito, lamentablemente, Petro, sin siquiera consultar al Polo, hizo un acuerdo con Santos quien lo acababa de derrotar. Y\u00a0 para desarrollar ese acuerdo, pidi\u00f3 la presidencia del partido que se le rechaz\u00f3, en votaci\u00f3n 26 a 7. Y \u00e9l, repito de nuevo, lamentablemente, en lugar de acatar la decisi\u00f3n, ese 2 de agosto rompi\u00f3 con el Polo. Nunca lo volvimos a ver. Quedamos, entonces, en dos proyectos diferentes. Tanto que en la primera vuelta presidencial de 2014 Petro respald\u00f3 a Santos-Vargas Lleras, a pesar de que el Polo ten\u00eda candidata a la Presidencia. As\u00ed se rompi\u00f3 por completo la confianza entre nosotros que es, a mi juicio, la base sin la cual no puede funcionar\u00a0 ninguna relaci\u00f3n personal, de negocios o pol\u00edtica.<\/p>\n<p><strong>Cuando se le hacen reparos pol\u00edticos al candidato Petro y a sus amigos, estos contraargumentan que todo es falso \u00bfHay documentos o testimonios ajenos al suyo que comprueben que Petro incumpli\u00f3 pactos o que, por ejemplo, \u201crespald\u00f3 a Santos-Vargas Lleras\u201d en lugar de a Clara L\u00f3pez?<\/strong><\/p>\n<p>Se sabe lo cuidadoso que soy en la sustentaci\u00f3n de mis afirmaciones. En\u00a0este\u00a0enlace (<a href=\"http:\/\/bit.ly\/2LRzkig\" target=\"_blank\" rel=\"noopener\">http:\/\/bit.ly\/2LRzkig<\/a>)\u00a0los lectores encontrar\u00e1n abundantes pruebas de lo que estoy diciendo, adem\u00e1s del acta de la reuni\u00f3n en la que Petro rompi\u00f3 con el Polo.<\/p>\n<p><strong>Puedo concluir, entonces, que desconf\u00edan de Petro\u2026<\/strong><\/p>\n<p>As\u00ed es. Por lo que he dicho, por otras razones y a pesar de nuestros numerosos esfuerzos por evitarlo, esa confianza se perdi\u00f3.<\/p>\n<p><strong>\u00bfA qu\u00e9 le atribuye usted el \u00e9xito de masas y el atractivo electoral de Petro?<\/strong><\/p>\n<p>Es un hecho que el doctor Petro no pertenece a los mismos con las mismas que Colombia repudia y que su trayectoria &#8211; no obstante sus errores e inconsistencias -, sumada a la gran inconformidad de las gentes, le han generado capacidad de atracci\u00f3n.<\/p>\n<p><strong>El hecho de que su sector \u201cminoritario\u201d, seg\u00fan se defini\u00f3 en el comunicado publicado por el Polo esta semana, no se atenga a lo que la mayor\u00eda quiere, \u00bfpone a su partido frente a una nueva divisi\u00f3n?<\/strong><\/p>\n<p>El Polo ha ganado en madurez en el trato de las diferencias internas. Por eso la decisi\u00f3n fue mediante un consenso que expresa estas posiciones: unanimidad para resaltar la importancia de Coalici\u00f3n Colombia y la gran votaci\u00f3n de Sergio Fajardo, al igual que para acordar \u201cnada con Iv\u00e1n Duque\u201d; decisi\u00f3n mayoritaria sobre candidato presidencial y expresa manifestaci\u00f3n, de nuestra parte, de votar en blanco. Nos ha ayudado mucho entender, mejor, que este es nuestro proyecto pol\u00edtico diferente a los dem\u00e1s, as\u00ed podamos hacer acuerdos con otros.<\/p>\n<p><strong>Su decisi\u00f3n de votar en blanco \u00bfse limitar\u00e1 a depositar el tarjet\u00f3n en ese sentido, o va a hacer campa\u00f1a para promocionarlo?<\/strong><\/p>\n<p>Los colombianos saben que vamos a votar en blanco, entre otras cosas, porque se deben asumir, p\u00fablicamente, las responsabilidades pol\u00edticas pero no creo que podamos ir mucho m\u00e1s all\u00e1.<\/p>\n<p><strong>Otros personajes de renombre y credibilidad pol\u00edtica est\u00e1n anunciando que votar\u00e1n en blanco. Sergio Fajardo y Humberto de la Calle, por ejemplo y podr\u00edan sumarse m\u00e1s \u00bfCree que ese fen\u00f3meno crecer\u00e1 y que si eso sucede, tendr\u00eda un significado pol\u00edtico que no se podr\u00eda ignorar?<\/strong><\/p>\n<p>El voto en blanco puede ser muy numeroso el 17 de junio porque el descontento con la situaci\u00f3n del pa\u00eds es enorme, porque muchos no nos vemos representados por ninguno de los candidatos, y porque los colombianos queremos hacernos sentir.<\/p>\n<p><strong>El respetable consejero electoral Armando Novoa, ha enviado una carta al Registrador Nacional pidi\u00e9ndole que elimine del tarjet\u00f3n, la casilla para votar en blanco. Seg\u00fan \u00e9l, el voto en blanco es una tercera opci\u00f3n y para la segunda vuelta presidencial solo est\u00e1n reglamentadas dos \u00bfCree que esa eliminaci\u00f3n, si se diera, ser\u00eda justa desde el punto de vista pol\u00edtico?<\/strong><\/p>\n<p>Creo que esta vez se le fueron las luces y que su propuesta falla en tres aspectos: no deben cambiarse las reglas del juego sobre el tarjet\u00f3n, d\u00edas antes de una elecci\u00f3n; el voto es un derecho que no se le puede negar o dificultar a quienes optan por sufragar, y esa teor\u00eda es inconstitucional. Espero que el Consejo Nacional Electoral no le d\u00e9 el pase a esa petici\u00f3n.<\/p>\n<p><strong>\u00bfEs consciente de que usted es de los poqu\u00edsimos congresistas que no adherir\u00e1 a uno de los dos candidatos en momentos en que todos corren a pedir que los reciban en una de las dos campa\u00f1as?<\/strong><\/p>\n<p>Uno de mis orgullos es que jam\u00e1s alguien por quien yo haya votado, haya llegado la Presidencia porque nunca ha ganado el que necesita Colombia. Esta vez estuvimos muy cerca de pasar con Fajardo a la segunda vuelta, elecci\u00f3n en la que hubiera derrotado a Duque. Pero no se dio y como eso en pol\u00edtica tiene consecuencias, las asumir\u00e9 con coherencia y con facilidad porque mi adicci\u00f3n a la mermelada es igual a cero. Tambi\u00e9n con la gran compensaci\u00f3n del entusiasmo creado por Coalici\u00f3n Colombia: somos millones los que vemos en ella la gran posibilidad de un proyecto capaz de iniciar el cambio democr\u00e1tico que requiere el pa\u00eds.<\/p>\n<p><strong>Algunos analistas le dan alcance de cambio profundo a los abultados resultados a favor de Fajardo y del propio Petro quienes sin contar con maquinarias electorales, suman casi 9 millones de papeletas \u00bfVe usted una transformaci\u00f3n pol\u00edtica en Colombia?<\/strong><\/p>\n<p>El pa\u00eds est\u00e1 hasta la coronilla con la inmensa corrupci\u00f3n y las otras malas ejecutorias de quienes han gobernado. Esto se expres\u00f3 en el amplio respaldo a esas dos candidaturas. S\u00ed creo que el pa\u00eds ha empezado a caminar con firmeza hacia un cambio. De ah\u00ed que sea tan clave acertar en lo que debe hacerse.<\/p>\n<p><strong>La copiosa votaci\u00f3n que obtuvo su coalici\u00f3n sorprendi\u00f3 al pa\u00eds pol\u00edtico que no le daba muchas posibilidades \u00bfLos sorprendi\u00f3 tambi\u00e9n a ustedes?<\/strong><\/p>\n<p>Fue una campa\u00f1a dif\u00edcil porque las otras campa\u00f1as y sus publicistas entendieron, desde el primer d\u00eda, que no pod\u00edan dejar a pasar a Fajardo a la segunda vuelta, dado que en esa vuelta, \u00e9l le ganar\u00eda a cualquiera. Adem\u00e1s, no fueron pocos los ataques sucios contra nosotros y las dificultades que pasamos. Aunque tuvimos menores recursos que las otras propuestas, siempre fuimos optimistas porque Fajardo es un aut\u00e9ntico l\u00edder anticorrupci\u00f3n, ten\u00eda un excelente programa y, en la calle, sent\u00edamos el enorme respeto y cari\u00f1o de los colombianos hacia \u00e9l. Tambi\u00e9n \u00e9ramos optimistas porque palpamos el enorme repudio de los colombianos hacia la clase pol\u00edtica, como en efecto se demostr\u00f3, aunque muchos no hubieran captado que Duque tambi\u00e9n era de los mismos con las mismas.<\/p>\n<p><strong>La coalici\u00f3n Fajardo-L\u00f3pez-Robledo \u00bftrabajar\u00e1 para las elecciones locales y regionales del a\u00f1o entrante y las pr\u00f3ximas presidenciales o hasta aqu\u00ed lleg\u00f3?<\/strong><\/p>\n<p>Desde cuando creamos Coalici\u00f3n Colombia (Polo, Verdes y Compromiso Ciudadano) anunciamos que este proyecto era de mediano y largo plazo y as\u00ed empezamos a armarlo. Casi logramos unificar la lista de Senado, en diez departamentos unimos las listas de C\u00e1mara y tenemos decidido trabajar conjuntamente para las elecciones regionales de 2019 as\u00ed como para las de 2022. Soy muy optimista en la consolidaci\u00f3n de este acuerdo.<\/p>\n<p><strong>Es muy probable que el pr\u00f3ximo gobierno ni proteja ni desarrolle el Acuerdo de Paz sino que lo marchite \u00bfCu\u00e1l ser\u00e1 su posici\u00f3n y la de Coalici\u00f3n Colombia frente al incumplimiento o modificaci\u00f3n de lo pactado?<\/strong><\/p>\n<p>Uno de los pilares de Coalici\u00f3n Colombia es que los tres sectores que la constituimos respaldamos el proceso de paz y lo seguiremos defendiendo ante el pr\u00f3ximo Gobierno y en el nuevo Congreso. Y si gana Duque, ojal\u00e1 se sientan ah\u00edtos puesto que\u00a0 lograr\u00edan el objetivo principal con su desproporcionada oposici\u00f3n al Acuerdo que no era otro que ganar la jefatura del Estado para controlar el presupuesto y seguir con las mismas pol\u00edticas de Gaviria, Samper, Pastrana, Uribe y Santos, de manera que \u2013 ah\u00edtos ya, repito -, asuman la actitud sensata de acabar de sacar adelante el proceso. El voto en blanco anunciado por de la Calle parece indicar algo en este sentido que, ojal\u00e1, nos lleve al desarme de los esp\u00edritus entre las partes, como condici\u00f3n indispensable para la superaci\u00f3n total de una violencia de medio siglo.<\/p>\n<p><strong>\u00bfCree que el voto en blanco de de la Calle, \u00bfsugiere el apaciguamiento de los \u00e1nimos belicosos del uribismo contra el Acuerdo?<\/strong><\/p>\n<p>No, exactamente, pero su voto en blanco podr\u00eda interpretarse como que \u00e9l ve que, en lo sustancial, el Acuerdo de Paz es m\u00e1s inmodificable de lo que pueda parecer.<\/p>\n<p><strong>A usted le han endilgado un sectarismo de izquierda da\u00f1ino por cuanto no habr\u00eda permitido crecer en n\u00famero y en influencia popular al Polo \u00bfC\u00f3mo logr\u00f3 conformar una coalici\u00f3n con los movimientos de Fajardo y de Claudia L\u00f3pez quienes no son precisamente izquierdistas?<\/strong><\/p>\n<p>Quienes me critican, sin raz\u00f3n, apelan a r\u00f3tulos que no pueden demostrar. Si los cargos son ciertos, \u00bfpor qu\u00e9 respald\u00e9 las candidaturas de Carlos Gaviria, Petro, Clara L\u00f3pez y Fajardo y por qu\u00e9 renunci\u00e9 dos veces a mi aspiraci\u00f3n a la Presidencia? \u00bfPor qu\u00e9 fui uno de los fundadores de la primera organizaci\u00f3n agraria que uni\u00f3 a campesinos, ind\u00edgenas y empresarios? Lo que en verdad les molesta es la coherencia de nuestras posiciones. En el caso de Coalici\u00f3n Colombia y con diferencias que se mantienen, suscribimos 27 p\u00e1ginas de coincidencias. Si algo ha sido grato, adem\u00e1s\u00a0 de la gran camarader\u00eda y buen humor con que trabajamos, fue encontrar el est\u00edmulo de una muchachada entusiasta en que conformar\u00e1 el futuro pol\u00edtico del pa\u00eds.<\/p>\n<p><strong>Una pregunta personal para terminar: usted hab\u00eda renunciado, pr\u00e1cticamente, a volver al Congreso. Al final, y despu\u00e9s de una corta precandidatura presidencial, se present\u00f3 al Senado \u00bfPor qu\u00e9 regres\u00f3 y por cu\u00e1nto tiempo?<\/strong><\/p>\n<p>Desde cuando decid\u00ed luchar por cambiar a Colombia, en mi \u00e9poca universitaria, asum\u00ed como conducta inmodificable que solo har\u00eda lo que considerara mejor para el pa\u00eds. Renunci\u00e9 a ser candidato presidencial del Polo y decid\u00ed volver al Senado por esa raz\u00f3n y en mi futuro eso es lo que veo, cualquiera sea el sitio en que me toque jugar. Ya veremos. Y, en ello tengo decidido andar el d\u00eda en que me bajen el tel\u00f3n. Si sobre algo debemos darles ejemplo a los j\u00f3venes interesados en pol\u00edtica, es en la importancia de la coherencia y la persistencia en la batalla por una naci\u00f3n soberana.<\/p>\n<p><strong>\u00bfQu\u00e9 quiere decir con la frase \u201ctengo decidido andar el d\u00eda en que me bajen el tel\u00f3n\u201d?<\/strong><\/p>\n<p>La figura del tel\u00f3n tiene que ver con que no se me ha olvidado que no somos eternos aunque me sienta muy bien de salud y fuerza. Y con\u00a0 la necesidad de formar j\u00f3venes que hagan el relevo generacional.<\/p>\n<p><strong>El nuevo actor pol\u00edtico de Colombia<\/strong><\/p>\n<p><em>Al tiempo con la polarizada elecci\u00f3n presidencial del pr\u00f3ximo 17 de junio, se est\u00e1 presentando un fen\u00f3meno que ha sido marginal en la historia de las contiendas pol\u00edticas en Colombia: el del voto en blanco que podr\u00eda conseguir un n\u00famero importante. Y aunque en segunda vuelta no tenga validez jur\u00eddica, si logra una cifra cuantiosa tendr\u00eda un efecto pol\u00edtico de consideraci\u00f3n como manifestaci\u00f3n de rechazo a los dos extremos representados en los candidatos Duque y Petro.\u00a0 Tres l\u00edderes que cuentan con representaci\u00f3n popular\u00a0 y respeto nacional:\u00a0 Humberto de la Calle, padre del Acuerdo de Paz; Sergio Fajardo, excandidato de Coalici\u00f3n Colombia que obtuvo 4 millones y medio de votos en la primera vuelta y el senador Jorge Enrique Robledo, del partido de izquierda Polo Democr\u00e1tico, anunciaron que utilizar\u00e1n la herramienta del voto en blanco. Es decir, no se sienten representados ni por Duque ni por Petro. Pese a que han sido criticados por varios de sus colegas de partido y parlamento, los tres defienden, \u00e9ticamente, su decisi\u00f3n que valorizaron aunque ninguno haya pretendido arrastrar \u00a0a sus seguidores. Est\u00e1 por verse cu\u00e1ntos colombianos se inclinar\u00e1n por el hasta ahora ignorado voto-abstenci\u00f3n que pinta como nuevo actor p\u00fablico del pa\u00eds.<\/em><\/p>\n<p><strong>\u201cNadie es m\u00e1s f\u00e1cil de enga\u00f1ar que un asustado\u201d<\/strong><\/p>\n<p><strong>Se sabe que el establecimiento y los partidos se est\u00e1n uniendo en torno a la candidatura de Iv\u00e1n Duque y que, en consecuencia, este ser\u00e1, muy probablemente, el nuevo Presidente. Primero, \u00bfle teme a un nuevo gobierno uribista? Segundo, \u00bfle teme m\u00e1s a un gobierno de Duque o a uno de Petro?<\/strong><\/p>\n<p>En el Congreso de hoy corre el chiste de que un santista es un exuribista. Y\u00a0 en el nuevo Congreso se puede volver cierta mi advertencia de que un uribista sea un exsantista, hecho que prueba dos cosas: la gran capacidad de la dial\u00e9ctica de la mermelada para persuadir y unir, y lo mucho que ha tenido de farsa la pelea de perros y gatos sobre el Acuerdo de Paz, pleito que tambi\u00e9n cumple con el objetivo de ocultar que las c\u00fapulas santistas y uribistas coinciden en el 99% de las pol\u00edticas de importancia. Esperemos que cualquiera que gane, gobierne con actitud democr\u00e1tica y no promueva el odio y el miedo como manera de manipular a los colombianos, porque nadie es m\u00e1s f\u00e1cil de enga\u00f1ar que un asustado.<\/p>\n<p><strong>Las diferencias de su sector con Petro, \u00bfson de qu\u00e9 orden y por qu\u00e9 resultan insalvables?<\/strong><\/p>\n<p>Tenemos no pocas diferencias program\u00e1ticas y conceptuales pero el punto fundamental es que no nos inspira el m\u00ednimo de confianza que debe inspirar alguien para que podamos llamar a los colombianos a votar por \u00e9l.<\/p>\n","protected":false},"excerpt":{"rendered":"<p>Entrevista de\u00a0Cecilia Orozco Tasc\u00f3n a Jorge Enrique Robledo, El Espectador, Bogot\u00e1, junio 3 de 2018 El senador del Polo, uno de los pilares de Coalici\u00f3n Colombia que por escasos 262 mil votos no pas\u00f3 a segunda vuelta con Sergio Fajardo, explica su voto en blanco en esta etapa que implica no inclinar la balanza de [&hellip;]<\/p>\n","protected":false},"author":1,"featured_media":15200,"comment_status":"open","ping_status":"open","sticky":false,"template":"","format":"standard","meta":{"advanced_seo_description":"","jetpack_seo_html_title":"","jetpack_seo_noindex":false,"_jetpack_memberships_contains_paid_content":false,"footnotes":""},"categories":[114,102,97,4,98],"tags":[],"class_list":["post-15199","post","type-post","status-publish","format-standard","has-post-thumbnail","hentry","category-agro","category-economia","category-imperialismo-y-neoliberalismo","category-jorge-enrique-robledo","category-politica"],"jetpack_featured_media_url":"https:\/\/i0.wp.com\/moir.com.co\/web\/wp-content\/uploads\/2018\/06\/robledoEE030618.jpg?fit=984%2C655&ssl=1","jetpack-related-posts":[{"id":15235,"url":"https:\/\/moir.com.co\/web\/votar-en-blanco-no-es-un-crimen-robledo\/","url_meta":{"origin":15199,"position":0},"title":"Votar en blanco no es un crimen, Robledo","author":"admin","date":"junio 5, 2018","format":false,"excerpt":"Entrevista de El Nuevo Siglo, Bogot\u00e1, junio 5 de 2018 Gustavo Petro no tiene la confianza del senador Jorge Enrique Robledo y por eso que el congresista del Polo Democr\u00e1tico decidi\u00f3 votar en blanco el 17 de junio, agregando que cree que el porcentaje de la votaci\u00f3n en blanco ser\u00e1\u2026","rel":"","context":"En \u00abJorge Enrique Robledo\u00bb","block_context":{"text":"Jorge Enrique Robledo","link":"https:\/\/moir.com.co\/web\/category\/jorge-enrique-robledo\/"},"img":{"alt_text":"","src":"https:\/\/i0.wp.com\/moir.com.co\/web\/wp-content\/uploads\/2018\/04\/robledoet140418.jpeg?fit=640%2C428&ssl=1&resize=350%2C200","width":350,"height":200,"srcset":"https:\/\/i0.wp.com\/moir.com.co\/web\/wp-content\/uploads\/2018\/04\/robledoet140418.jpeg?fit=640%2C428&ssl=1&resize=350%2C200 1x, https:\/\/i0.wp.com\/moir.com.co\/web\/wp-content\/uploads\/2018\/04\/robledoet140418.jpeg?fit=640%2C428&ssl=1&resize=525%2C300 1.5x"},"classes":[]},{"id":15242,"url":"https:\/\/moir.com.co\/web\/robledo-critica-el-matoneo-que-hay-en-contra-de-quienes-votaran-en-blanco-en-la-segunda-vuelta\/","url_meta":{"origin":15199,"position":1},"title":"Robledo critica el \u201cmatoneo\u201d que hay en contra de quienes votar\u00e1n en blanco en la segunda vuelta","author":"admin","date":"junio 7, 2018","format":false,"excerpt":"Entrevista de\u00a0elolfato.com, junio 7 de 2018 El senador tolimense Jorge Enrique Robledo\u00a0sali\u00f3 en defensa de los ciudadanos que optaron por votar en blanco en la segunda vuelta presidencial del 17 de junio, y pidi\u00f3 a los seguidores de Iv\u00e1n Duque y Gustavo Petro frenar el \u201cmatoneo\u201d en las redes sociales.\u2026","rel":"","context":"En \u00abImperialismo y Neoliberalismo\u00bb","block_context":{"text":"Imperialismo y Neoliberalismo","link":"https:\/\/moir.com.co\/web\/category\/temas\/imperialismo-y-neoliberalismo\/"},"img":{"alt_text":"","src":"https:\/\/i0.wp.com\/moir.com.co\/web\/wp-content\/uploads\/2018\/06\/Robledoelolfato.jpg?fit=835%2C470&ssl=1&resize=350%2C200","width":350,"height":200,"srcset":"https:\/\/i0.wp.com\/moir.com.co\/web\/wp-content\/uploads\/2018\/06\/Robledoelolfato.jpg?fit=835%2C470&ssl=1&resize=350%2C200 1x, https:\/\/i0.wp.com\/moir.com.co\/web\/wp-content\/uploads\/2018\/06\/Robledoelolfato.jpg?fit=835%2C470&ssl=1&resize=525%2C300 1.5x, https:\/\/i0.wp.com\/moir.com.co\/web\/wp-content\/uploads\/2018\/06\/Robledoelolfato.jpg?fit=835%2C470&ssl=1&resize=700%2C400 2x"},"classes":[]},{"id":15245,"url":"https:\/\/moir.com.co\/web\/cambios-profundos-en-la-politica-nacional-reflejan-las-elecciones-del-2018\/","url_meta":{"origin":15199,"position":2},"title":"Cambios profundos en la pol\u00edtica nacional reflejan las elecciones del 2018","author":"admin","date":"junio 8, 2018","format":false,"excerpt":"Norman Alarc\u00f3n Rodas, Barranquilla, junio 8 de 2018 Importantes medios nacionales de comunicaci\u00f3n informaron en sus emisiones del lunes 28 de mayo que el d\u00eda anterior, en las elecciones de la primera vuelta presidencial, hab\u00eda surgido un fen\u00f3meno pol\u00edtico en Colombia: Sergio Fajardo, el candidato presidencial de la Coalici\u00f3n Colombia,\u2026","rel":"","context":"En \u00abPol\u00edtica\u00bb","block_context":{"text":"Pol\u00edtica","link":"https:\/\/moir.com.co\/web\/category\/temas\/politica\/"},"img":{"alt_text":"","src":"https:\/\/i0.wp.com\/moir.com.co\/web\/wp-content\/uploads\/2018\/06\/boletaelectoral2018.jpeg?fit=236%2C213&ssl=1&resize=350%2C200","width":350,"height":200},"classes":[]},{"id":15191,"url":"https:\/\/moir.com.co\/web\/robledo-explica-sus-razones-para-votar-en-blanco-transcripcion-de-la-entrevista-en-la-w\/","url_meta":{"origin":15199,"position":3},"title":"Robledo explica sus razones para votar en blanco. Transcripci\u00f3n y audio de la entrevista en la W","author":"admin","date":"mayo 31, 2018","format":false,"excerpt":"Bogot\u00e1, mayo 31 de 2018 LA W: Usted estaba en una tarima llena de triunfadores despu\u00e9s de las votaciones del domingo, una tarima de triunfadores independientes que le dicen No a la corrupci\u00f3n, Sergio Fajardo, Claudia L\u00f3pez y usted.\u00a0\u00bfQu\u00e9 reflexiones hace para la segunda vuelta? *Jorge Robledo: Sobre este asunto\u2026","rel":"","context":"En \u00abImperialismo y Neoliberalismo\u00bb","block_context":{"text":"Imperialismo y Neoliberalismo","link":"https:\/\/moir.com.co\/web\/category\/temas\/imperialismo-y-neoliberalismo\/"},"img":{"alt_text":"","src":"https:\/\/i0.wp.com\/moir.com.co\/web\/wp-content\/uploads\/2018\/05\/robledofajardoalvaro.jpg?fit=770%2C450&ssl=1&resize=350%2C200","width":350,"height":200,"srcset":"https:\/\/i0.wp.com\/moir.com.co\/web\/wp-content\/uploads\/2018\/05\/robledofajardoalvaro.jpg?fit=770%2C450&ssl=1&resize=350%2C200 1x, https:\/\/i0.wp.com\/moir.com.co\/web\/wp-content\/uploads\/2018\/05\/robledofajardoalvaro.jpg?fit=770%2C450&ssl=1&resize=525%2C300 1.5x, https:\/\/i0.wp.com\/moir.com.co\/web\/wp-content\/uploads\/2018\/05\/robledofajardoalvaro.jpg?fit=770%2C450&ssl=1&resize=700%2C400 2x"},"classes":[]},{"id":15274,"url":"https:\/\/moir.com.co\/web\/entre-el-continuismo-y-la-desconfianza-elijo-la-esperanza\/","url_meta":{"origin":15199,"position":4},"title":"Entre el continuismo y la desconfianza elijo la esperanza","author":"admin","date":"junio 13, 2018","format":false,"excerpt":"Yeilor Rafael Espinel Torres, Cundinamarca, junio 13 de 2018 Luego de la excelente votaci\u00f3n obtenida por Sergio Fajardo y la Coalici\u00f3n Colombia a nivel nacional (4.589.696) y en Cundinamarca (328.519), nos queda la satisfacci\u00f3n y la certeza de que ha nacido una nueva corriente pol\u00edtica que provista de paciencia, serenidad\u2026","rel":"","context":"En \u00abPol\u00edtica\u00bb","block_context":{"text":"Pol\u00edtica","link":"https:\/\/moir.com.co\/web\/category\/temas\/politica\/"},"img":{"alt_text":"","src":"https:\/\/i0.wp.com\/moir.com.co\/web\/wp-content\/uploads\/2018\/06\/votoblanco.png?fit=1024%2C600&ssl=1&resize=350%2C200","width":350,"height":200,"srcset":"https:\/\/i0.wp.com\/moir.com.co\/web\/wp-content\/uploads\/2018\/06\/votoblanco.png?fit=1024%2C600&ssl=1&resize=350%2C200 1x, https:\/\/i0.wp.com\/moir.com.co\/web\/wp-content\/uploads\/2018\/06\/votoblanco.png?fit=1024%2C600&ssl=1&resize=525%2C300 1.5x, https:\/\/i0.wp.com\/moir.com.co\/web\/wp-content\/uploads\/2018\/06\/votoblanco.png?fit=1024%2C600&ssl=1&resize=700%2C400 2x"},"classes":[]},{"id":15254,"url":"https:\/\/moir.com.co\/web\/resultado-electoral-y-voto-en-blanco\/","url_meta":{"origin":15199,"position":5},"title":"Resultado electoral y voto en blanco","author":"admin","date":"junio 9, 2018","format":false,"excerpt":"Jorge Enrique Robledo, Bogot\u00e1, junio 8 de 2018 Todo voto a conciencia, as\u00ed se est\u00e9 en desacuerdo con \u00e9l, es respetable: por uno o por otro candidato y por supuesto en blanco (cuatro millones de franceses acaban de votar as\u00ed), si el ciudadano, a su juicio, considera que ninguno de\u2026","rel":"","context":"En \u00abJorge Enrique Robledo\u00bb","block_context":{"text":"Jorge Enrique Robledo","link":"https:\/\/moir.com.co\/web\/category\/jorge-enrique-robledo\/"},"img":{"alt_text":"","src":"https:\/\/i0.wp.com\/moir.com.co\/web\/wp-content\/uploads\/2018\/04\/robledoredesmanipulacion.jpg?fit=580%2C365&ssl=1&resize=350%2C200","width":350,"height":200,"srcset":"https:\/\/i0.wp.com\/moir.com.co\/web\/wp-content\/uploads\/2018\/04\/robledoredesmanipulacion.jpg?fit=580%2C365&ssl=1&resize=350%2C200 1x, https:\/\/i0.wp.com\/moir.com.co\/web\/wp-content\/uploads\/2018\/04\/robledoredesmanipulacion.jpg?fit=580%2C365&ssl=1&resize=525%2C300 1.5x"},"classes":[]}],"jetpack_sharing_enabled":true,"_links":{"self":[{"href":"https:\/\/moir.com.co\/web\/wp-json\/wp\/v2\/posts\/15199","targetHints":{"allow":["GET"]}}],"collection":[{"href":"https:\/\/moir.com.co\/web\/wp-json\/wp\/v2\/posts"}],"about":[{"href":"https:\/\/moir.com.co\/web\/wp-json\/wp\/v2\/types\/post"}],"author":[{"embeddable":true,"href":"https:\/\/moir.com.co\/web\/wp-json\/wp\/v2\/users\/1"}],"replies":[{"embeddable":true,"href":"https:\/\/moir.com.co\/web\/wp-json\/wp\/v2\/comments?post=15199"}],"version-history":[{"count":1,"href":"https:\/\/moir.com.co\/web\/wp-json\/wp\/v2\/posts\/15199\/revisions"}],"predecessor-version":[{"id":15201,"href":"https:\/\/moir.com.co\/web\/wp-json\/wp\/v2\/posts\/15199\/revisions\/15201"}],"wp:featuredmedia":[{"embeddable":true,"href":"https:\/\/moir.com.co\/web\/wp-json\/wp\/v2\/media\/15200"}],"wp:attachment":[{"href":"https:\/\/moir.com.co\/web\/wp-json\/wp\/v2\/media?parent=15199"}],"wp:term":[{"taxonomy":"category","embeddable":true,"href":"https:\/\/moir.com.co\/web\/wp-json\/wp\/v2\/categories?post=15199"},{"taxonomy":"post_tag","embeddable":true,"href":"https:\/\/moir.com.co\/web\/wp-json\/wp\/v2\/tags?post=15199"}],"curies":[{"name":"wp","href":"https:\/\/api.w.org\/{rel}","templated":true}]}}