{"id":15197,"date":"2018-06-02T16:06:42","date_gmt":"2018-06-02T16:06:42","guid":{"rendered":"https:\/\/moir.org.co\/web\/?p=15197"},"modified":"2018-06-02T16:06:42","modified_gmt":"2018-06-02T16:06:42","slug":"en-el-polo-estamos-aprendiendo-a-manejar-las-diferencias-jorge-robledo","status":"publish","type":"post","link":"https:\/\/moir.com.co\/web\/en-el-polo-estamos-aprendiendo-a-manejar-las-diferencias-jorge-robledo\/","title":{"rendered":"&#8220;En el Polo estamos aprendiendo a manejar las diferencias&#8221;: Jorge Robledo"},"content":{"rendered":"<p><strong>Entrevista en El Tiempo, Bogot\u00e1, junio 2 de 2018<\/strong><\/p>\n<p id=\"p225644-m123-6-124\" class=\"contenido\"><b>Despu\u00e9s de la primera vuelta, \u00bfc\u00f3mo queda la Coalici\u00f3n Colombia?<br \/>\n\u200b<\/b><br \/>\nQueda en una situaci\u00f3n muy favorable porque la votaci\u00f3n es impresionante, ah\u00ed hay un nuevo fen\u00f3meno pol\u00edtico. La decisi\u00f3n que tomamos esta semana el Polo, los \u2018verdes\u2019 y Compromiso Ciudadano es mantenernos en la Coalici\u00f3n Colombia proyectada a 2019.<\/p>\n<p><b>\u00bfLas posiciones variadas no afectan la estabilidad de la Coalici\u00f3n?<br \/>\n\u200b<\/b><br \/>\nNo. Ese es un problema que desaparece el 17 de junio. Eso se vuelve pasado, en cambio, lo que est\u00e1 en el futuro es seguir hacia adelante con la Coalici\u00f3n Colombia. La idea es que vamos a actuar como bancada.<\/p>\n<p><b>\u00bfNo dejan hu\u00e9rfanos a los electores de centro?<br \/>\n\u200b<\/b><br \/>\nSergio Fajardo ha dicho que seguir\u00e1 jugando un papel importante de aqu\u00ed al 2022. Yo espero que de toda esta polarizaci\u00f3n al pa\u00eds le llegue una oleada de sensatez.<\/p>\n<p><b>Los \u2018verdes\u2019, a pesar de ir divididos, mantienen un tono amigable, \u00bfpas\u00f3 lo mismo en el Polo?<br \/>\n\u200b<\/b><br \/>\nS\u00ed. Eso es muy significativo. En el Polo estamos aprendiendo a manejar las diferencias.<\/p>\n<p><b>\u00bfC\u00f3mo explica el fen\u00f3meno del voto en blanco en la segunda vuelta?<br \/>\n\u200b<\/b><br \/>\nEl voto en blanco es tan respetable como cualquier otro voto. Como esta elecci\u00f3n se ha vuelto tan agresiva, el voto en blanco se est\u00e1 volviendo como la nueva pena capital. En las elecciones de Francia hubo 4 millones de votos en blanco.<\/p>\n<div id=\"p225644-m202-9-203\" class=\"articulo-quote\">\n<div class=\"quote-bk\">\n<p id=\"m206-205-207\" class=\"mensaje\">El voto en blanco es tan respetable como cualquier otro voto. Como esta elecci\u00f3n se ha vuelto tan agresiva, el voto en blanco se est\u00e1 volviendo como la nueva pena capital<a id=\"m216-2-217\" class=\"btn_compartir2 page-link\"><\/a><\/p>\n<\/div>\n<\/div>\n<p id=\"p225644-m194-9-195\" class=\"contenido\"><b>\u00bfQu\u00e9 le impidi\u00f3 apoyar a Petro?<br \/>\n\u200b<\/b><br \/>\nHay grandes distancias. Los que optamos por el voto en blanco no confiamos en \u00e9l por hechos como el de 2014, cuando apoy\u00f3 a Santos, y no hay relaci\u00f3n pol\u00edtica sin confianza.<\/p>\n","protected":false},"excerpt":{"rendered":"<p>Entrevista en El Tiempo, Bogot\u00e1, junio 2 de 2018 Despu\u00e9s de la primera vuelta, \u00bfc\u00f3mo queda la Coalici\u00f3n Colombia? \u200b Queda en una situaci\u00f3n muy favorable porque la votaci\u00f3n es impresionante, ah\u00ed hay un nuevo fen\u00f3meno pol\u00edtico. La decisi\u00f3n que tomamos esta semana el Polo, los \u2018verdes\u2019 y Compromiso Ciudadano es mantenernos en la Coalici\u00f3n [&hellip;]<\/p>\n","protected":false},"author":1,"featured_media":14904,"comment_status":"open","ping_status":"open","sticky":false,"template":"","format":"standard","meta":{"advanced_seo_description":"","jetpack_seo_html_title":"","jetpack_seo_noindex":false,"_jetpack_memberships_contains_paid_content":false,"footnotes":""},"categories":[97,4,98],"tags":[],"class_list":["post-15197","post","type-post","status-publish","format-standard","has-post-thumbnail","hentry","category-imperialismo-y-neoliberalismo","category-jorge-enrique-robledo","category-politica"],"jetpack_featured_media_url":"https:\/\/i0.wp.com\/moir.com.co\/web\/wp-content\/uploads\/2018\/04\/robledoet140418.jpeg?fit=640%2C428&ssl=1","jetpack-related-posts":[{"id":14128,"url":"https:\/\/moir.com.co\/web\/una-coalicion-por-colombia\/","url_meta":{"origin":15197,"position":0},"title":"Una Coalici\u00f3n por Colombia","author":"admin","date":"diciembre 19, 2017","format":false,"excerpt":"Jos\u00e9 Arlex Arias, Cartagena, diciembre 18 de 2017 Mucho ha sucedido desde el pasado mes de junio cuando fue publicada una selfie de Claudia L\u00f3pez, Antonio Navarro, Jorge Robledo, Sergio Fajardo, Ang\u00e9lica Lozano e\u00a0Iv\u00e1n Marulanda. Cada uno por separado dijeron: Claudia: \u201c\u00a1Qu\u00e9 bueno compartir cena y conversaci\u00f3n con amigos! Vamos\u2026","rel":"","context":"En \u00abImperialismo y Neoliberalismo\u00bb","block_context":{"text":"Imperialismo y Neoliberalismo","link":"https:\/\/moir.com.co\/web\/category\/temas\/imperialismo-y-neoliberalismo\/"},"img":{"alt_text":"","src":"","width":0,"height":0},"classes":[]},{"id":14761,"url":"https:\/\/moir.com.co\/web\/video-muy-bien-les-fue-al-polo-a-la-coalicion-colombia-y-a-fajardo-robledo\/","url_meta":{"origin":15197,"position":1},"title":"Video: Muy bien les fue al Polo, a la Coalici\u00f3n Colombia y a Fajardo: Robledo","author":"admin","date":"marzo 20, 2018","format":"video","excerpt":"Intervenci\u00f3n del senador Jorge Enrique Robledo, plenaria del Senado, a prop\u00f3sito de los resultados electorales del 11 de marzo. Bogot\u00e1, marzo 20 de 2018","rel":"","context":"En \u00abJorge Enrique Robledo\u00bb","block_context":{"text":"Jorge Enrique Robledo","link":"https:\/\/moir.com.co\/web\/category\/jorge-enrique-robledo\/"},"img":{"alt_text":"","src":"","width":0,"height":0},"classes":[]},{"id":14903,"url":"https:\/\/moir.com.co\/web\/la-palabra-del-polo-esta-empenada-con-fajardo-jorge-enrique-robledo\/","url_meta":{"origin":15197,"position":2},"title":"\u2018La palabra del Polo est\u00e1 empe\u00f1ada con Fajardo\u2019: Jorge Enrique Robledo","author":"admin","date":"abril 14, 2018","format":false,"excerpt":"Entrevista de\u00a0la Redacci\u00f3n Pol\u00edtica a Jorge Enrique Robledo, El Tiempo, Bogot\u00e1, abril 14 de 2018 El senador\u00a0Jorge Enrique Robledo\u00a0(Polo), quien con el respaldo de su partido ayud\u00f3 a construir la Coalici\u00f3n Colombia para apoyar la candidatura presidencial de\u00a0Sergio Fajardo, en di\u00e1logo con EL TIEMPO, asegur\u00f3 que esa alianza ser\u00e1 ratificada\u2026","rel":"","context":"En \u00abJorge Enrique Robledo\u00bb","block_context":{"text":"Jorge Enrique Robledo","link":"https:\/\/moir.com.co\/web\/category\/jorge-enrique-robledo\/"},"img":{"alt_text":"","src":"https:\/\/i0.wp.com\/moir.com.co\/web\/wp-content\/uploads\/2018\/04\/robledoet140418.jpeg?fit=640%2C428&ssl=1&resize=350%2C200","width":350,"height":200,"srcset":"https:\/\/i0.wp.com\/moir.com.co\/web\/wp-content\/uploads\/2018\/04\/robledoet140418.jpeg?fit=640%2C428&ssl=1&resize=350%2C200 1x, https:\/\/i0.wp.com\/moir.com.co\/web\/wp-content\/uploads\/2018\/04\/robledoet140418.jpeg?fit=640%2C428&ssl=1&resize=525%2C300 1.5x"},"classes":[]},{"id":13328,"url":"https:\/\/moir.com.co\/web\/palabras-del-candidato-presidencial-jorge-robledo-en-el-primer-paso-de-la-gran-coalicion-ciudadana-por-colombia\/","url_meta":{"origin":15197,"position":3},"title":"Audio: Palabras del candidato presidencial Jorge Robledo en el primer paso de la Gran Coalici\u00f3n Ciudadana por Colombia","author":"admin","date":"septiembre 19, 2017","format":"audio","excerpt":"Palabras de Jorge Enrique Robledo, candidato presidencial del Polo Democr\u00e1tico en el llamado primero paso de la Gran Coalici\u00f3n Ciudadana por Colombia en compa\u00f1\u00eda de la candidata Claudia L\u00f3pez del Partido Verde y el candidato Sergio Fajardo de Compromiso Ciudadano quienes expresaron su voluntad de consolidar una coalici\u00f3n que decida\u2026","rel":"","context":"En \u00abEconom\u00eda\u00bb","block_context":{"text":"Econom\u00eda","link":"https:\/\/moir.com.co\/web\/category\/temas\/economia\/"},"img":{"alt_text":"","src":"https:\/\/i0.wp.com\/moir.com.co\/web\/wp-content\/uploads\/2017\/09\/coalicionlanzamiento.jpg?fit=1200%2C600&ssl=1&resize=350%2C200","width":350,"height":200,"srcset":"https:\/\/i0.wp.com\/moir.com.co\/web\/wp-content\/uploads\/2017\/09\/coalicionlanzamiento.jpg?fit=1200%2C600&ssl=1&resize=350%2C200 1x, https:\/\/i0.wp.com\/moir.com.co\/web\/wp-content\/uploads\/2017\/09\/coalicionlanzamiento.jpg?fit=1200%2C600&ssl=1&resize=525%2C300 1.5x, https:\/\/i0.wp.com\/moir.com.co\/web\/wp-content\/uploads\/2017\/09\/coalicionlanzamiento.jpg?fit=1200%2C600&ssl=1&resize=700%2C400 2x, https:\/\/i0.wp.com\/moir.com.co\/web\/wp-content\/uploads\/2017\/09\/coalicionlanzamiento.jpg?fit=1200%2C600&ssl=1&resize=1050%2C600 3x"},"classes":[]},{"id":13954,"url":"https:\/\/moir.com.co\/web\/si-es-posible-coalicion-colombia-obtiene-su-primer-triunfo-electoral-y-gana-la-alcaldia-de-yopal\/","url_meta":{"origin":15197,"position":4},"title":"\u00a1S\u00ed es posible! Coalici\u00f3n Colombia obtiene su primer triunfo electoral y gana la alcald\u00eda de Yopal","author":"admin","date":"noviembre 27, 2017","format":false,"excerpt":"Oficina de prensa del senador y candidato presidencial del Polo Jorge Enrique Robledo, Bogot\u00e1, noviembre 27 de 2017 Con el respaldo de Jorge Robledo, Sergio Fajardo y Claudia L\u00f3pez de la Coalici\u00f3n Colombia este domingo con 16.522 votos Leonardo Puentes fue elegido como nuevo alcalde de Yopal en las elecciones\u2026","rel":"","context":"En \u00abJorge Enrique Robledo\u00bb","block_context":{"text":"Jorge Enrique Robledo","link":"https:\/\/moir.com.co\/web\/category\/jorge-enrique-robledo\/"},"img":{"alt_text":"","src":"https:\/\/i0.wp.com\/moir.com.co\/web\/wp-content\/uploads\/2017\/11\/casanarecoalicionyopal.png?fit=768%2C510&ssl=1&resize=350%2C200","width":350,"height":200,"srcset":"https:\/\/i0.wp.com\/moir.com.co\/web\/wp-content\/uploads\/2017\/11\/casanarecoalicionyopal.png?fit=768%2C510&ssl=1&resize=350%2C200 1x, https:\/\/i0.wp.com\/moir.com.co\/web\/wp-content\/uploads\/2017\/11\/casanarecoalicionyopal.png?fit=768%2C510&ssl=1&resize=525%2C300 1.5x, https:\/\/i0.wp.com\/moir.com.co\/web\/wp-content\/uploads\/2017\/11\/casanarecoalicionyopal.png?fit=768%2C510&ssl=1&resize=700%2C400 2x"},"classes":[]},{"id":14230,"url":"https:\/\/moir.com.co\/web\/video-robledo-en-cableimagen-sobre-la-coalicion-colombia-y-su-candidatura-al-senado\/","url_meta":{"origin":15197,"position":5},"title":"Video: Robledo en Cableimagen sobre la Coalici\u00f3n Colombia y su candidatura al Senado","author":"admin","date":"enero 11, 2018","format":"video","excerpt":"Estuve recorriendo la localidad de Kennedy en Bogot\u00e1 y convers\u00e9 con el noticiero Cable Imagen sobre la actualidad del pa\u00eds y mi campa\u00f1a al Senado por el Polo Democr\u00e1tico #VotoRobledoPolo1 Bogot\u00e1, enero 11 de 2018","rel":"","context":"En \u00abBogot\u00e1\u00bb","block_context":{"text":"Bogot\u00e1","link":"https:\/\/moir.com.co\/web\/category\/temas\/bogota\/"},"img":{"alt_text":"","src":"","width":0,"height":0},"classes":[]}],"jetpack_sharing_enabled":true,"_links":{"self":[{"href":"https:\/\/moir.com.co\/web\/wp-json\/wp\/v2\/posts\/15197","targetHints":{"allow":["GET"]}}],"collection":[{"href":"https:\/\/moir.com.co\/web\/wp-json\/wp\/v2\/posts"}],"about":[{"href":"https:\/\/moir.com.co\/web\/wp-json\/wp\/v2\/types\/post"}],"author":[{"embeddable":true,"href":"https:\/\/moir.com.co\/web\/wp-json\/wp\/v2\/users\/1"}],"replies":[{"embeddable":true,"href":"https:\/\/moir.com.co\/web\/wp-json\/wp\/v2\/comments?post=15197"}],"version-history":[{"count":1,"href":"https:\/\/moir.com.co\/web\/wp-json\/wp\/v2\/posts\/15197\/revisions"}],"predecessor-version":[{"id":15198,"href":"https:\/\/moir.com.co\/web\/wp-json\/wp\/v2\/posts\/15197\/revisions\/15198"}],"wp:featuredmedia":[{"embeddable":true,"href":"https:\/\/moir.com.co\/web\/wp-json\/wp\/v2\/media\/14904"}],"wp:attachment":[{"href":"https:\/\/moir.com.co\/web\/wp-json\/wp\/v2\/media?parent=15197"}],"wp:term":[{"taxonomy":"category","embeddable":true,"href":"https:\/\/moir.com.co\/web\/wp-json\/wp\/v2\/categories?post=15197"},{"taxonomy":"post_tag","embeddable":true,"href":"https:\/\/moir.com.co\/web\/wp-json\/wp\/v2\/tags?post=15197"}],"curies":[{"name":"wp","href":"https:\/\/api.w.org\/{rel}","templated":true}]}}