{"id":1518,"date":"2006-10-09T21:55:15","date_gmt":"2006-10-09T21:55:15","guid":{"rendered":"https:\/\/moir.org.co\/web\/declaracion-publica-sobre-el-proyecto-de-ley-gubernamental-de-estatuto-de-desarrollo-rural\/"},"modified":"2006-10-09T21:55:15","modified_gmt":"2006-10-09T21:55:15","slug":"declaracion-publica-sobre-el-proyecto-de-ley-gubernamental-de-estatuto-de-desarrollo-rural","status":"publish","type":"post","link":"https:\/\/moir.com.co\/web\/declaracion-publica-sobre-el-proyecto-de-ley-gubernamental-de-estatuto-de-desarrollo-rural\/","title":{"rendered":"DECLARACI\u00d3N PUBLICA SOBRE EL PROYECTO DE LEY GUBERNAMENTAL  DE  ESTATUTO DE DESARROLLO RURAL"},"content":{"rendered":"<p><strong>Bogot\u00e1, octubre 10 de 2006 <\/strong><\/p>\n<p>Las organizaciones  campesinas, ind\u00edgenas, afrocolombianas, agrarias, sociales, ambientales,  populares, de mujeres y sindicales que suscribimos la presente declaraci\u00f3n: <\/p>\n<ol style=\"margin-top: 0cm; margin-bottom: 0cm\">\n<li> \tDenunciamos los alcances regresivos y  \tantidemocr\u00e1ticos del proyecto  \tgubernamental de Ley de Desarrollo Rural que actualmente se debate en la  \tComisi\u00f3n V del Senado de la Rep\u00fablica bajo el n\u00famero 30S, por su car\u00e1cter  \tantinacional, atentatorio de la soberan\u00eda y la seguridad alimentarias, los  \tderechos de las comunidades campesinas, ind\u00edgenas y afrocolombianas, la  \tproducci\u00f3n nacional, la econom\u00eda campesina, las propiedades y posesiones de  \tla poblaci\u00f3n desplazada, la biodiversidad, la diversidad cultural y \u00e9tnica,  \ty entrega a\u00fan m\u00e1s el campo colombiano a las transnacionales.<\/li>\n<\/ol>\n<ol style=\"margin-top: 0cm; margin-bottom: 0cm\">\n<li>Rechazamos la intenci\u00f3n del gobierno nacional  \tde impulsar y lograr la aprobaci\u00f3n de este proyecto en tiempo r\u00e9cord, sin la  \tdebida participaci\u00f3n de las comunidades rurales, directamente afectadas con  \tsu aplicaci\u00f3n; y adem\u00e1s, sin surtir el  \ttr\u00e1mite obligatorio de Consulta previa a los pueblos ind\u00edgenas y comunidades  \tafrocolombianas, previsto en el Convenio 169 de la OIT y en la Constituci\u00f3n  \tPol\u00edtica<\/li>\n<\/ol>\n<ol style=\"margin-top: 0cm; margin-bottom: 0cm\">\n<li>Denunciamos la manera antidemocr\u00e1tica e ilegal  \tcomo la directiva de la Comisi\u00f3n V del Senado est\u00e1 dando curso a esta  \tiniciativa gubernamental, sin permitir, de acuerdo con el reglamento del  \tCongreso, la acumulaci\u00f3n del proyecto de ley 99S preparado por la  \tConvergencia Campesina, Negra e Ind\u00edgena y otras organizaciones, presentado  \tal Senado por el Polo Democr\u00e1tico Alternativo y que trata de la misma  \tmateria.  Por tanto, exigimos a la directiva de la Comisi\u00f3n V del Senado  \tproceder a la acumulaci\u00f3n de los dos proyectos.<\/li>\n<\/ol>\n<ol style=\"margin-top: 0cm; margin-bottom: 0cm\">\n<li>Advertimos que, con este Estatuto, en el marco  \tdel TLC, complementado con la Ley Forestal y la proyectada Ley de Aguas, el  \tcapital transnacional encontrar\u00e1 campo abonado para sus jugosos negocios, a  \tcosta del desplazamiento, el hambre y la miseria de cerca de doce millones  \tde colombianos necesitados que a\u00fan pueblan el campo y del menoscabo del  \tpatrimonio ambiental y la diversidad cultural; as\u00ed, el agro colombiano  \tquedar\u00eda definitivamente desprovisto de campesinos, ind\u00edgenas, negros y  \tproductores nacionales. Este es el verdadero \u201cinter\u00e9s estrat\u00e9gico\u201d invocado  \ten las mencionadas propuestas gubernamentales.<\/li>\n<\/ol>\n<ol style=\"margin-top: 0cm; margin-bottom: 0cm\">\n<li>Instamos a las organizaciones agrarias,  \tpopulares, sociales y democr\u00e1ticas de todo el pa\u00eds, a manifestar su rechazo  \tal proyecto de \u201cEstatuto de Desarrollo Rural\u201d y a preparar la movilizaci\u00f3n  \tnacional para evitar que este esperpento se convierta en Ley de la  \tRep\u00fablica.<\/li>\n<\/ol>\n<ol style=\"margin-top: 0cm; margin-bottom: 0cm\">\n<li>Llamamos a las organizaciones internacionales  \ta solidarizarse con las comunidades rurales colombianas y a demandar del  \tEstado, el respeto de sus derechos y dentro de ellos el de la participaci\u00f3n  \tdemocr\u00e1tica, en asuntos vitales como el desarrollo rural, en cuyas  \tdiscusiones no se convoca ni se escucha a sus voceros y representantes.<\/li>\n<\/ol>\n<ol style=\"margin-top: 0cm; margin-bottom: 0cm\">\n<li>Exigimos, por consiguiente, que el \u201cEstatuto  \tde Desarrollo Rural\u201d sea archivado por ser altamente inconveniente a  \tfundamentales intereses nacionales. A la vez seguiremos luchando por una Ley  \tque verdaderamente sirva a la Naci\u00f3n, al Pueblo y al Agro Colombianos.<\/li>\n<\/ol>\n<p>Bogot\u00e1, D.C., 10 de  Octubre de 2006 <\/span><\/font><\/p>\n<p>ASOCIACI\u00d3N DE PEQUE\u00d1OS Y MEDIANOS CAFETEROS &#8211;  APEMECAF\u00c9<\/p>\n<p>ASOCIACI\u00d3N NACIONAL  DE USUARIOS CAMPESINOS UNIDAD Y RECONSTRUCCI\u00d3N \u2013 ANUC-UR <\/p>\n<p><strong>ASOCIACI\u00d3N NACIONAL  POR LA SALVACI\u00d3N AGROPECUARIA<\/strong><\/p>\n<p><strong>UNIDAD CAFETERA<\/strong><\/p>\n<p><strong>UNIDAD PANELERA<strong><\/p>\n<p><strong>CENSAT-AGUA VIVA<\/strong><\/p>\n<p><strong>CENTRO DE  COOPERACI\u00d3N AL IND\u00cdGENA &#8211; CEC <\/strong><\/p>\n<p><strong>CONFEDERACI\u00d3N EC\u00d3LOGO HUMANISTA GUERREROS DEL ARCO  IRIS ECOIRIS<\/strong><\/p>\n<p><strong>FEDERACI\u00d3N NACIONAL SINDICAL UNITARIA AGROPECUARIA  \u2013 FENSUAGRO<\/strong><\/p>\n<p><strong>FUNDACI\u00d3N HEMERA<strong><\/p>\n<p><strong>FUNDACI\u00d3N   ZIO A\u00b4I<\/strong><\/p>\n<p><strong>INSTITUTO  LATINOAMERICANO DE SERVICIOS LEGALES ALTERNATIVOS-ILSA <\/strong><\/p>\n<p><strong>ORGANIZACI\u00d3N NACIONAL INDIGENA DE COLOMBIA \u2013ONIC<\/strong><\/p>\n<p><strong>ORGANIZACI\u00d3N IND\u00cdGENA DE ANTIOQUIA &#8211; OIA<\/strong><\/p>\n<p><strong>PROCESO DE COMUNIDADES NEGRAS EN COLOMBIA  \u2013 PCN<\/strong><\/p>\n<p><strong> SINDICATO NACIONAL  DE TRABAJADORES DEL INCODER \u2013SINTRAINCODER<\/strong><\/p>\n","protected":false},"excerpt":{"rendered":"<p>Bogot\u00e1, octubre 10 de 2006 Las organizaciones campesinas, ind\u00edgenas, afrocolombianas, agrarias, sociales, ambientales, populares, de mujeres y sindicales que suscribimos la presente declaraci\u00f3n: Denunciamos los alcances regresivos y antidemocr\u00e1ticos del proyecto gubernamental de Ley de Desarrollo Rural que actualmente se debate en la Comisi\u00f3n V del Senado de la Rep\u00fablica bajo el n\u00famero 30S, por [&hellip;]<\/p>\n","protected":false},"author":1,"featured_media":0,"comment_status":"open","ping_status":"open","sticky":false,"template":"","format":"standard","meta":{"advanced_seo_description":"","jetpack_seo_html_title":"","jetpack_seo_noindex":false,"_jetpack_memberships_contains_paid_content":false,"footnotes":""},"categories":[7],"tags":[],"class_list":["post-1518","post","type-post","status-publish","format-standard","hentry","category-pronunciamientos-de-organizaciones-sociales"],"jetpack_featured_media_url":"","jetpack-related-posts":[{"id":1904,"url":"https:\/\/moir.com.co\/web\/declaracion-publica-del-encuentro-nacional-de-organizaciones-agrarias-y-rurales-de-colombia\/","url_meta":{"origin":1518,"position":0},"title":"DECLARACI\u00d3N P\u00daBLICA DEL ENCUENTRO NACIONAL DE ORGANIZACIONES AGRARIAS Y RURALES DE COLOMBIA","author":"admin","date":"marzo 28, 2007","format":false,"excerpt":"Bogot\u00e1, 28 de Marzo de 2007 Las organizaciones sociales rurales: campesinas, de productores, agropecuarios, comunales, sindicales, ind\u00edgenas y afrocolombianas, reunidas en Bogot\u00e1 el 28 de marzo de 2007, expresamos nuestro p\u00fablico rechazo a la pol\u00edtica y los proyectos de ley que el gobierno de \u00c1lvaro Uribe V\u00e9lez impone contra el\u2026","rel":"","context":"En \u00abPronunciamientos de Organizaciones Sociales\u00bb","block_context":{"text":"Pronunciamientos de Organizaciones Sociales","link":"https:\/\/moir.com.co\/web\/category\/pronunciamientos-de-organizaciones-sociales\/"},"img":{"alt_text":"","src":"","width":0,"height":0},"classes":[]},{"id":1906,"url":"https:\/\/moir.com.co\/web\/el-encuentro-agropecuario-contra-la-politica-rural-uribista\/","url_meta":{"origin":1518,"position":1},"title":"EL ENCUENTRO AGROPECUARIO CONTRA LA POL\u00cdTICA RURAL URIBISTA","author":"admin","date":"abril 2, 2007","format":false,"excerpt":"Aurelio Su\u00e1rez Montoya, La Tarde, Pereira, abril 3 de 2007 El 28 de marzo se realiz\u00f3 en Bogot\u00e1 una trascendental reuni\u00f3n de las organizaciones rurales de Colombia. Asistieron agrupaciones tan importantes como la Organizaci\u00f3n Nacional Ind\u00edgena de Colombia (ONIC), los usuarios campesinos de todas las vertientes y regiones, la Mesa\u2026","rel":"","context":"En \u00abTemas\u00bb","block_context":{"text":"Temas","link":"https:\/\/moir.com.co\/web\/category\/temas\/"},"img":{"alt_text":"","src":"","width":0,"height":0},"classes":[]},{"id":2198,"url":"https:\/\/moir.com.co\/web\/el-caso-carimagua-una-autentica-criatura-del-estatuto-rural\/","url_meta":{"origin":1518,"position":2},"title":"EL CASO CARIMAGUA: UNA AUT\u00c9NTICA CRIATURA DEL ESTATUTO RURAL","author":"admin","date":"febrero 26, 2008","format":false,"excerpt":"Pronunciamiento de las Organizaciones Agrarias y Rurales de Colombia, febrero 25 de 2008 El 28 de marzo de 2007, m\u00e1s de 80 organizaciones agrarias y rurales de Colombia reunidas en Bogot\u00e1 en un gran Encuentro Nacional, nos dirigimos a Colombia, a las autoridades y al Congreso de la Rep\u00fablica para\u2026","rel":"","context":"En \u00abPronunciamientos de Organizaciones Sociales\u00bb","block_context":{"text":"Pronunciamientos de Organizaciones Sociales","link":"https:\/\/moir.com.co\/web\/category\/pronunciamientos-de-organizaciones-sociales\/"},"img":{"alt_text":"","src":"","width":0,"height":0},"classes":[]},{"id":10274,"url":"https:\/\/moir.com.co\/web\/lo-que-realmente-busca-el-referendo-por-el-agro-nacional\/","url_meta":{"origin":1518,"position":3},"title":"Lo que realmente busca el Referendo por el Agro Nacional","author":"admin","date":"julio 23, 2016","format":false,"excerpt":"El portal web, Raz\u00f3n P\u00fablica, publica un art\u00edculo sobre el Referendo por el Agro Nacional. En el mismo se pretende explicar que la iniciativa de Dignidad Agropecuaria Colombiana y muchas organizaciones m\u00e1s, va dirigida a favorecer a grandes consorcios agroindustriales nacionales y extranjeros. Se dice: \u201cNo cabe duda de que\u2026","rel":"","context":"En \u00abPronunciamientos de Organizaciones Sociales\u00bb","block_context":{"text":"Pronunciamientos de Organizaciones Sociales","link":"https:\/\/moir.com.co\/web\/category\/pronunciamientos-de-organizaciones-sociales\/"},"img":{"alt_text":"","src":"","width":0,"height":0},"classes":[]},{"id":1860,"url":"https:\/\/moir.com.co\/web\/agro-ingreso-inseguro\/","url_meta":{"origin":1518,"position":4},"title":"AGRO, INGRESO INSEGURO","author":"admin","date":"febrero 20, 2007","format":false,"excerpt":"Ponencia sobre situaci\u00f3n agropecuaria en Colombia, presentada al I Encuentro Nacional de J\u00f3venes del Polo Democr\u00e1tico Alternativo \u2013 PDA. Bogot\u00e1, 28 y 29 de noviembre de 2006. En medio de millones de mercanc\u00edas que invaden el mundo, suele olvidarse un hecho inmodificable de enorme trascendencia: sin importar cuantos computadores, autom\u00f3viles,\u2026","rel":"","context":"En \u00abJuventud Patri\u00f3tica\u00bb","block_context":{"text":"Juventud Patri\u00f3tica","link":"https:\/\/moir.com.co\/web\/category\/juventud-patriotica\/"},"img":{"alt_text":"","src":"","width":0,"height":0},"classes":[]},{"id":1375,"url":"https:\/\/moir.com.co\/web\/declaracion-del-encuentro-de-organizaciones-campesinas-indigenas-y-agrarias-de-colombia-por-la-movilizacion-contra-el-tlc\/","url_meta":{"origin":1518,"position":5},"title":"DECLARACI\u00d3N  DEL  ENCUENTRO DE ORGANIZACIONES CAMPESINAS, IND\u00cdGENAS Y AGRARIAS DE COLOMBIA POR LA  MOVILIZACI\u00d3N CONTRA EL TLC","author":"admin","date":"abril 9, 2006","format":false,"excerpt":"Las organizaciones agrarias, campesinas, ind\u00edgenas y sociales vinculadas al sector rural colombiano y reunidas en Bogot\u00e1 el 5 de abril de 2006 declaramos a la opini\u00f3n y al gobierno nacional: 1. Que el d\u00eda 28 de febrero de 2006 se cerraron las negociaciones del Tratado de Libre Comercio (TLC) entre\u2026","rel":"","context":"En \u00abPronunciamientos de Organizaciones Sociales\u00bb","block_context":{"text":"Pronunciamientos de Organizaciones Sociales","link":"https:\/\/moir.com.co\/web\/category\/pronunciamientos-de-organizaciones-sociales\/"},"img":{"alt_text":"","src":"","width":0,"height":0},"classes":[]}],"jetpack_sharing_enabled":true,"_links":{"self":[{"href":"https:\/\/moir.com.co\/web\/wp-json\/wp\/v2\/posts\/1518","targetHints":{"allow":["GET"]}}],"collection":[{"href":"https:\/\/moir.com.co\/web\/wp-json\/wp\/v2\/posts"}],"about":[{"href":"https:\/\/moir.com.co\/web\/wp-json\/wp\/v2\/types\/post"}],"author":[{"embeddable":true,"href":"https:\/\/moir.com.co\/web\/wp-json\/wp\/v2\/users\/1"}],"replies":[{"embeddable":true,"href":"https:\/\/moir.com.co\/web\/wp-json\/wp\/v2\/comments?post=1518"}],"version-history":[{"count":0,"href":"https:\/\/moir.com.co\/web\/wp-json\/wp\/v2\/posts\/1518\/revisions"}],"wp:attachment":[{"href":"https:\/\/moir.com.co\/web\/wp-json\/wp\/v2\/media?parent=1518"}],"wp:term":[{"taxonomy":"category","embeddable":true,"href":"https:\/\/moir.com.co\/web\/wp-json\/wp\/v2\/categories?post=1518"},{"taxonomy":"post_tag","embeddable":true,"href":"https:\/\/moir.com.co\/web\/wp-json\/wp\/v2\/tags?post=1518"}],"curies":[{"name":"wp","href":"https:\/\/api.w.org\/{rel}","templated":true}]}}