{"id":15150,"date":"2018-05-23T18:02:59","date_gmt":"2018-05-23T18:02:59","guid":{"rendered":"https:\/\/moir.org.co\/web\/?p=15150"},"modified":"2018-05-23T18:02:59","modified_gmt":"2018-05-23T18:02:59","slug":"sergio-fajardo-la-sorpresa-en-la-region-caribe","status":"publish","type":"post","link":"https:\/\/moir.com.co\/web\/sergio-fajardo-la-sorpresa-en-la-region-caribe\/","title":{"rendered":"Sergio Fajardo: la sorpresa en la Regi\u00f3n Caribe"},"content":{"rendered":"<p><strong>Norman Alarc\u00f3n Rodas, Barranquilla, mayo 23 de 2018<\/strong><\/p>\n<p>Entramos al \u00faltimo kil\u00f3metro de la cuesta final de la campa\u00f1a que definir\u00e1 a los dos finalistas en la contienda por la Presidencia de la Rep\u00fablica el domingo 27 de mayo, los dos que pasar\u00e1n a la segunda vuelta el domingo 17 de junio. El fin de semana pasada se dieron a conocer las \u00faltimas encuestas sobre las intenciones de voto, las cuales se\u00f1alan las tendencias en esta \u00faltima foto permitida por la ley y que podemos resumir as\u00ed.<\/p>\n<ul>\n<li>Sergio Fajardo es el candidato que est\u00e1 en crecimiento constante en intenciones de voto en todas las mediciones<\/li>\n<li>El candidato de la Coalici\u00f3n Colombia es el que tiene la m\u00e1s alta favorabilidad y la menor desfavorabilidad en la opini\u00f3n de los encuestados<\/li>\n<li>Una pregunta crucial es la de \u00bfPor qui\u00e9n nunca votar\u00eda? Hay candidatos que tienen el 45% y el menor es Fajardo, con apenas 3 por ciento en este espinoso interrogante, lo que muestra su aceptaci\u00f3n y posibilidades de crecer<\/li>\n<li>En cuanto a una segunda vuelta, las posibilidades del candidato Fajardo son las mejores por cuanto derrotar\u00eda a cualquiera de sus oponentes<\/li>\n<li>En el caso de las cinco regiones del pa\u00eds, Fajardo marca muy bien en Bogot\u00e1 y en Antioquia y el Eje Cafetero, como tambi\u00e9n tiene buena incidencia en el oriente y occidente del pa\u00eds.<\/li>\n<\/ul>\n<p>La actividad desplegada por la Coalici\u00f3n Colombia en la Regi\u00f3n Caribe ha sido notable, aunque la figura de Sergio Fajardo no sea la m\u00e1s conocida. En los siete departamentos de la Costa y en las islas de San Andr\u00e9s y Providencia las coordinaciones de la campa\u00f1a han llevado las propuestas de gobierno a los distintos \u00e1mbitos sociales, educativos, gremiales, empresariales y barriales, en varias ocasiones con la presencia del candidato, acompa\u00f1ado de Claudia L\u00f3pez, su f\u00f3rmula vicepresidencial, los senadores Jorge Robledo y Antonio Sanguino, lo mismo que el carism\u00e1tico Antanas Mockus. Han sido muy bien recibidos sus compromisos program\u00e1ticos, plasmados en un documento de 27 p\u00e1ginas, entre los cuales se destacan: la lucha contra la corrupci\u00f3n y la educaci\u00f3n de calidad como ejes principales, articulados con el impulso a las actividades productivas de la industria y del agro generadoras de empleo digno, la reorganizaci\u00f3n del sector salud como derecho fundamental y priorizando la prevenci\u00f3n, el impulso a los servicios p\u00fablicos domiciliarios de calidad y a precios justos, la defensa de la biodiversidad y del medio ambiente.<\/p>\n<p>Sergio Fajardo ha tenido una gran aceptaci\u00f3n en los c\u00edrculos acad\u00e9micos, investigativos y estudiantiles a nivel nacional, lo mismo que en la Costa. Se han constituido cien comit\u00e9s de campa\u00f1a en las universidades del pa\u00eds, de los cuales unos ocho en Barranquilla, donde visit\u00f3 la Corporaci\u00f3n Universitaria de la Costa CUC, la Universidad Sim\u00f3n Bol\u00edvar y la Universidad del Atl\u00e1ntico, donde fue recibido apote\u00f3sicamente. Con orgullo se puede decir que la consigna en auge nacional <strong>Un profesor, un profesor, de Presidente, un profesor <\/strong>surgi\u00f3 en una caminata con Fajardo por las calles de Barranquilla.<\/p>\n<p>El ambiente que se respira, la campa\u00f1a realizada, el programa enarbolado, la identificaci\u00f3n del candidato con la regi\u00f3n de la creatividad, el respeto por la diferencia, hacen que Sergio Fajardo se vaya a constituir en la sorpresa electoral el domingo 27 de mayo en la Regi\u00f3n Caribe, lo que coadyuvar\u00e1 con el resto del pa\u00eds a darle el tiquete para triunfar en la segunda vuelta presidencial.<\/p>\n","protected":false},"excerpt":{"rendered":"<p>Norman Alarc\u00f3n Rodas, Barranquilla, mayo 23 de 2018 Entramos al \u00faltimo kil\u00f3metro de la cuesta final de la campa\u00f1a que definir\u00e1 a los dos finalistas en la contienda por la Presidencia de la Rep\u00fablica el domingo 27 de mayo, los dos que pasar\u00e1n a la segunda vuelta el domingo 17 de junio. El fin de [&hellip;]<\/p>\n","protected":false},"author":1,"featured_media":14892,"comment_status":"open","ping_status":"open","sticky":false,"template":"","format":"standard","meta":{"advanced_seo_description":"","jetpack_seo_html_title":"","jetpack_seo_noindex":false,"_jetpack_memberships_contains_paid_content":false,"footnotes":""},"categories":[97,98],"tags":[],"class_list":["post-15150","post","type-post","status-publish","format-standard","has-post-thumbnail","hentry","category-imperialismo-y-neoliberalismo","category-politica"],"jetpack_featured_media_url":"https:\/\/i0.wp.com\/moir.com.co\/web\/wp-content\/uploads\/2018\/04\/fajardopresidente.png?fit=390%2C390&ssl=1","jetpack-related-posts":[{"id":15245,"url":"https:\/\/moir.com.co\/web\/cambios-profundos-en-la-politica-nacional-reflejan-las-elecciones-del-2018\/","url_meta":{"origin":15150,"position":0},"title":"Cambios profundos en la pol\u00edtica nacional reflejan las elecciones del 2018","author":"admin","date":"junio 8, 2018","format":false,"excerpt":"Norman Alarc\u00f3n Rodas, Barranquilla, junio 8 de 2018 Importantes medios nacionales de comunicaci\u00f3n informaron en sus emisiones del lunes 28 de mayo que el d\u00eda anterior, en las elecciones de la primera vuelta presidencial, hab\u00eda surgido un fen\u00f3meno pol\u00edtico en Colombia: Sergio Fajardo, el candidato presidencial de la Coalici\u00f3n Colombia,\u2026","rel":"","context":"En \u00abPol\u00edtica\u00bb","block_context":{"text":"Pol\u00edtica","link":"https:\/\/moir.com.co\/web\/category\/temas\/politica\/"},"img":{"alt_text":"","src":"https:\/\/i0.wp.com\/moir.com.co\/web\/wp-content\/uploads\/2018\/06\/boletaelectoral2018.jpeg?fit=236%2C213&ssl=1&resize=350%2C200","width":350,"height":200},"classes":[]},{"id":15145,"url":"https:\/\/moir.com.co\/web\/fajardo-otra-oportunidad-para-los-colombianos\/","url_meta":{"origin":15150,"position":1},"title":"Fajardo: otra oportunidad para los colombianos","author":"admin","date":"mayo 22, 2018","format":false,"excerpt":"Jos\u00e9 Arlex Arias, Cartagena, mayo 22 de 2018 El 27 de este mes se realizar\u00e1n los comicios para elegir al presidente de Colombia, decisi\u00f3n que tomar\u00e1n los ciudadanos despu\u00e9s de una extensa campa\u00f1a en la cual se han presentado todo tipo de propuestas, muchas de ellas inveros\u00edmiles, como ver a\u2026","rel":"","context":"En \u00abImperialismo y Neoliberalismo\u00bb","block_context":{"text":"Imperialismo y Neoliberalismo","link":"https:\/\/moir.com.co\/web\/category\/temas\/imperialismo-y-neoliberalismo\/"},"img":{"alt_text":"","src":"https:\/\/i0.wp.com\/moir.com.co\/web\/wp-content\/uploads\/2018\/05\/sergiofajardov.jpg?fit=750%2C438&ssl=1&resize=350%2C200","width":350,"height":200,"srcset":"https:\/\/i0.wp.com\/moir.com.co\/web\/wp-content\/uploads\/2018\/05\/sergiofajardov.jpg?fit=750%2C438&ssl=1&resize=350%2C200 1x, https:\/\/i0.wp.com\/moir.com.co\/web\/wp-content\/uploads\/2018\/05\/sergiofajardov.jpg?fit=750%2C438&ssl=1&resize=525%2C300 1.5x, https:\/\/i0.wp.com\/moir.com.co\/web\/wp-content\/uploads\/2018\/05\/sergiofajardov.jpg?fit=750%2C438&ssl=1&resize=700%2C400 2x"},"classes":[]},{"id":15154,"url":"https:\/\/moir.com.co\/web\/un-voto-por-la-esperanza\/","url_meta":{"origin":15150,"position":2},"title":"Un voto por la esperanza","author":"admin","date":"mayo 24, 2018","format":false,"excerpt":"Dar\u00edo Arenas Villegas, Manizales, mayo 24 de 2018 Votar\u00e9 por Fajardo porque sin ning\u00fan c\u00e1lculo pol\u00edtico, salvo el de preservar la coherencia, decidi\u00f3 ser un candidato NINI, es decir, un aspirante a la Presidencia que no est\u00e1 Ni con Uribe Ni con Santos. Y la decisi\u00f3n de no aliarse con\u2026","rel":"","context":"En \u00abPol\u00edtica\u00bb","block_context":{"text":"Pol\u00edtica","link":"https:\/\/moir.com.co\/web\/category\/temas\/politica\/"},"img":{"alt_text":"","src":"","width":0,"height":0},"classes":[]},{"id":13954,"url":"https:\/\/moir.com.co\/web\/si-es-posible-coalicion-colombia-obtiene-su-primer-triunfo-electoral-y-gana-la-alcaldia-de-yopal\/","url_meta":{"origin":15150,"position":3},"title":"\u00a1S\u00ed es posible! Coalici\u00f3n Colombia obtiene su primer triunfo electoral y gana la alcald\u00eda de Yopal","author":"admin","date":"noviembre 27, 2017","format":false,"excerpt":"Oficina de prensa del senador y candidato presidencial del Polo Jorge Enrique Robledo, Bogot\u00e1, noviembre 27 de 2017 Con el respaldo de Jorge Robledo, Sergio Fajardo y Claudia L\u00f3pez de la Coalici\u00f3n Colombia este domingo con 16.522 votos Leonardo Puentes fue elegido como nuevo alcalde de Yopal en las elecciones\u2026","rel":"","context":"En \u00abJorge Enrique Robledo\u00bb","block_context":{"text":"Jorge Enrique Robledo","link":"https:\/\/moir.com.co\/web\/category\/jorge-enrique-robledo\/"},"img":{"alt_text":"","src":"https:\/\/i0.wp.com\/moir.com.co\/web\/wp-content\/uploads\/2017\/11\/casanarecoalicionyopal.png?fit=768%2C510&ssl=1&resize=350%2C200","width":350,"height":200,"srcset":"https:\/\/i0.wp.com\/moir.com.co\/web\/wp-content\/uploads\/2017\/11\/casanarecoalicionyopal.png?fit=768%2C510&ssl=1&resize=350%2C200 1x, https:\/\/i0.wp.com\/moir.com.co\/web\/wp-content\/uploads\/2017\/11\/casanarecoalicionyopal.png?fit=768%2C510&ssl=1&resize=525%2C300 1.5x, https:\/\/i0.wp.com\/moir.com.co\/web\/wp-content\/uploads\/2017\/11\/casanarecoalicionyopal.png?fit=768%2C510&ssl=1&resize=700%2C400 2x"},"classes":[]},{"id":15156,"url":"https:\/\/moir.com.co\/web\/en-segunda-vuelta-le-ganamos-a-cualquiera-jorge-enrique-robledo-castillo\/","url_meta":{"origin":15150,"position":4},"title":"&#8220;En segunda vuelta le ganamos a cualquiera&#8221;: Jorge Enrique Robledo Castillo","author":"admin","date":"mayo 24, 2018","format":false,"excerpt":"La Patria, Manizales, mayo 24 de 2018 Jorge Enrique Robledo\u00a0Castillo, senador del Polo Democr\u00e1tico Alternativo, sostiene que un candidato sin sentido del humor no puede ganar la Presidencia. Jorge Enrique Robledo\u00a0Castillo, senador del Polo Democr\u00e1tico Alternativo, sostiene que un candidato sin sentido del humor no puede ganar la Presidencia. Lo\u2026","rel":"","context":"En \u00abJorge Enrique Robledo\u00bb","block_context":{"text":"Jorge Enrique Robledo","link":"https:\/\/moir.com.co\/web\/category\/jorge-enrique-robledo\/"},"img":{"alt_text":"","src":"https:\/\/i0.wp.com\/moir.com.co\/web\/wp-content\/uploads\/2018\/05\/robledomanillasfajardo.jpg?fit=620%2C592&ssl=1&resize=350%2C200","width":350,"height":200,"srcset":"https:\/\/i0.wp.com\/moir.com.co\/web\/wp-content\/uploads\/2018\/05\/robledomanillasfajardo.jpg?fit=620%2C592&ssl=1&resize=350%2C200 1x, https:\/\/i0.wp.com\/moir.com.co\/web\/wp-content\/uploads\/2018\/05\/robledomanillasfajardo.jpg?fit=620%2C592&ssl=1&resize=525%2C300 1.5x"},"classes":[]},{"id":2922,"url":"https:\/\/moir.com.co\/web\/encuesta-de-datexco-en-la-revista-semana\/","url_meta":{"origin":15150,"position":5},"title":"ENCUESTA DE DATEXCO EN LA REVISTA SEMANA","author":"admin","date":"abril 1, 2009","format":false,"excerpt":"La reciente encuesta de la firma Datexco muestra la intenci\u00f3n de voto de los colombianos en la eventualidad de que el presidente Uribe busque una nueva reelecci\u00f3n: \u00c1lvaro Uribe: 44% Carlos Gaviria: 5,5% Noem\u00ed San\u00edn: 5,4% Sergio Fajardo: 5,3% Andr\u00e9s Felipe Arias: 4,6% Juan Manuel Santos: 4,4% Piedad C\u00f3rdoba: 4,1%\u2026","rel":"","context":"En \u00abTemas\u00bb","block_context":{"text":"Temas","link":"https:\/\/moir.com.co\/web\/category\/temas\/"},"img":{"alt_text":"","src":"","width":0,"height":0},"classes":[]}],"jetpack_sharing_enabled":true,"_links":{"self":[{"href":"https:\/\/moir.com.co\/web\/wp-json\/wp\/v2\/posts\/15150","targetHints":{"allow":["GET"]}}],"collection":[{"href":"https:\/\/moir.com.co\/web\/wp-json\/wp\/v2\/posts"}],"about":[{"href":"https:\/\/moir.com.co\/web\/wp-json\/wp\/v2\/types\/post"}],"author":[{"embeddable":true,"href":"https:\/\/moir.com.co\/web\/wp-json\/wp\/v2\/users\/1"}],"replies":[{"embeddable":true,"href":"https:\/\/moir.com.co\/web\/wp-json\/wp\/v2\/comments?post=15150"}],"version-history":[{"count":1,"href":"https:\/\/moir.com.co\/web\/wp-json\/wp\/v2\/posts\/15150\/revisions"}],"predecessor-version":[{"id":15151,"href":"https:\/\/moir.com.co\/web\/wp-json\/wp\/v2\/posts\/15150\/revisions\/15151"}],"wp:featuredmedia":[{"embeddable":true,"href":"https:\/\/moir.com.co\/web\/wp-json\/wp\/v2\/media\/14892"}],"wp:attachment":[{"href":"https:\/\/moir.com.co\/web\/wp-json\/wp\/v2\/media?parent=15150"}],"wp:term":[{"taxonomy":"category","embeddable":true,"href":"https:\/\/moir.com.co\/web\/wp-json\/wp\/v2\/categories?post=15150"},{"taxonomy":"post_tag","embeddable":true,"href":"https:\/\/moir.com.co\/web\/wp-json\/wp\/v2\/tags?post=15150"}],"curies":[{"name":"wp","href":"https:\/\/api.w.org\/{rel}","templated":true}]}}