{"id":15145,"date":"2018-05-22T17:35:40","date_gmt":"2018-05-22T17:35:40","guid":{"rendered":"https:\/\/moir.org.co\/web\/?p=15145"},"modified":"2018-05-22T17:35:40","modified_gmt":"2018-05-22T17:35:40","slug":"fajardo-otra-oportunidad-para-los-colombianos","status":"publish","type":"post","link":"https:\/\/moir.com.co\/web\/fajardo-otra-oportunidad-para-los-colombianos\/","title":{"rendered":"Fajardo: otra oportunidad para los colombianos"},"content":{"rendered":"<p><strong>Jos\u00e9 Arlex Arias, Cartagena, mayo 22 de 2018<\/strong><\/p>\n<p>El 27 de este mes se realizar\u00e1n los comicios para elegir al presidente de Colombia, decisi\u00f3n que tomar\u00e1n los ciudadanos despu\u00e9s de una extensa campa\u00f1a en la cual se han presentado todo tipo de propuestas, muchas de ellas inveros\u00edmiles, como ver a comprometidos &#8220;enmermelados&#8221; protegidos por las maquinarias de los partidos como Iv\u00e1n Duque, Germ\u00e1n Vargas Lleras y Humberto de La Calle, apropi\u00e1ndose de la bandera contra la corrupci\u00f3n, cuando han sido ellos, con sus partidos, los que han llevado al pa\u00eds al estado de postraci\u00f3n en que se encuentra. Todos han sido part\u00edcipes de los gobiernos que han profundizado el modelo econ\u00f3mico neoliberal que en los \u00faltimos treinta a\u00f1os ha entregado nuestras riquezas a las multinacionales. Esta trilog\u00eda tiene la misi\u00f3n de enga\u00f1ar seg\u00fan la m\u00e1xima de: &#8220;Si queremos que todo siga como est\u00e1, es necesario que todo\u00a0cambie&#8221;, tal como lo expresa el gatopardismo. Ellos representan los claros intereses de todo el potentado, a los que les va muy bien con el modelo, as\u00ed millones de colombianos vivan en la miseria y la pobreza, a consecuencia de un aparato productivo arrasado, la falta de generaci\u00f3n de empleo digno y la restricci\u00f3n a la satisfacci\u00f3n de sus necesidades b\u00e1sicas y derechos fundamentales.<\/p>\n<p>&nbsp;<\/p>\n<p>Ante el panorama planteado por los candidatos anteriores, una gran franja de colombianos busca la disyuntiva entre Gustavo Petro y Sergio Fajardo, quienes fueron alcaldes de ciudades como Bogot\u00e1 y Medell\u00edn, respectivamente, siendo m\u00e1s destacado como administrador Fajardo, que adem\u00e1s, como gobernador de Antioquia demostr\u00f3 su gran capacidad. Sin rayar en el mesianismo ni en el caudillismo, Fajardo ha venido forjando una gran campa\u00f1a, de la mano de la Coalici\u00f3n Colombia, que es una alianza de los partidos Alianza Verde y el Polo Democr\u00e1tico Alternativo con el Movimiento Ciudadano, con gran repunte en las encuestas y el favoritismo de la poblaci\u00f3n, am\u00e9n que no ha tenido los inmensos recursos econ\u00f3micos de los que han dispuesto otros candidatos como Petro, con m\u00e1s de $12 mil millones, Vargas Lleras, con $10 mil millones o Iv\u00e1n Duque, con $9.800 millones, y mucho menos tiene el aval de los medios de comunicaci\u00f3n pertenecientes a los grupos econ\u00f3micos, con lo que cae el argumento de que era el candidato del Grupo Empresarial Antioque\u00f1o. El rigor de su programa y la forma amena, serena y amigable como lo explica, ha puesto a los colombianos a discutir los temas de campa\u00f1a, siendo trascendentales su lucha contra la corrupci\u00f3n y su apoyo a la educaci\u00f3n, con lo que busca darle al pa\u00eds un gran salto hacia adelante en el desarrollo tecnol\u00f3gico y cient\u00edfico de la naci\u00f3n, acompa\u00f1ado de un cambio en el modelo econ\u00f3mico y la respectiva generaci\u00f3n de empleo.<\/p>\n<p>&nbsp;<\/p>\n<p>La Coalici\u00f3n Colombia es una alianza de largo aliento donde pueden converger todos los colombianos que quieran transformar a nuestro pa\u00eds, que se extender\u00e1 m\u00e1s all\u00e1 de las elecciones del pr\u00f3ximo domingo, que de seguro llevar\u00e1 a Fajardo a la segunda vuelta y, seg\u00fan todas las encuestas, de lograrlo, Fajardo le ganar\u00e1 a cualquiera de los candidatos que enfrente en esa instancia. Por eso es trascendental para nuestro pa\u00eds dar este paso, sin mesianismo, sin populismo, pensando solo en la recuperaci\u00f3n, paso a paso, de todo lo que hemos perdido los colombianos en los \u00faltimos 30 a\u00f1os de neoliberalismo. \u00a1Con la Fuerza de la Esperanza: Fajardo; se puede, se puede!<\/p>\n","protected":false},"excerpt":{"rendered":"<p>Jos\u00e9 Arlex Arias, Cartagena, mayo 22 de 2018 El 27 de este mes se realizar\u00e1n los comicios para elegir al presidente de Colombia, decisi\u00f3n que tomar\u00e1n los ciudadanos despu\u00e9s de una extensa campa\u00f1a en la cual se han presentado todo tipo de propuestas, muchas de ellas inveros\u00edmiles, como ver a comprometidos &#8220;enmermelados&#8221; protegidos por las [&hellip;]<\/p>\n","protected":false},"author":1,"featured_media":15098,"comment_status":"open","ping_status":"open","sticky":false,"template":"","format":"standard","meta":{"advanced_seo_description":"","jetpack_seo_html_title":"","jetpack_seo_noindex":false,"_jetpack_memberships_contains_paid_content":false,"footnotes":""},"categories":[97,98],"tags":[],"class_list":["post-15145","post","type-post","status-publish","format-standard","has-post-thumbnail","hentry","category-imperialismo-y-neoliberalismo","category-politica"],"jetpack_featured_media_url":"https:\/\/i0.wp.com\/moir.com.co\/web\/wp-content\/uploads\/2018\/05\/sergiofajardov.jpg?fit=750%2C438&ssl=1","jetpack-related-posts":[{"id":11631,"url":"https:\/\/moir.com.co\/web\/corrupcion-y-neoliberalismo-en-colombia\/","url_meta":{"origin":15145,"position":0},"title":"Corrupci\u00f3n y neoliberalismo en Colombia","author":"admin","date":"febrero 3, 2017","format":false,"excerpt":"Dar\u00edo Arenas Villegas, La Patria, Manizales, febrero 2 de 2017 Se volvi\u00f3 costumbre en Colombia que cada nuevo esc\u00e1ndalo de corrupci\u00f3n es peor que el anterior. Los sobornos de la constructora brasile\u00f1a Odebrecht a altos funcionarios de gobierno, congresistas y pol\u00edticos de varios partidos, han generado una ola de indignaci\u00f3n,\u2026","rel":"","context":"En \u00abEconom\u00eda\u00bb","block_context":{"text":"Econom\u00eda","link":"https:\/\/moir.com.co\/web\/category\/temas\/economia\/"},"img":{"alt_text":"","src":"","width":0,"height":0},"classes":[]},{"id":2147,"url":"https:\/\/moir.com.co\/web\/jornada-de-accion-global-contra-el-imperialismo-y-el-neoliberalismo\/","url_meta":{"origin":15145,"position":1},"title":"JORNADA DE ACCI\u00d3N GLOBAL CONTRA EL IMPERIALISMO Y EL NEOLIBERALISMO","author":"admin","date":"enero 25, 2008","format":false,"excerpt":"RECALCA, Bogot\u00e1, 25 de enero de 2008 Millones de mujeres y hombres, organizaciones, redes, movimientos y sindicatos de cada rinc\u00f3n del planeta, aldeas y regiones, zonas rurales y centros urbanos de todas las edades, pueblos, culturas y creencias, estamos por la firme convicci\u00f3n de que OTRO MUNDO ES POSIBLE. Las\u2026","rel":"","context":"En \u00abPronunciamientos de Organizaciones Sociales\u00bb","block_context":{"text":"Pronunciamientos de Organizaciones Sociales","link":"https:\/\/moir.com.co\/web\/category\/pronunciamientos-de-organizaciones-sociales\/"},"img":{"alt_text":"","src":"","width":0,"height":0},"classes":[]},{"id":4276,"url":"https:\/\/moir.com.co\/web\/mockus-es-neoliberal-aseguro-el-candidato-presidencial-del-polo-gustavo-petro\/","url_meta":{"origin":15145,"position":2},"title":"&#8216;Mockus es neoliberal&#8217;, asegur\u00f3 el candidato presidencial del Polo, Gustavo Petro","author":"admin","date":"abril 13, 2010","format":false,"excerpt":"Durante el 'Encuentro de la Unidad', el Senador critic\u00f3 las propuestas de sus contendores. Dijo de Antanas Mockus y de Enrique Pe\u00f1alosa, del Partido Verde, que ambos han privilegiado el concepto de que \"la libertad de mercado puede garantizar los derechos de la totalidad de los colombianos\", pero que, \"como\u2026","rel":"","context":"En \u00abRevista de Prensa\u00bb","block_context":{"text":"Revista de Prensa","link":"https:\/\/moir.com.co\/web\/category\/prensa\/revista-de-prensa\/"},"img":{"alt_text":"","src":"","width":0,"height":0},"classes":[]},{"id":3220,"url":"https:\/\/moir.com.co\/web\/el-neoliberalismo-europeo-en-america-latina\/","url_meta":{"origin":15145,"position":3},"title":"El neoliberalismo europeo en Am\u00e9rica Latina","author":"admin","date":"junio 17, 2009","format":false,"excerpt":"La crisis engendrada por las pol\u00edticas neoliberales contin\u00faa agrav\u00e1ndose, a escala planetaria, dejando cada d\u00eda m\u00e1s personas sin trabajo ni ingresos, sin vivienda ni protecci\u00f3n social, condenadas a la precariedad y la incertidumbre. La respuesta de los gobiernos liberales y social-liberales a esta crisis es bastante simple: \u00a1Necesitamos a\u00fan m\u00e1s\u2026","rel":"","context":"En \u00ab\u00a1No a los TLC y al ALCA!\u00bb","block_context":{"text":"\u00a1No a los TLC y al ALCA!","link":"https:\/\/moir.com.co\/web\/category\/temas\/no-a-los-tlc-y-al-alca\/"},"img":{"alt_text":"","src":"","width":0,"height":0},"classes":[]},{"id":10139,"url":"https:\/\/moir.com.co\/web\/el-de-santos-es-un-gobierno-agresivo\/","url_meta":{"origin":15145,"position":4},"title":"El de Santos es un gobierno agresivo","author":"admin","date":"mayo 10, 2016","format":false,"excerpt":"No es ning\u00fan santo. Tiene gran capacidad de manipulaci\u00f3n, que puede venir de su afici\u00f3n por el p\u00f3quer \u2013seg\u00fan algunos de sus bi\u00f3grafos, es un buen jugador de cartas\u2013, que es precisamente la capacidad de enga\u00f1o al contrincante. Ha vivido rodeado de poder, puesto que su tatarabuelo paterno, Jos\u00e9 Mar\u00eda\u2026","rel":"","context":"En \u00abTemas\u00bb","block_context":{"text":"Temas","link":"https:\/\/moir.com.co\/web\/category\/temas\/"},"img":{"alt_text":"","src":"","width":0,"height":0},"classes":[]},{"id":15951,"url":"https:\/\/moir.com.co\/web\/un-gran-pacto-nacional-con-duque\/","url_meta":{"origin":15145,"position":5},"title":"\u00bfUn gran pacto nacional con Duque?","author":"admin","date":"septiembre 17, 2018","format":false,"excerpt":"Jos\u00e9 Arlex Arias, Cartagena, septiembre 17 de 2018 En los \u00faltimos hechos electorales se han dado resultados que son incontrovertibles y demuestran que muchas cosas est\u00e1n cambiando. En la \u00faltima puja por la presidencia, en la primera vuelta del pasado 27 de mayo, a pesar que el balotaje qued\u00f3 entre\u2026","rel":"","context":"En \u00abEconom\u00eda\u00bb","block_context":{"text":"Econom\u00eda","link":"https:\/\/moir.com.co\/web\/category\/temas\/economia\/"},"img":{"alt_text":"","src":"","width":0,"height":0},"classes":[]}],"jetpack_sharing_enabled":true,"_links":{"self":[{"href":"https:\/\/moir.com.co\/web\/wp-json\/wp\/v2\/posts\/15145","targetHints":{"allow":["GET"]}}],"collection":[{"href":"https:\/\/moir.com.co\/web\/wp-json\/wp\/v2\/posts"}],"about":[{"href":"https:\/\/moir.com.co\/web\/wp-json\/wp\/v2\/types\/post"}],"author":[{"embeddable":true,"href":"https:\/\/moir.com.co\/web\/wp-json\/wp\/v2\/users\/1"}],"replies":[{"embeddable":true,"href":"https:\/\/moir.com.co\/web\/wp-json\/wp\/v2\/comments?post=15145"}],"version-history":[{"count":1,"href":"https:\/\/moir.com.co\/web\/wp-json\/wp\/v2\/posts\/15145\/revisions"}],"predecessor-version":[{"id":15146,"href":"https:\/\/moir.com.co\/web\/wp-json\/wp\/v2\/posts\/15145\/revisions\/15146"}],"wp:featuredmedia":[{"embeddable":true,"href":"https:\/\/moir.com.co\/web\/wp-json\/wp\/v2\/media\/15098"}],"wp:attachment":[{"href":"https:\/\/moir.com.co\/web\/wp-json\/wp\/v2\/media?parent=15145"}],"wp:term":[{"taxonomy":"category","embeddable":true,"href":"https:\/\/moir.com.co\/web\/wp-json\/wp\/v2\/categories?post=15145"},{"taxonomy":"post_tag","embeddable":true,"href":"https:\/\/moir.com.co\/web\/wp-json\/wp\/v2\/tags?post=15145"}],"curies":[{"name":"wp","href":"https:\/\/api.w.org\/{rel}","templated":true}]}}