{"id":15120,"date":"2018-05-16T20:47:22","date_gmt":"2018-05-16T20:47:22","guid":{"rendered":"https:\/\/moir.org.co\/web\/?p=15120"},"modified":"2018-05-16T20:47:22","modified_gmt":"2018-05-16T20:47:22","slug":"el-polo-democratico-repudia-masacre-cometida-por-israel-y-ee-uu-contra-el-pueblo-palestino","status":"publish","type":"post","link":"https:\/\/moir.com.co\/web\/el-polo-democratico-repudia-masacre-cometida-por-israel-y-ee-uu-contra-el-pueblo-palestino\/","title":{"rendered":"El Polo Democr\u00e1tico repudia masacre cometida por Israel y EE.UU contra el pueblo Palestino"},"content":{"rendered":"<div>\n<p><img data-recalc-dims=\"1\" fetchpriority=\"high\" decoding=\"async\" src=\"https:\/\/i0.wp.com\/www.polodemocratico.net\/images\/Internacionales\/039Iran.jpg?resize=800%2C1035\" alt=\"\" width=\"800\" height=\"1035\" \/><\/p>\n<\/div>\n<div class=\"article-footer-top\"><\/div>\n","protected":false},"excerpt":{"rendered":"","protected":false},"author":1,"featured_media":15121,"comment_status":"open","ping_status":"open","sticky":false,"template":"","format":"standard","meta":{"advanced_seo_description":"","jetpack_seo_html_title":"","jetpack_seo_noindex":false,"_jetpack_memberships_contains_paid_content":false,"footnotes":""},"categories":[97,105,98,9],"tags":[],"class_list":["post-15120","post","type-post","status-publish","format-standard","has-post-thumbnail","hentry","category-imperialismo-y-neoliberalismo","category-internacional-articulos-de-actualidad","category-politica","category-polo-democratico-alternativo"],"jetpack_featured_media_url":"https:\/\/i0.wp.com\/moir.com.co\/web\/wp-content\/uploads\/2018\/05\/palestina4.jpg?fit=276%2C182&ssl=1","jetpack-related-posts":[{"id":4438,"url":"https:\/\/moir.com.co\/web\/polo-democratico-alternativo-llama-a-no-votar-por-ningun-candidato-el-20-de-junio\/","url_meta":{"origin":15120,"position":0},"title":"Polo Democr\u00e1tico Alternativo llama a no votar por ning\u00fan candidato el 20 de junio","author":"admin","date":"junio 4, 2010","format":false,"excerpt":"Ante la decisi\u00f3n del candidato Antanas Mockus y del Partido Verde de no realizar un acuerdo sobre cinco puntos program\u00e1ticos con el Polo Democr\u00e1tico Alternativo, el Comit\u00e9 Ejecutivo Nacional del Polo adopt\u00f3, por unanimidad y escuchado el criterio de Gustavo Petro Ex Candidato Presidencial la decisi\u00f3n de no votar por\u2026","rel":"","context":"En \u00abPolo Democr\u00e1tico Alternativo\u00bb","block_context":{"text":"Polo Democr\u00e1tico Alternativo","link":"https:\/\/moir.com.co\/web\/category\/polo-democratico-alternativo\/"},"img":{"alt_text":"","src":"","width":0,"height":0},"classes":[]},{"id":14489,"url":"https:\/\/moir.com.co\/web\/declaracion-politica-del-polo-democratico-alternativo-sobre-el-apoyo-necesario-a-las-listas-y-candidatos-del-polo\/","url_meta":{"origin":15120,"position":1},"title":"Declaraci\u00f3n Pol\u00edtica del Polo Democr\u00e1tico Alternativo sobre el necesario apoyo a las listas y candidatos del Polo","author":"admin","date":"febrero 15, 2018","format":false,"excerpt":"Polo Democr\u00e1tico Alternativo, Bogot\u00e1, febrero 15 de 2018 El Polo Democr\u00e1tico Alternativo, precisa las decisiones pol\u00edticas tomadas por el partido ante algunas declaraciones que han circulado en medios de comunicaci\u00f3n. El Polo Democr\u00e1tico Alternativo, en sus instancias de direcci\u00f3n ha orientado a sus militantes, directivos y elegidos actualmente en las\u2026","rel":"","context":"En \u00abPol\u00edtica\u00bb","block_context":{"text":"Pol\u00edtica","link":"https:\/\/moir.com.co\/web\/category\/temas\/politica\/"},"img":{"alt_text":"","src":"https:\/\/i0.wp.com\/moir.com.co\/web\/wp-content\/uploads\/2017\/05\/1mayopolobogota2017_2.jpg?fit=1200%2C900&ssl=1&resize=350%2C200","width":350,"height":200,"srcset":"https:\/\/i0.wp.com\/moir.com.co\/web\/wp-content\/uploads\/2017\/05\/1mayopolobogota2017_2.jpg?fit=1200%2C900&ssl=1&resize=350%2C200 1x, https:\/\/i0.wp.com\/moir.com.co\/web\/wp-content\/uploads\/2017\/05\/1mayopolobogota2017_2.jpg?fit=1200%2C900&ssl=1&resize=525%2C300 1.5x, https:\/\/i0.wp.com\/moir.com.co\/web\/wp-content\/uploads\/2017\/05\/1mayopolobogota2017_2.jpg?fit=1200%2C900&ssl=1&resize=700%2C400 2x, https:\/\/i0.wp.com\/moir.com.co\/web\/wp-content\/uploads\/2017\/05\/1mayopolobogota2017_2.jpg?fit=1200%2C900&ssl=1&resize=1050%2C600 3x"},"classes":[]},{"id":6082,"url":"https:\/\/moir.com.co\/web\/declaracion-de-congresistas-en-respaldo-a-los-estudiantes-el-gobierno-debe-retirar-la-reforma-a-la-educacion-superior\/","url_meta":{"origin":15120,"position":2},"title":"Declaraci\u00f3n de Congresistas en respaldo a los estudiantes: El gobierno debe retirar la reforma a la educaci\u00f3n superior","author":"admin","date":"noviembre 3, 2011","format":false,"excerpt":"La Mesa Amplia Nacional Estudiantil (MANE), principal vocera del estudiantado colombiano, tiene raz\u00f3n cuando afirma que en el Congreso de la Rep\u00fablica no hay garant\u00edas para discutir de manera democr\u00e1tica el proyecto de ley con el que el presidente Juan Manuel Santos pretende reformar la educaci\u00f3n superior. El gobierno controla\u2026","rel":"","context":"En \u00abTemas\u00bb","block_context":{"text":"Temas","link":"https:\/\/moir.com.co\/web\/category\/temas\/"},"img":{"alt_text":"","src":"","width":0,"height":0},"classes":[]},{"id":12126,"url":"https:\/\/moir.com.co\/web\/comunicado-del-polo-democratico-alternativo\/","url_meta":{"origin":15120,"position":3},"title":"Comunicado del Polo Democr\u00e1tico Alternativo","author":"admin","date":"abril 18, 2017","format":false,"excerpt":"Comit\u00e9 Ejecutivo Nacional, Bogot\u00e1, abril 18 de 2017 En carta radicada hoy en la Sede Nacional del Polo Democr\u00e1tico Alternativo, la doctora Clara L\u00f3pez renuncia a su militancia, aduciendo sus contradicciones pol\u00edticas con el Partido. Cabe se\u00f1alar que, este lunes 17 de abril, el Comit\u00e9 Ejecutivo Nacional del Polo Democr\u00e1tico\u2026","rel":"","context":"En \u00abImperialismo y Neoliberalismo\u00bb","block_context":{"text":"Imperialismo y Neoliberalismo","link":"https:\/\/moir.com.co\/web\/category\/temas\/imperialismo-y-neoliberalismo\/"},"img":{"alt_text":"","src":"https:\/\/i0.wp.com\/moir.com.co\/web\/wp-content\/uploads\/2016\/12\/PoloDemocraticologo.jpg?fit=630%2C366&ssl=1&resize=350%2C200","width":350,"height":200,"srcset":"https:\/\/i0.wp.com\/moir.com.co\/web\/wp-content\/uploads\/2016\/12\/PoloDemocraticologo.jpg?fit=630%2C366&ssl=1&resize=350%2C200 1x, https:\/\/i0.wp.com\/moir.com.co\/web\/wp-content\/uploads\/2016\/12\/PoloDemocraticologo.jpg?fit=630%2C366&ssl=1&resize=525%2C300 1.5x"},"classes":[]},{"id":6097,"url":"https:\/\/moir.com.co\/web\/avanza-raponazo-a-la-curul-del-concejo-de-cartagena-del-polo-democratico-alternativo\/","url_meta":{"origin":15120,"position":4},"title":"Avanza raponazo a la curul del concejo de Cartagena del Polo Democr\u00e1tico Alternativo","author":"admin","date":"noviembre 10, 2011","format":false,"excerpt":"Al iniciar el Proceso Electoral del pasado 30 de octubre, a trav\u00e9s de su Comit\u00e9 Ejecutivo Nacional y sus parlamentarios, el Polo Democr\u00e1tico Alternativo alert\u00f3 a la poblaci\u00f3n colombiana que se estaba creando un ambiente medi\u00e1tico que facilitara un posterior fraude electoral contra este partido, expresamente por ser la oposici\u00f3n.\u2026","rel":"","context":"En \u00abPolo Democr\u00e1tico Alternativo\u00bb","block_context":{"text":"Polo Democr\u00e1tico Alternativo","link":"https:\/\/moir.com.co\/web\/category\/polo-democratico-alternativo\/"},"img":{"alt_text":"","src":"","width":0,"height":0},"classes":[]},{"id":5228,"url":"https:\/\/moir.com.co\/web\/el-presidente-debe-objetar-la-ley-que-excluye-a-los-militantes-del-polo-del-censo-electoral\/","url_meta":{"origin":15120,"position":5},"title":"El Presidente debe objetar la ley que excluye a los militantes del Polo del Censo Electoral","author":"admin","date":"enero 31, 2011","format":false,"excerpt":"Doctor JUAN MANUEL SANTOS Presidente de la Rep\u00fablica Casa de Nari\u00f1o Bogot\u00e1 Referencia: el Presidente debe objetar la ley que excluye a los militantes del Polo Democr\u00e1tico Alternativo del Censo Electoral Se\u00f1or Presidente: El art\u00edculo 47 de la Ley 190 de 2010, Senado, sometida a su sanci\u00f3n, cambia el Censo\u2026","rel":"","context":"En \u00abPolo Democr\u00e1tico Alternativo\u00bb","block_context":{"text":"Polo Democr\u00e1tico Alternativo","link":"https:\/\/moir.com.co\/web\/category\/polo-democratico-alternativo\/"},"img":{"alt_text":"","src":"","width":0,"height":0},"classes":[]}],"jetpack_sharing_enabled":true,"_links":{"self":[{"href":"https:\/\/moir.com.co\/web\/wp-json\/wp\/v2\/posts\/15120","targetHints":{"allow":["GET"]}}],"collection":[{"href":"https:\/\/moir.com.co\/web\/wp-json\/wp\/v2\/posts"}],"about":[{"href":"https:\/\/moir.com.co\/web\/wp-json\/wp\/v2\/types\/post"}],"author":[{"embeddable":true,"href":"https:\/\/moir.com.co\/web\/wp-json\/wp\/v2\/users\/1"}],"replies":[{"embeddable":true,"href":"https:\/\/moir.com.co\/web\/wp-json\/wp\/v2\/comments?post=15120"}],"version-history":[{"count":1,"href":"https:\/\/moir.com.co\/web\/wp-json\/wp\/v2\/posts\/15120\/revisions"}],"predecessor-version":[{"id":15122,"href":"https:\/\/moir.com.co\/web\/wp-json\/wp\/v2\/posts\/15120\/revisions\/15122"}],"wp:featuredmedia":[{"embeddable":true,"href":"https:\/\/moir.com.co\/web\/wp-json\/wp\/v2\/media\/15121"}],"wp:attachment":[{"href":"https:\/\/moir.com.co\/web\/wp-json\/wp\/v2\/media?parent=15120"}],"wp:term":[{"taxonomy":"category","embeddable":true,"href":"https:\/\/moir.com.co\/web\/wp-json\/wp\/v2\/categories?post=15120"},{"taxonomy":"post_tag","embeddable":true,"href":"https:\/\/moir.com.co\/web\/wp-json\/wp\/v2\/tags?post=15120"}],"curies":[{"name":"wp","href":"https:\/\/api.w.org\/{rel}","templated":true}]}}