{"id":15116,"date":"2018-05-16T18:16:36","date_gmt":"2018-05-16T18:16:36","guid":{"rendered":"https:\/\/moir.org.co\/web\/?p=15116"},"modified":"2018-05-16T18:16:36","modified_gmt":"2018-05-16T18:16:36","slug":"video-intervencion-de-bolivia-en-la-sesion-del-consejo-de-seguridad-de-la-onu-sobre-la-situacion-en-palestina","status":"publish","type":"post","link":"https:\/\/moir.com.co\/web\/video-intervencion-de-bolivia-en-la-sesion-del-consejo-de-seguridad-de-la-onu-sobre-la-situacion-en-palestina\/","title":{"rendered":"Video: Intervenci\u00f3n de Bolivia en la sesi\u00f3n del Consejo de Seguridad de la ONU sobre la situaci\u00f3n en Palestina"},"content":{"rendered":"<p>Esta posici\u00f3n de Bolivia frente a los cr\u00edmenes atroces del ej\u00e9rcito israel\u00ed representa a los pueblos del mundo que ven horrorizados la consumaci\u00f3n de un holocausto contra el pueblo palestino. New York, mayo 15 de 2018<\/p>\n","protected":false},"excerpt":{"rendered":"<p>Esta posici\u00f3n de Bolivia frente a los cr\u00edmenes atroces del ej\u00e9rcito israel\u00ed representa a los pueblos del mundo que ven horrorizados la consumaci\u00f3n de un holocausto contra el pueblo palestino. New York, mayo 15 de 2018<\/p>\n","protected":false},"author":1,"featured_media":0,"comment_status":"open","ping_status":"open","sticky":false,"template":"","format":"video","meta":{"advanced_seo_description":"","jetpack_seo_html_title":"","jetpack_seo_noindex":false,"_jetpack_memberships_contains_paid_content":false,"footnotes":""},"categories":[97,105,98],"tags":[],"class_list":["post-15116","post","type-post","status-publish","format-video","hentry","category-imperialismo-y-neoliberalismo","category-internacional-articulos-de-actualidad","category-politica","post_format-post-format-video"],"jetpack_featured_media_url":"","jetpack-related-posts":[{"id":5942,"url":"https:\/\/moir.com.co\/web\/el-gobierno-colombiano-debe-reconocer-plenamente-al-estado-palestino\/","url_meta":{"origin":15116,"position":0},"title":"El gobierno colombiano debe reconocer plenamente al Estado palestino","author":"admin","date":"septiembre 20, 2011","format":false,"excerpt":"La posici\u00f3n del gobierno de Santos no representa la del pueblo colombiano En la pr\u00f3xima sesi\u00f3n de la ONU se va a someter a votaci\u00f3n si se incluye a Palestina como miembro pleno de dicha organizaci\u00f3n. Esta inclusi\u00f3n corresponde a las aspiraciones del pueblo palestino y al reconocimiento que han\u2026","rel":"","context":"En \u00abJorge Enrique Robledo\u00bb","block_context":{"text":"Jorge Enrique Robledo","link":"https:\/\/moir.com.co\/web\/category\/jorge-enrique-robledo\/"},"img":{"alt_text":"","src":"","width":0,"height":0},"classes":[]},{"id":782,"url":"https:\/\/moir.com.co\/web\/nosotros-no-queremos-ser-una-colonia-mas\/","url_meta":{"origin":15116,"position":1},"title":"&#8220;NOSOTROS NO QUEREMOS SER UNA COLONIA M\u00c1S&#8221;","author":"admin","date":"agosto 12, 2004","format":false,"excerpt":"Lamentablemente no podr\u00e9 estar con ustedes en este evento tan importante. En Bolivia, desde el 13 de enero, vivimos un estado de sitio de facto. Las carreteras han sido tomadas por 10.000 efectivos del ej\u00e9rcito y la polic\u00eda. Varias escuelas y postas sanitarias han sido convertidas en cuarteles. Cientos de\u2026","rel":"","context":"En \u00abRevista de Prensa\u00bb","block_context":{"text":"Revista de Prensa","link":"https:\/\/moir.com.co\/web\/category\/prensa\/revista-de-prensa\/"},"img":{"alt_text":"","src":"","width":0,"height":0},"classes":[]},{"id":686,"url":"https:\/\/moir.com.co\/web\/israel-persiste-en-desconocer-y-reprimir-los-derechos-del-pueblo-palestino\/","url_meta":{"origin":15116,"position":2},"title":"ISRAEL PERSISTE EN DESCONOCER Y REPRIMIR LOS DERECHOS DEL PUEBLO PALESTINO","author":"admin","date":"agosto 11, 2004","format":false,"excerpt":"El gobierno sionista de Israel ha horrorizado al mundo nuevamente con su acciones genocidas contra el pueblo palestino, que desde el 28 de septiembre han cobrado m\u00e1s de docientos cincuenta muertos y miles de heridos. En el marco de unas interminables negociaciones de paz, los gobernantes israelitas se empe\u00f1an en\u2026","rel":"","context":"En \u00abRevista de Prensa\u00bb","block_context":{"text":"Revista de Prensa","link":"https:\/\/moir.com.co\/web\/category\/prensa\/revista-de-prensa\/"},"img":{"alt_text":"","src":"","width":0,"height":0},"classes":[]},{"id":19964,"url":"https:\/\/moir.com.co\/web\/solidaridad-con-palestina\/","url_meta":{"origin":15116,"position":3},"title":"SOLIDARIDAD CON PALESTINA","author":"admin","date":"agosto 28, 2004","format":false,"excerpt":"Vigorosa demostraci\u00f3n de respaldo a la lucha antiimperilista de su pueblo Han transcurrido 27 a\u00f1os desde mayo de 1948 cuando, en connivencia con los imperialistas norteamericanos e ingleses, los sionistas desalojaron brutalmente al pueblo palestino de su territorio nacional. Estos a\u00f1os de dificultades y sacrificios han visto crecer y desarrollarse\u2026","rel":"","context":"En \u00abTribuna Roja N\u00ba 17, noviembre 22 de 1975\u00bb","block_context":{"text":"Tribuna Roja N\u00ba 17, noviembre 22 de 1975","link":"https:\/\/moir.com.co\/web\/category\/tribuna-roja\/ediciones-1975-1979\/tribuna-roja-no-17-noviembre-22-de-1975\/"},"img":{"alt_text":"","src":"","width":0,"height":0},"classes":[]},{"id":8941,"url":"https:\/\/moir.com.co\/web\/comite-de-solidaridad-con-el-pueblo-palestino-repudia-agresion-israeli-que-ocasiono-muerte-de-un-ministro-palestino\/","url_meta":{"origin":15116,"position":4},"title":"Comit\u00e9 de solidaridad con el pueblo palestino repudia agresi\u00f3n israel\u00ed que ocasion\u00f3 muerte de un ministro palestino","author":"admin","date":"diciembre 13, 2014","format":false,"excerpt":"El Comit\u00e9 de Solidaridad con el Pueblo Palestino denuncia la represi\u00f3n del ej\u00e9rcito jud\u00edo en la Cisjordania cuando se realizaba una manifestaci\u00f3n con motivo del D\u00eda Mundial por los Derechos Humanos, en la cual participaba el ministro palestino Ziad Abu Ein, quien despu\u00e9s de un altercado con las tropas de\u2026","rel":"","context":"En \u00abPronunciamientos de Organizaciones Sociales\u00bb","block_context":{"text":"Pronunciamientos de Organizaciones Sociales","link":"https:\/\/moir.com.co\/web\/category\/pronunciamientos-de-organizaciones-sociales\/"},"img":{"alt_text":"","src":"","width":0,"height":0},"classes":[]},{"id":8564,"url":"https:\/\/moir.com.co\/web\/se-gesta-la-creacion-del-comite-de-solidaridad-de-la-guajira-con-palestina\/","url_meta":{"origin":15116,"position":5},"title":"Se gesta la creaci\u00f3n del Comit\u00e9 de Solidaridad de La Guajira con Palestina","author":"admin","date":"julio 16, 2014","format":false,"excerpt":"Dado los actos de genocidio llevado a cabo por el estado sionista de Israel con la anuencia del imperialismo norteamericano y de la Uni\u00f3n Europea y con la complicidad del gobierno de Juan Manuel Santos, contra el pueblo palestino no podemos permanecer en silencio por lo tanto, llamamos a todas\u2026","rel":"","context":"En \u00abPronunciamientos de Organizaciones Sociales\u00bb","block_context":{"text":"Pronunciamientos de Organizaciones Sociales","link":"https:\/\/moir.com.co\/web\/category\/pronunciamientos-de-organizaciones-sociales\/"},"img":{"alt_text":"","src":"","width":0,"height":0},"classes":[]}],"jetpack_sharing_enabled":true,"_links":{"self":[{"href":"https:\/\/moir.com.co\/web\/wp-json\/wp\/v2\/posts\/15116","targetHints":{"allow":["GET"]}}],"collection":[{"href":"https:\/\/moir.com.co\/web\/wp-json\/wp\/v2\/posts"}],"about":[{"href":"https:\/\/moir.com.co\/web\/wp-json\/wp\/v2\/types\/post"}],"author":[{"embeddable":true,"href":"https:\/\/moir.com.co\/web\/wp-json\/wp\/v2\/users\/1"}],"replies":[{"embeddable":true,"href":"https:\/\/moir.com.co\/web\/wp-json\/wp\/v2\/comments?post=15116"}],"version-history":[{"count":1,"href":"https:\/\/moir.com.co\/web\/wp-json\/wp\/v2\/posts\/15116\/revisions"}],"predecessor-version":[{"id":15117,"href":"https:\/\/moir.com.co\/web\/wp-json\/wp\/v2\/posts\/15116\/revisions\/15117"}],"wp:attachment":[{"href":"https:\/\/moir.com.co\/web\/wp-json\/wp\/v2\/media?parent=15116"}],"wp:term":[{"taxonomy":"category","embeddable":true,"href":"https:\/\/moir.com.co\/web\/wp-json\/wp\/v2\/categories?post=15116"},{"taxonomy":"post_tag","embeddable":true,"href":"https:\/\/moir.com.co\/web\/wp-json\/wp\/v2\/tags?post=15116"}],"curies":[{"name":"wp","href":"https:\/\/api.w.org\/{rel}","templated":true}]}}