{"id":15114,"date":"2018-05-16T16:10:19","date_gmt":"2018-05-16T16:10:19","guid":{"rendered":"https:\/\/moir.org.co\/web\/?p=15114"},"modified":"2018-05-16T16:10:19","modified_gmt":"2018-05-16T16:10:19","slug":"corrupcion-desigualdad-y-educacion-en-colombia","status":"publish","type":"post","link":"https:\/\/moir.com.co\/web\/corrupcion-desigualdad-y-educacion-en-colombia\/","title":{"rendered":"Corrupci\u00f3n, desigualdad y educaci\u00f3n en Colombia"},"content":{"rendered":"<p><strong>Aurelio Su\u00e1rez Montoya, Bogot\u00e1, mayo 15 de 2018<\/strong><\/p>\n<p>Colombia perdi\u00f3 6 puestos en el\u00a0<strong>ranking del \u00cdndice de Percepci\u00f3n de Corrupci\u00f3n de Transparencia Internacional (CPI)<\/strong>\u00a0de 2016 a 2017. La calificaci\u00f3n de 37 puntos sobre 100, el nivel \u00f3ptimo, ubica al pa\u00eds en el puesto 96, por debajo del promedio mundial de 43 puntos y de 44 en Latinoam\u00e9rica.<\/p>\n<p>Fuera de estar en el 69% de las naciones por debajo de 50 puntos,\u00a0<strong>30% de las personas encuestadas dijeron haber pagado sobornos\u00a0<\/strong>para acceder a servicios p\u00fablicos y se estima que se desv\u00edan $50 billones al a\u00f1o de los presupuestos p\u00fablicos.<\/p>\n<p><strong>8<\/strong><strong>0% de los colombianos tiene la corrupci\u00f3n como uno de los mayores problemas<\/strong>\u00a0con lo que coincide el portal www.business-anti-corruption.com, que analiza el sistema econ\u00f3mico, las instituciones judiciales, de polic\u00eda, de aduanas, legislaci\u00f3n y el control p\u00fablico: \u201cImpregna varios sectores de la econom\u00eda (\u2026.)\u00a0<strong>a la jerarqu\u00eda del gobierno donde los casos en los niveles m\u00e1s altos<\/strong>(\u2026) grandes redes de clientelismo se manifiestan particularmente en el sector de contrataci\u00f3n p\u00fablica (\u2026) estas pr\u00e1cticas son generalizadas\u201d.<\/p>\n<p><em><strong>Vea aqu\u00ed:<a href=\"https:\/\/www.bluradio.com\/opinion\/esta-hecha-trizas-la-salud-en-colombia-columna-de-aurelio-suarez-176160-ie43647\" target=\"_blank\" rel=\"noopener\">\u00a0<\/a><\/strong><\/em><a href=\"https:\/\/www.bluradio.com\/opinion\/esta-hecha-trizas-la-salud-en-colombia-columna-de-aurelio-suarez-176160-ie43647\" target=\"_blank\" rel=\"noopener\"><em><strong>\u00bfEst\u00e1 hecha trizas la salud en Colombia? Columna de Aurelio Su\u00e1rez\u00a0<\/strong><\/em><\/a><\/p>\n<p>\u00bfCu\u00e1les son las causas de\u00a0<strong>tan execrable corruptela? Hay variadas respuestas, desde la de \u201cmanzanas podridas\u201d<\/strong>, pasando por la de las \u201cmafias\u201d, hasta quienes sentencian una \u201cputrefacci\u00f3n sist\u00e9mica\u201d.<\/p>\n<p>Para explicarlas, en el libro Corrupci\u00f3n,<strong>\u00a0cohesi\u00f3n social y desarrollo, Mulas-Granados y Alonso introducen como factor\u00a0<\/strong>clave el nivel de desarrollo nacional, fuera de admitir tambi\u00e9n otros ya reconocidos como la falta de democracia y la inestabilidad pol\u00edtica; burocracias sin carrera sostenible en la administraci\u00f3n p\u00fablica y la falta de\u00a0<strong>firmeza del sistema judicial, evaluados en los \u00edndices de Gobernanza\u00a0<\/strong>(Banco Mundial) y de Percepci\u00f3n de Corrupci\u00f3n (CPI).<\/p>\n<p>Ellos, con base en un modelo econom\u00e9trico,<strong>\u00a0incluyen datos de Europa, Asia Central, Medio Oriente y norte de \u00c1frica\u00a0<\/strong>para la estimaci\u00f3n estad\u00edstica e incorporan como variables explicativas el PIB por habitante; el coeficiente de GINI en la distribuci\u00f3n de la renta; el peso de los impuestos como proporci\u00f3n del PIB; la apertura comercial y el nivel educativo de la poblaci\u00f3n,<strong>\u00a0medido por a\u00f1os de estudio, y acaban afirmando que estas \u201ccausas pr\u00f3ximas\u201d\u00a0<\/strong>explican \u201centre los dos tercios y los tres cuartos de la variaci\u00f3n de los niveles de corrupci\u00f3n entre pa\u00edses\u201d.<\/p>\n<p>La conclusi\u00f3n es que un aumento en la desigualdad\u00a0<strong>se traduce en m\u00e1s podredumbre y, a la vez, que con mayor ingreso por habitante<\/strong>\u00a0y con un pacto fiscal s\u00f3lido, ella decrece. Puede inferirse entonces que, tal como est\u00e1 Colombia, es \u201ctierra f\u00e9rtil\u201d para que ese contubernio \u2013entre actores privados, funcionarios nombrados y cargos electos\u2013 pueda desplegar conciertos para delinquir a gran escala,\u00a0<strong>donde son pan cotidiano, entre muchos pestilentes,<\/strong>esc\u00e1ndalos como Odebrecht, Reficar, Saludcoop, la Ley Urrutia-Zidres, el modelo Transmilenio en sus variantes, el Cartel de la Toga e Isagen, y ni hablar del narcotr\u00e1fico.<\/p>\n<p>Pero m\u00e1s all\u00e1, por sus efectos,\u00a0<strong>\u00bfno ser\u00e1 preciso cuestionar como ra\u00edz las pol\u00edticas econ\u00f3micas, responsables en Colombia de las peores desigualdades y de un ingreso anual<\/strong>\u00a0por habitante inferior a cinco mil d\u00f3lares reales? \u00bfNo es un causante financiar la econom\u00eda con bajos salarios, impuestos indirectos e informalidad en pro de beneficios tributarios a grandes conglomerados y personas naturales de altos deciles? \u00bfNo inciden en el bajo ingreso del 80% de la poblaci\u00f3n, que no alcanza o apenas logra cubrir gastos m\u00ednimos?<\/p>\n<p>Finalmente, la educaci\u00f3n,<strong>\u00a0cuando se toma en sentido general, no aparece significativa en la explicaci\u00f3n del abominable fen\u00f3meno<\/strong>; sin embargo, al abordarla por niveles, Mulas-Granados y Alonso muestran que en secundaria, cuando la tasa bruta de cobertura nacional es superior al 74,5%, se llega a un punto de inflexi\u00f3n a partir del cual\u00a0<strong>\u201cdisminuye la presencia\u201d\u00a0<\/strong>de la descomposici\u00f3n e igual sucede cuando \u2013en la que denominan educaci\u00f3n terciaria\u2013 rebasa al 34,8%.<\/p>\n<p>Bajo estas premisas, tiene raz\u00f3n Sergio Fajardo, el m\u00e1s insistente, al\u00a0<strong>incluir en un proyecto de largo alcance hacer universal la educaci\u00f3n como efecto positivo<\/strong>\u00a0y eficaz contra la grave podredumbre que hoy campea con regularidad e impunidad. Una educaci\u00f3n universal reduce los efectos negativos que acarrea la corrupci\u00f3n\u00a0<strong>sobre la eficiencia y la capacidad del Estado,<\/strong>\u00a0sobre el crecimiento y el desarrollo, algo quiz\u00e1s imperceptible pero cierto, pues hay evidencia de que \u201cel marco social y sus instituciones\u201d recortan los tent\u00e1culos de los corruptos.<\/p>\n","protected":false},"excerpt":{"rendered":"<p>Aurelio Su\u00e1rez Montoya, Bogot\u00e1, mayo 15 de 2018 Colombia perdi\u00f3 6 puestos en el\u00a0ranking del \u00cdndice de Percepci\u00f3n de Corrupci\u00f3n de Transparencia Internacional (CPI)\u00a0de 2016 a 2017. La calificaci\u00f3n de 37 puntos sobre 100, el nivel \u00f3ptimo, ubica al pa\u00eds en el puesto 96, por debajo del promedio mundial de 43 puntos y de 44 [&hellip;]<\/p>\n","protected":false},"author":1,"featured_media":14892,"comment_status":"open","ping_status":"open","sticky":false,"template":"","format":"standard","meta":{"advanced_seo_description":"","jetpack_seo_html_title":"","jetpack_seo_noindex":false,"_jetpack_memberships_contains_paid_content":false,"footnotes":""},"categories":[79,76,102,103,97,98],"tags":[],"class_list":["post-15114","post","type-post","status-publish","format-standard","has-post-thumbnail","hentry","category-aurelio-suarez-montoya","category-ciencia","category-economia","category-educacion","category-imperialismo-y-neoliberalismo","category-politica"],"jetpack_featured_media_url":"https:\/\/i0.wp.com\/moir.com.co\/web\/wp-content\/uploads\/2018\/04\/fajardopresidente.png?fit=390%2C390&ssl=1","jetpack-related-posts":[{"id":13887,"url":"https:\/\/moir.com.co\/web\/colombia-es-perdedor-en-el-comercio-agricola-aurelio-suarez\/","url_meta":{"origin":15114,"position":0},"title":"Colombia es perdedor en el comercio agr\u00edcola: Aurelio Su\u00e1rez","author":"admin","date":"noviembre 20, 2017","format":false,"excerpt":"Redacci\u00f3n Diario del Huila, Neiva, noviembre 20 de 2017 Desde hace un mes Aurelio Suarez Montoya, viene recorriendo el pa\u00eds con el objetivo de conocer de primera mano la realidad que se vive en las regiones en diferentes aspectos; en Colombia, su nombre es conocido porque es una de las\u2026","rel":"","context":"En \u00abAgro\u00bb","block_context":{"text":"Agro","link":"https:\/\/moir.com.co\/web\/category\/temas\/agro\/"},"img":{"alt_text":"","src":"https:\/\/i0.wp.com\/moir.com.co\/web\/wp-content\/uploads\/2017\/11\/aureliosuarezdiariodelhuila.jpg?fit=600%2C375&ssl=1&resize=350%2C200","width":350,"height":200,"srcset":"https:\/\/i0.wp.com\/moir.com.co\/web\/wp-content\/uploads\/2017\/11\/aureliosuarezdiariodelhuila.jpg?fit=600%2C375&ssl=1&resize=350%2C200 1x, https:\/\/i0.wp.com\/moir.com.co\/web\/wp-content\/uploads\/2017\/11\/aureliosuarezdiariodelhuila.jpg?fit=600%2C375&ssl=1&resize=525%2C300 1.5x"},"classes":[]},{"id":13410,"url":"https:\/\/moir.com.co\/web\/video-intervencion-de-aurelio-suarez-montoya-en-el-foro-por-la-financiacion-de-la-educacion-convocado-por-fecode\/","url_meta":{"origin":15114,"position":1},"title":"Video: Intervenci\u00f3n de Aurelio Su\u00e1rez Montoya en el Foro por la Financiaci\u00f3n de la Educaci\u00f3n convocado por Fecode","author":"admin","date":"septiembre 29, 2017","format":"video","excerpt":"Bogot\u00e1, septiembre 26 de 2017","rel":"","context":"En \u00abAurelio Su\u00e1rez Montoya\u00bb","block_context":{"text":"Aurelio Su\u00e1rez Montoya","link":"https:\/\/moir.com.co\/web\/category\/bitacoras\/aurelio-suarez-montoya\/"},"img":{"alt_text":"","src":"","width":0,"height":0},"classes":[]},{"id":13631,"url":"https:\/\/moir.com.co\/web\/articulo-de-aurelio-suarez-montoya-pasto-narino-entre-la-trampa-de-pobreza-y-la-economia-encubierta\/","url_meta":{"origin":15114,"position":2},"title":"La corrupci\u00f3n en el poder","author":"admin","date":"octubre 26, 2017","format":false,"excerpt":"Dar\u00edo Arenas Villegas, Manizales, octubre 26 de 2017 El debate de los senadores Jorge Robledo y Claudia L\u00f3pez ratific\u00f3 que la corrupci\u00f3n, lejos de ser un asunto aislado, es un fen\u00f3meno sistem\u00e1tico que se carcome con voracidad la econom\u00eda, las instituciones y la moral de la naci\u00f3n. Los argumentos de\u2026","rel":"","context":"En \u00abEconom\u00eda\u00bb","block_context":{"text":"Econom\u00eda","link":"https:\/\/moir.com.co\/web\/category\/temas\/economia\/"},"img":{"alt_text":"","src":"","width":0,"height":0},"classes":[]},{"id":5815,"url":"https:\/\/moir.com.co\/web\/programa-radial-de-tribuna-magisterial-julio-31-de-2011\/","url_meta":{"origin":15114,"position":3},"title":"Programa Radial de Tribuna Magisterial, julio 31 de 2011","author":"admin","date":"agosto 1, 2011","format":false,"excerpt":"El programa del domingo 31 de julio se inici\u00f3 con la nota editorial dedicada a la lectura del art\u00edculo \u201cNeoliberalismo y cultura de la corrupci\u00f3n\u201d escrito por Aurelio Su\u00e1rez Montoya. Luego se tuvo comunicaci\u00f3n desde la Plaza Tahir en El Cairo (Egipto), con Natalia Parada con un informe de las\u2026","rel":"","context":"En \u00abTribuna Magisterial\u00bb","block_context":{"text":"Tribuna Magisterial","link":"https:\/\/moir.com.co\/web\/category\/tribuna-magisterial\/"},"img":{"alt_text":"","src":"","width":0,"height":0},"classes":[]},{"id":5687,"url":"https:\/\/moir.com.co\/web\/carta-abierta-a-ban-ki-moon\/","url_meta":{"origin":15114,"position":4},"title":"Carta abierta a Ban Ki-moon","author":"admin","date":"junio 7, 2011","format":false,"excerpt":"Se\u00f1or Ban Ki-moon Secretario general de la ONU Se\u00f1or secretario: Se anunci\u00f3 que viene a Colombia el 11 de junio. Como es por vez primera, quiero presentarle un panorama del pa\u00eds, apoyado en cifras del \u00cdndice de Desarrollo Humano (IDH), elaborado para 2010 por la agencia PNUD. Colombia tiene un\u2026","rel":"","context":"En \u00abAurelio Su\u00e1rez Montoya\u00bb","block_context":{"text":"Aurelio Su\u00e1rez Montoya","link":"https:\/\/moir.com.co\/web\/category\/bitacoras\/aurelio-suarez-montoya\/"},"img":{"alt_text":"","src":"","width":0,"height":0},"classes":[]},{"id":17331,"url":"https:\/\/moir.com.co\/web\/video-intervencion-de-aurelio-suarez-montoya-en-la-audiencia-publica-s-o-s-por-la-industria-textil-confecciones\/","url_meta":{"origin":15114,"position":5},"title":"Video: Intervenci\u00f3n de Aurelio Su\u00e1rez Montoya en la audiencia p\u00fablica: &#8220;S.O.S por la industria textil confecciones&#8221;","author":"admin","date":"abril 23, 2019","format":"video","excerpt":"Bogot\u00e1, abril 22 de 2019","rel":"","context":"En \u00abAurelio Su\u00e1rez Montoya\u00bb","block_context":{"text":"Aurelio Su\u00e1rez Montoya","link":"https:\/\/moir.com.co\/web\/category\/bitacoras\/aurelio-suarez-montoya\/"},"img":{"alt_text":"","src":"","width":0,"height":0},"classes":[]}],"jetpack_sharing_enabled":true,"_links":{"self":[{"href":"https:\/\/moir.com.co\/web\/wp-json\/wp\/v2\/posts\/15114","targetHints":{"allow":["GET"]}}],"collection":[{"href":"https:\/\/moir.com.co\/web\/wp-json\/wp\/v2\/posts"}],"about":[{"href":"https:\/\/moir.com.co\/web\/wp-json\/wp\/v2\/types\/post"}],"author":[{"embeddable":true,"href":"https:\/\/moir.com.co\/web\/wp-json\/wp\/v2\/users\/1"}],"replies":[{"embeddable":true,"href":"https:\/\/moir.com.co\/web\/wp-json\/wp\/v2\/comments?post=15114"}],"version-history":[{"count":1,"href":"https:\/\/moir.com.co\/web\/wp-json\/wp\/v2\/posts\/15114\/revisions"}],"predecessor-version":[{"id":15115,"href":"https:\/\/moir.com.co\/web\/wp-json\/wp\/v2\/posts\/15114\/revisions\/15115"}],"wp:featuredmedia":[{"embeddable":true,"href":"https:\/\/moir.com.co\/web\/wp-json\/wp\/v2\/media\/14892"}],"wp:attachment":[{"href":"https:\/\/moir.com.co\/web\/wp-json\/wp\/v2\/media?parent=15114"}],"wp:term":[{"taxonomy":"category","embeddable":true,"href":"https:\/\/moir.com.co\/web\/wp-json\/wp\/v2\/categories?post=15114"},{"taxonomy":"post_tag","embeddable":true,"href":"https:\/\/moir.com.co\/web\/wp-json\/wp\/v2\/tags?post=15114"}],"curies":[{"name":"wp","href":"https:\/\/api.w.org\/{rel}","templated":true}]}}