{"id":15108,"date":"2018-05-15T21:23:54","date_gmt":"2018-05-15T21:23:54","guid":{"rendered":"https:\/\/moir.org.co\/web\/?p=15108"},"modified":"2018-05-15T21:23:54","modified_gmt":"2018-05-15T21:23:54","slug":"es-el-complejo-industrial-militar-estupido","status":"publish","type":"post","link":"https:\/\/moir.com.co\/web\/es-el-complejo-industrial-militar-estupido\/","title":{"rendered":"Es el Complejo Industrial-Militar, est\u00fapido"},"content":{"rendered":"<p><strong>Norman Alarc\u00f3n Rodas, Barranquilla, mayo 15 de 2018<\/strong><\/p>\n<p>El ocho de mayo pasado, Donald Trump, decidi\u00f3 retirar a su pa\u00eds del Plan Integral de Acci\u00f3n Conjunta (JCPOA, por sus siglas en ingl\u00e9s), firmado por Ir\u00e1n y las seis potencias internacionales (China, EEUU, Francia, Inglaterra, Rusia y Alemania) en julio de 2015, para limitar el programa nuclear iran\u00ed a cambio de levantar las sanciones internacionales y multilaterales que pesaban sobre ese pa\u00eds del Oriente Medio. En t\u00e9rminos generales, Ir\u00e1n se comprometi\u00f3 a hacer un uso \u201cexclusivamente pac\u00edfico\u201d de la energ\u00eda nuclear y a no desarrollar ni adquirir armas nucleares \u201cbajo ninguna circunstancia\u201d.<\/p>\n<p>El hecho de que Estados Unidos se retire de manera unilateral de un acuerdo internacional, clave para la paz mundial, que Ir\u00e1n estaba cumpliendo a cabalidad seg\u00fan certificaci\u00f3n del Organismo Internacional de Energ\u00eda At\u00f3mica (OIEA) de las Naciones Unidas y de entidades norteamericanas, adem\u00e1s de dejar en cuesti\u00f3n a la primera potencia del mundo, cuya primera autoridad se reunir\u00e1 en pr\u00f3ximos d\u00edas con el presidente de Corea del Norte para tratar asuntos similares, traer\u00e1 consecuencias de gran envergadura por las amenazas que se han proferido contra los pa\u00edses y empresas que mantengan tratos comerciales y diplom\u00e1ticos con Ir\u00e1n.<\/p>\n<p>No se ten\u00edan antecedentes de que los principales pa\u00edses europeos, dejando de lado asuntos como el Brexit, se hayan reunido para unificar posiciones en torno al mantenimiento del Plan Integral con Ir\u00e1n y distanciarse de su aliado estrat\u00e9gico, los Estados Unidos. La canciller alemana, \u00c1ngela Merkel, declar\u00f3 el jueves pasado: \u201cLa \u00e9poca en la que pod\u00edamos contar simplemente con Estados Unidos para protegernos se acab\u00f3\u201d. El presidente de la Comisi\u00f3n Europea, Jean Claude Juncker, manifest\u00f3: \u201cWashington ya no quiere cooperar con el resto del mundo, y estamos en el momento en que debemos sustituir a Estados Unidos\u201d. El diario alem\u00e1n Zeitung coment\u00f3 que \u201cTrump solo conoce la sumisi\u00f3n, e incluso quienes obedecen no saben nunca cu\u00e1nto tiempo gozar\u00e1n de su benepl\u00e1cito\u201d. Los pa\u00edses europeos ya hab\u00edan mostrado se\u00f1ales de preocupaci\u00f3n cuando Trump abandon\u00f3 el acuerdo internacional sobre el clima y declar\u00f3 que la OTAN era \u201cobsoleta\u201d, como tambi\u00e9n por el asunto de los aranceles al acero y aluminio. \u201cEs hora de que Europa se emancipe de Estados Unidos, especialmente en los \u00e1mbitos de la defensa y del comercio\u201d, asegur\u00f3\u00a0 a la AFP un responsable europeo. Francia anima a crear una fuerza europea de intervenci\u00f3n, capaz de llevar a cabo operaciones al margen de la OTAN y sin la tutela de Estados Unidos. Una decena de pa\u00edses, entre ellos Alemania y Reino Unido, est\u00e1n dispuestos a comprometerse en esta cuesti\u00f3n, y tienen previsto reunirse en junio, anunci\u00f3 la ministra francesa de Defensa, Florence Parly. El diario brit\u00e1nico Financial Times se pronunci\u00f3 el viernes a favor del \u201cuso de represalias\u201d si las empresas europeas reciben sanciones por conservar sus relaciones comerciales con Ir\u00e1n.<\/p>\n<p>Otras potencias y pa\u00edses han coincidido en la necesidad de mantener el acuerdo con Ir\u00e1n, entre ellas, Rusia, China y Turqu\u00eda. El vocero de la canciller\u00eda china, Lui Bin, declar\u00f3 que Pek\u00edn est\u00e1 dispuesto a trabajar en cooperaci\u00f3n con Mosc\u00fa para preservar el acuerdo nuclear iran\u00ed y agreg\u00f3 que cualquier pa\u00eds debe cumplir sus obligaciones internacionales. El ministro ruso de Relaciones Exteriores, Sergu\u00e9i Lavrov, tild\u00f3 de \u201ccritica\u201d la situaci\u00f3n y subray\u00f3 que es preciso evitar que el Tratado de No Proliferaci\u00f3n de Armas Nucleares afronte nuevas amenazas y que Rusia abordar\u00e1 acciones conjuntas sobre el acuerdo iran\u00ed con el Reino Unido, Francia, Alemania y China en los pr\u00f3ximos d\u00edas. El presidente de Turqu\u00eda, Recep Erdogan, manifest\u00f3 que la decisi\u00f3n de Estados Unidos socava la paz en Oriente Medio y mostr\u00f3 su decepci\u00f3n con la actitud norteamericana.<\/p>\n<p><strong>Se calienta el Medio Oriente<\/strong><\/p>\n<p>Una de las regiones m\u00e1s estrat\u00e9gicas del mundo por su posici\u00f3n geogr\u00e1fica, los yacimientos de hidrocarburos, la confluencia de tres continentes y los conflictos heredados del pasado, se torna m\u00e1s inestable con los hechos ocurridos. Ir\u00e1n, controlado por los ayatol\u00e1s desde la expulsi\u00f3n del Sha de Persia, mantiene una disputa hist\u00f3rica con Arabia Saudita e Israel, los pa\u00edses m\u00e1s cercanos a Estados Unidos en la regi\u00f3n. Teher\u00e1n colabor\u00f3 estrechamente con el gobierno de Bashar Al Asad, presidente sirio, para enfrentar la embestida terrorista orquestada por Norteam\u00e9rica y la OTAN y luego, con el respaldo ruso, est\u00e1 punto de liberar a casi toda Siria de la intromisi\u00f3n extranjera. Israel mantiene una disputa hist\u00f3rica con Ir\u00e1n, contando con el respaldo estadounidense, que lo tiene como su punta de lanza, manteniendo la ilegal ocupaci\u00f3n de los territorios palestinos y de las alturas del Gol\u00e1n de Siria, entre otros, y masacrando a la poblaci\u00f3n. Occidente ha permitido incluso que Israel tenga arsenal at\u00f3mico para chantajear a la regi\u00f3n, pero se lo proh\u00edbe a Ir\u00e1n, naci\u00f3n a la que le toc\u00f3 aceptar el acuerdo de no proliferaci\u00f3n nuclear con las potencias, abandonado ahora por EEUU, lo que ha ocasionado la crisis actual.<\/p>\n<p>Hay que recordar que en el a\u00f1o 2017 se dio en el Medio Oriente una disputa por el mercado armamentista entre Estados Unidos y Rusia. En junio, Qatar firm\u00f3 con Estados Unidos la adquisici\u00f3n de varias decenas de aviones de combate F-15 por un valor de 12.000 millones de d\u00f3lares, que el emirato mostr\u00f3 como un apoyo de Washington diez d\u00edas despu\u00e9s de que Arabia Saudita, Emiratos \u00c1rabes Unidos, Bahr\u00e9in y Egipto le iniciaran un bloqueo por tierra, mar y aire, celebrado por Donald Trump por una supuesta promoci\u00f3n del terrorismo. Sobre este episodio se traslucieron diferencias entre los Secretarios de Defensa y de Estado norteamericanos, ya que se trata de un pa\u00eds considerado por muchos como terrorista, pero, al mismo tiempo, alberga la mayor base a\u00e9rea estadounidense en Oriente Pr\u00f3ximo, Al Udeid, en los alrededores de Doha, que acoge a unos 8.000 soldados gringos. Desde all\u00ed han salido aviones bombarderos para llegar a Irak y Siria. Esta compra de aviones servir\u00e1 para crear 60.000 nuevos puestos de trabajo en 42 estados de EEUU.<\/p>\n<p>Pero la carrera armamentista lleg\u00f3 a la c\u00faspide el a\u00f1o pasado en Arabia Saudita, pa\u00eds que en un lapso de una semana le compr\u00f3 armamento tanto a EEUU como a Rusia. A Estados Unidos le compr\u00f3 el escudo antimisiles THAAD por valor de 15.000 millones de d\u00f3lares, alegando la amenaza de su archienemigo iran\u00ed y su poderoso programa bal\u00edstico. Tambi\u00e9n contempla la adquisici\u00f3n de misiles, radares y estaciones de control. Lo anterior coincide con la compra a Rusia del Sistema de Misiles Antia\u00e9reos S-400, coincidiendo con la hist\u00f3rica visita del rey Salman a Mosc\u00fa. Estas compras militares se realizaron cuando la ONU incluy\u00f3 en la lista negra a Arabia Saudita por los bombardeos a Yemen desde el 2015. La Coalici\u00f3n de Greenpeace, Amnist\u00eda Internacional y Oxfam han denunciado que las compras militares de los sauditas rondan los 650 millones de euros en los \u00faltimos dos a\u00f1os.<\/p>\n<p>En el fondo de todo el asunto sobresale la importancia estrat\u00e9gica de esta regi\u00f3n como mercado de la industria armamentista, en la que tiene la supremac\u00eda mundial el complejo industrial-militar norteamericano. Cifras consolidadas de 2015 indican que el gasto militar mundial fue de 1,6 billones de d\u00f3lares y el gasto de EEUU represent\u00f3 el 37% del total. El complejo industrial-militar es el que le impone el contenido a la pol\u00edtica norteamericana, sea cual sea su presidente, y es el que ha llevado a que Donald Trump rompa el acuerdo nuclear con Ir\u00e1n con todas sus consecuencias, entre ellas, su aislamiento internacional en el contexto del declive estrat\u00e9gico, rodando lentamente en un ocaso prolongado. Las consecuencias las hab\u00eda previsto el expresidente Dwight Eisenhower desde 1961, con una frase que se rese\u00f1a a continuaci\u00f3n. En este contexto, ad portas de las elecciones del 27 de mayo, la mejor opci\u00f3n sin ninguna duda es Sergio Fajardo, que contempla en su programa de gobierno en asuntos internacionales la defensa de la soberan\u00eda y la autodeterminaci\u00f3n nacional.<\/p>\n<p>\u201cEsta conjunci\u00f3n de un inmenso sistema militar y una gran industria armament\u00edstica es algo nuevo para la experiencia norteamericana (\u2026) Pero debemos estar bien seguros de que comprendemos sus graves consecuencias (\u2026) En los consejos de gobierno, debemos estar alerta contra el desarrollo de influencias indebidas, sean buscadas o no, del complejo militar-industrial. Existen y existir\u00e1n circunstancias que har\u00e1n posible que surjan poderes en lugares indebidos, con efectos desastrosos (\u2026) Nunca debemos permitir que el peso de esta combinaci\u00f3n ponga en peligro nuestras libertades ni nuestros procesos democr\u00e1ticos.\u201d (Discurso televisado de Dwight Eisenhower el 17 de enero de 1961 al terminar su mandato como presidente de Estados Unidos).<\/p>\n<p><a href=\"http:\/\/carpetashistoria.fahce.unlp.edu.ar\/carpeta-3\/fuentes\/la-guerra-fria\/el-complejo-industrial-militar-segun-eisenhower\">http:\/\/carpetashistoria.fahce.unlp.edu.ar\/carpeta-3\/fuentes\/la-guerra-fria\/el-complejo-industrial-militar-segun-eisenhower<\/a><\/p>\n","protected":false},"excerpt":{"rendered":"<p>Norman Alarc\u00f3n Rodas, Barranquilla, mayo 15 de 2018 El ocho de mayo pasado, Donald Trump, decidi\u00f3 retirar a su pa\u00eds del Plan Integral de Acci\u00f3n Conjunta (JCPOA, por sus siglas en ingl\u00e9s), firmado por Ir\u00e1n y las seis potencias internacionales (China, EEUU, Francia, Inglaterra, Rusia y Alemania) en julio de 2015, para limitar el programa [&hellip;]<\/p>\n","protected":false},"author":1,"featured_media":15109,"comment_status":"open","ping_status":"open","sticky":false,"template":"","format":"standard","meta":{"advanced_seo_description":"","jetpack_seo_html_title":"","jetpack_seo_noindex":false,"_jetpack_memberships_contains_paid_content":false,"footnotes":""},"categories":[97,105,98],"tags":[],"class_list":["post-15108","post","type-post","status-publish","format-standard","has-post-thumbnail","hentry","category-imperialismo-y-neoliberalismo","category-internacional-articulos-de-actualidad","category-politica"],"jetpack_featured_media_url":"https:\/\/i0.wp.com\/moir.com.co\/web\/wp-content\/uploads\/2018\/05\/trumpenergumeno.jpeg?fit=270%2C186&ssl=1","jetpack-related-posts":[{"id":4542,"url":"https:\/\/moir.com.co\/web\/obama-israel-e-iran\/","url_meta":{"origin":15108,"position":0},"title":"Obama, Israel e Ir\u00e1n","author":"admin","date":"julio 8, 2010","format":false,"excerpt":"Desde las agresiones de los dos Bush contra Irak (1991 y 2003) Estados Unidos no realizaba un despliegue militar en la zona del Golfo P\u00e9rsico como el que est\u00e1 en marcha ahora contra Ir\u00e1n. Pese a que los grandes medios apenas hablan o no les dan mayor destaque a los\u2026","rel":"","context":"En \u00abRevista de Prensa\u00bb","block_context":{"text":"Revista de Prensa","link":"https:\/\/moir.com.co\/web\/category\/prensa\/revista-de-prensa\/"},"img":{"alt_text":"","src":"","width":0,"height":0},"classes":[]},{"id":4908,"url":"https:\/\/moir.com.co\/web\/entrevista-con-alexei-fenenko-rusia-y-ee-uu-condenados-a-seguir-siendo-enemigos-politicos\/","url_meta":{"origin":15108,"position":1},"title":"Entrevista con Alexei Fenenko: Rusia y EE.UU. condenados a seguir siendo enemigos pol\u00edticos","author":"admin","date":"octubre 17, 2010","format":false,"excerpt":"El doctor Alexei Fenenko, destacado investigador en el Instituto de Seguridad Internacional en la Academia de Ciencias rusa, entrevistado por Samir Shakhbaz. La Guerra Fr\u00eda ha pasado hace tiempo, pero su legado tiene una enorme influencia sobre el actual sistema de relaciones internacionales. Aunque la seguridad global actual se basa\u2026","rel":"","context":"En \u00abRevista de Prensa\u00bb","block_context":{"text":"Revista de Prensa","link":"https:\/\/moir.com.co\/web\/category\/prensa\/revista-de-prensa\/"},"img":{"alt_text":"","src":"","width":0,"height":0},"classes":[]},{"id":10607,"url":"https:\/\/moir.com.co\/web\/las-claves-de-la-guerra-de-siria\/","url_meta":{"origin":15108,"position":2},"title":"Las claves de la guerra de Siria","author":"admin","date":"octubre 16, 2016","format":false,"excerpt":"Juan Manuel Olarieta, LibreRed, octubre 15 de 2016 La Guerra de Siria fue desencadenada a comienzos de 2011 por el imperialismo dentro de la campa\u00f1a de la Primavera \u00c1rabe que tiene por objeto cambiar la correlaci\u00f3n de fuerzas en Oriente Medio y el norte de \u00c1frica y proceder a un\u2026","rel":"","context":"En \u00abImperialismo y Neoliberalismo\u00bb","block_context":{"text":"Imperialismo y Neoliberalismo","link":"https:\/\/moir.com.co\/web\/category\/temas\/imperialismo-y-neoliberalismo\/"},"img":{"alt_text":"","src":"https:\/\/i0.wp.com\/moir.com.co\/web\/wp-content\/uploads\/2016\/10\/siria2.jpg?fit=800%2C445&ssl=1&resize=350%2C200","width":350,"height":200,"srcset":"https:\/\/i0.wp.com\/moir.com.co\/web\/wp-content\/uploads\/2016\/10\/siria2.jpg?fit=800%2C445&ssl=1&resize=350%2C200 1x, https:\/\/i0.wp.com\/moir.com.co\/web\/wp-content\/uploads\/2016\/10\/siria2.jpg?fit=800%2C445&ssl=1&resize=525%2C300 1.5x, https:\/\/i0.wp.com\/moir.com.co\/web\/wp-content\/uploads\/2016\/10\/siria2.jpg?fit=800%2C445&ssl=1&resize=700%2C400 2x"},"classes":[]},{"id":4655,"url":"https:\/\/moir.com.co\/web\/iran-la-proxima-victima-de-la-agresion-del-imperialismo-norteamericano\/","url_meta":{"origin":15108,"position":3},"title":"Ir\u00e1n: la pr\u00f3xima v\u00edctima de la agresi\u00f3n del imperialismo norteamericano","author":"admin","date":"agosto 17, 2010","format":false,"excerpt":"Ir\u00e1n o el derecho a defenderse Ir\u00e1n, la milenaria Persia de Ciro y Alejandro, no es un peque\u00f1o pa\u00eds. Tiene una extensi\u00f3n territorial de 1.648.195 Km2 y una poblaci\u00f3n superior a los 70 millones de habitantes. Comparte fronteras entre otros, con Afganist\u00e1n, Pakist\u00e1n y Turqu\u00eda. Tiene costas en el mar\u2026","rel":"","context":"En \u00abTemas\u00bb","block_context":{"text":"Temas","link":"https:\/\/moir.com.co\/web\/category\/temas\/"},"img":{"alt_text":"","src":"","width":0,"height":0},"classes":[]},{"id":1415,"url":"https:\/\/moir.com.co\/web\/nukes-and-double-standards\/","url_meta":{"origin":15108,"position":4},"title":"NUKES AND DOUBLE STANDARDS","author":"admin","date":"junio 16, 2006","format":false,"excerpt":"An acquaintance of mine, an Israeli physicist in his 30s, likes to joke about his annual mandatory military service. It involves guarding \"the nuclear weapons Israel doesn't have,\" he tells me, at the site of Israel's undeclared nuclear arsenal in Dimona. The code name for the Dimona reactor is \"the\u2026","rel":"","context":"En \u00abPress Review\u00bb","block_context":{"text":"Press Review","link":"https:\/\/moir.com.co\/web\/category\/prensa\/press-review\/"},"img":{"alt_text":"","src":"","width":0,"height":0},"classes":[]},{"id":19775,"url":"https:\/\/moir.com.co\/web\/altiva-respuesta-coreana-a-estados-unidos\/","url_meta":{"origin":15108,"position":5},"title":"ALTIVA RESPUESTA COREANA A ESTADOS UNIDOS","author":"admin","date":"agosto 10, 2004","format":false,"excerpt":"La Rep\u00fablica Democr\u00e1tica Popular de Corea ha denunciado la agresi\u00f3n que ha recibido de Estados Unidos mediante el incumplimiento desde finales del a\u00f1o pasado del acuerdo de 1994 que estableci\u00f3 el suministro de alimentos y combust\u00f3leo a cambio de la suspensi\u00f3n del programa de desarrollo pac\u00edfico de la energ\u00eda at\u00f3mica.\u2026","rel":"","context":"En \u00abTribuna Roja N\u00ba 90, marzo 10 de 2003\u00bb","block_context":{"text":"Tribuna Roja N\u00ba 90, marzo 10 de 2003","link":"https:\/\/moir.com.co\/web\/category\/tribuna-roja\/ediciones-2000-2004\/tribuna-roja-no-90-marzo-10-de-2003\/"},"img":{"alt_text":"","src":"","width":0,"height":0},"classes":[]}],"jetpack_sharing_enabled":true,"_links":{"self":[{"href":"https:\/\/moir.com.co\/web\/wp-json\/wp\/v2\/posts\/15108","targetHints":{"allow":["GET"]}}],"collection":[{"href":"https:\/\/moir.com.co\/web\/wp-json\/wp\/v2\/posts"}],"about":[{"href":"https:\/\/moir.com.co\/web\/wp-json\/wp\/v2\/types\/post"}],"author":[{"embeddable":true,"href":"https:\/\/moir.com.co\/web\/wp-json\/wp\/v2\/users\/1"}],"replies":[{"embeddable":true,"href":"https:\/\/moir.com.co\/web\/wp-json\/wp\/v2\/comments?post=15108"}],"version-history":[{"count":1,"href":"https:\/\/moir.com.co\/web\/wp-json\/wp\/v2\/posts\/15108\/revisions"}],"predecessor-version":[{"id":15110,"href":"https:\/\/moir.com.co\/web\/wp-json\/wp\/v2\/posts\/15108\/revisions\/15110"}],"wp:featuredmedia":[{"embeddable":true,"href":"https:\/\/moir.com.co\/web\/wp-json\/wp\/v2\/media\/15109"}],"wp:attachment":[{"href":"https:\/\/moir.com.co\/web\/wp-json\/wp\/v2\/media?parent=15108"}],"wp:term":[{"taxonomy":"category","embeddable":true,"href":"https:\/\/moir.com.co\/web\/wp-json\/wp\/v2\/categories?post=15108"},{"taxonomy":"post_tag","embeddable":true,"href":"https:\/\/moir.com.co\/web\/wp-json\/wp\/v2\/tags?post=15108"}],"curies":[{"name":"wp","href":"https:\/\/api.w.org\/{rel}","templated":true}]}}