{"id":15105,"date":"2018-05-15T21:13:05","date_gmt":"2018-05-15T21:13:05","guid":{"rendered":"https:\/\/moir.org.co\/web\/?p=15105"},"modified":"2018-05-15T21:13:05","modified_gmt":"2018-05-15T21:13:05","slug":"cartageneros-otra-oportunidad-perdida","status":"publish","type":"post","link":"https:\/\/moir.com.co\/web\/cartageneros-otra-oportunidad-perdida\/","title":{"rendered":"Cartageneros: \u00a1otra oportunidad perdida!"},"content":{"rendered":"<p><strong>Jos\u00e9 Arlex Arias, Cartagena, mayo 15 de 2018<\/strong><\/p>\n<p>Ocurri\u00f3 todo lo que estaba pronosticado por la mayor\u00eda de analistas pol\u00edticos. El nuevo alcalde de la ciudad &#8220;Heroica&#8221; ser\u00eda otro de &#8220;los mismos con las mismas&#8221;. Efectivamente, el pasado seis de este mes fue elegido Antonio Quinto Guerra Varela como alcalde de Cartagena, cargo que ocupar\u00e1 hasta el \u00faltimo d\u00eda de diciembre de 2019. Con una elecci\u00f3n espuria y un d\u00e9bil apoyo de las urnas, en las cuales solo depositaron el voto 169 mil cartageneros de un total de 749 mil habilitados para sufragar \u2013esto es que la apat\u00eda por las elecciones lleg\u00f3 al 77,35%\u2013, el nuevo alcalde solo obtuvo 72.111 votos; o sea, lo respalda el 9,62% de los ciudadanos con derecho a votar, lo cual demuestra una deslegitimaci\u00f3n de su mandato, pero tolerado por las leyes que rigen una democracia de papel, como es la colombiana.<\/p>\n<p>&nbsp;<\/p>\n<p>Es bueno detenernos un poco en el an\u00e1lisis del resultado: Guerra Varela es un pol\u00edtico tradicional, como lo indic\u00f3 el propio Hern\u00e1n Andrade, presidente del partido Conservador, quien aval\u00f3 su candidatura; por lo tanto, hace parte de las rancias maquinarias que tienen al pa\u00eds en general y a Cartagena, de manera particular, en el m\u00e1s grande de los caos. Adem\u00e1s, es un pol\u00edtico respaldado por las casas pol\u00edticas financiadoras, que como en este caso, no tienen problemas para unirse en &#8220;una misma causa&#8221;, como lo hicieron el santismo y el uribismo, que saldaron sus diferencias para asegurar el frondoso presupuesto de la ciudad de $1.6 billones anuales en promedio, adem\u00e1s de negocios en obras por cerca de $1 bill\u00f3n. Es por eso que de parte de las dos principales campa\u00f1as: la de Antonio Quinto y la de Andr\u00e9s Betancourt \u2013otro avezado exconcejal\u2013, llov\u00eda la ostentosidad con la cual &#8220;ganaban&#8221; los diferentes apoyos. Al final triunf\u00f3 el que consigui\u00f3 m\u00e1s de esos beneficiarios.<\/p>\n<p>&nbsp;<\/p>\n<p>Los cartageneros estuvieron notificados de lo que se jugaban en estas elecciones. La interinidad en el primer cargo de la ciudad es producto de la forma equivocada en la que est\u00e1n eligiendo a sus gobernantes, afectada por la compra del voto \u2013como ha sido demostrado en diferentes ocasiones\u2013, conducta an\u00f3mala que se volvi\u00f3 costumbre, especialmente entre algunos sectores en donde pululan los &#8220;puya ojos&#8221; que organizan, cual manadas, a los votantes que son llevados \u2013muchos alicorados\u2013 mediante promesas de dinero, cargos p\u00fablicos, pavimentaci\u00f3n de calles, limpieza de ca\u00f1os, o en general, de obras que son de obligatorio cumplimiento del Estado, sea quien fuere el gobernante. Se termina votando por una d\u00e1diva, mas no por un verdadero programa. Este m\u00e9todo de hacer pol\u00edtica lo impusieron &#8220;los mismos con las mismas&#8221; desde el pacto del Frente Nacional, con el objetivo de asegurarse el gobierno y no permitir que ning\u00fan otro partido o ideolog\u00eda lleguen a regir el poder del Estado. Es el m\u00e9todo de la perpetuaci\u00f3n de la corrupci\u00f3n. Es este sector el que eligi\u00f3 al alcalde de Cartagena en un momento en el cual los analistas pol\u00edticos y l\u00edderes de opini\u00f3n trataron de levantar a la poblaci\u00f3n contra estos m\u00e9todos corruptos y se buscaba que fuera el voto limpio e independiente el que pusiera las condiciones. Infortunadamente esos independientes son abstencionistas: solo hablan en las redes sociales pero no act\u00faan. Por eso, \u00a1se perdi\u00f3 otra oportunidad!<\/p>\n","protected":false},"excerpt":{"rendered":"<p>Jos\u00e9 Arlex Arias, Cartagena, mayo 15 de 2018 Ocurri\u00f3 todo lo que estaba pronosticado por la mayor\u00eda de analistas pol\u00edticos. El nuevo alcalde de la ciudad &#8220;Heroica&#8221; ser\u00eda otro de &#8220;los mismos con las mismas&#8221;. Efectivamente, el pasado seis de este mes fue elegido Antonio Quinto Guerra Varela como alcalde de Cartagena, cargo que ocupar\u00e1 [&hellip;]<\/p>\n","protected":false},"author":1,"featured_media":15106,"comment_status":"open","ping_status":"open","sticky":false,"template":"","format":"standard","meta":{"advanced_seo_description":"","jetpack_seo_html_title":"","jetpack_seo_noindex":false,"_jetpack_memberships_contains_paid_content":false,"footnotes":""},"categories":[102,97,98,111],"tags":[],"class_list":["post-15105","post","type-post","status-publish","format-standard","has-post-thumbnail","hentry","category-economia","category-imperialismo-y-neoliberalismo","category-politica","category-vivienda-y-desarrollo-urbano"],"jetpack_featured_media_url":"https:\/\/i0.wp.com\/moir.com.co\/web\/wp-content\/uploads\/2018\/05\/quintoguerra.jpeg?fit=309%2C163&ssl=1","jetpack-related-posts":[{"id":7006,"url":"https:\/\/moir.com.co\/web\/amigote-de-santos-y-de-las-casas-politicas-nombrado-alcalde-encargado-de-cartagena\/","url_meta":{"origin":15105,"position":0},"title":"Amigote de Santos y de las casas pol\u00edticas nombrado alcalde encargado de Cartagena","author":"admin","date":"noviembre 18, 2012","format":false,"excerpt":"\u201cEl alcalde encargado de Cartagena, Carlos Otero Gerds, fue Coordinador de la campa\u00f1a presidencial de Juan Manuel Santos para el partido de la U. El asunto es muy parecido a la adivinanza: blanco es, gallina lo pone y frito se come\u201d, denunci\u00f3 el concejal del Polo Democr\u00e1tico Alternativo, David M\u00fanera\u2026","rel":"","context":"En \u00abPolo Democr\u00e1tico Alternativo\u00bb","block_context":{"text":"Polo Democr\u00e1tico Alternativo","link":"https:\/\/moir.com.co\/web\/category\/polo-democratico-alternativo\/"},"img":{"alt_text":"","src":"","width":0,"height":0},"classes":[]},{"id":9038,"url":"https:\/\/moir.com.co\/web\/roy-barreras-trata-de-intimidar-haciendole-matoneo-a-los-cartageneros\/","url_meta":{"origin":15105,"position":1},"title":"Roy Barreras trata de intimidar haci\u00e9ndole matoneo a los cartageneros","author":"admin","date":"enero 27, 2015","format":false,"excerpt":"\u201cROY BARRERA, NO INTIMIDE, NI LE HAGA MATONEO A LOS CARTAGENEROS\u201d, expres\u00f3 el concejal del Polo Democr\u00e1tico Alternativo, David M\u00fanera Cavad\u00eda La anterior y en\u00e9rgica reacci\u00f3n del concejal del partido de oposici\u00f3n, David M\u00fanera Cavad\u00eda, se produjo, como consecuencia del titular de la revista Zetta, que el pasado 26 de\u2026","rel":"","context":"En \u00abTemas\u00bb","block_context":{"text":"Temas","link":"https:\/\/moir.com.co\/web\/category\/temas\/"},"img":{"alt_text":"","src":"","width":0,"height":0},"classes":[]},{"id":9685,"url":"https:\/\/moir.com.co\/web\/cartagena-necesita-mas-muneras\/","url_meta":{"origin":15105,"position":2},"title":"Cartagena necesita \u201cm\u00e1s M\u00faneras\u201d","author":"admin","date":"octubre 5, 2015","format":false,"excerpt":"En veinte d\u00edas, los colombianos depositar\u00e1n el voto que elegir\u00e1 autoridades territoriales, o sea, gobernadores y alcaldes, con sus Asambleas, Concejos y Juntas Administradoras Locales. Son las elecciones que designan a las personas que rigen y tienen el contacto m\u00e1s directo con la sociedad, que por lo tanto est\u00e1n encargadas\u2026","rel":"","context":"En \u00abTemas\u00bb","block_context":{"text":"Temas","link":"https:\/\/moir.com.co\/web\/category\/temas\/"},"img":{"alt_text":"","src":"","width":0,"height":0},"classes":[]},{"id":9703,"url":"https:\/\/moir.com.co\/web\/cartagena-va-mal-votemos-bien\/","url_meta":{"origin":15105,"position":3},"title":"Cartagena va mal: \u00a1votemos bien!","author":"admin","date":"octubre 12, 2015","format":false,"excerpt":"No pod\u00eda ser m\u00e1s oportuna la publicaci\u00f3n del \u00faltimo informe de la Encuesta de Percepci\u00f3n Ciudadana 2015 de \u201cCartagena, C\u00f3mo Vamos\u201d, que a pesar de dejar traslucir una leve mejor\u00eda en la opini\u00f3n de las 1.136 personas encuestadas en relaci\u00f3n con la situaci\u00f3n de la ciudad, el panorama sigue siendo\u2026","rel":"","context":"En \u00abTemas\u00bb","block_context":{"text":"Temas","link":"https:\/\/moir.com.co\/web\/category\/temas\/"},"img":{"alt_text":"","src":"","width":0,"height":0},"classes":[]},{"id":13809,"url":"https:\/\/moir.com.co\/web\/cartageneros-demonos-la-oportunidad\/","url_meta":{"origin":15105,"position":4},"title":"Cartageneros: \u00a1d\u00e9monos la oportunidad!","author":"admin","date":"noviembre 13, 2017","format":false,"excerpt":"Jos\u00e9 Arlex Arias, Cartagena, noviembre 13 de 2017 Producto de la corrupci\u00f3n al sufragante y de las equivocaciones en la elecci\u00f3n de su alcalde, Cartagena vive el m\u00e1s grande de los caos. Por eso es necesario repasar un poco su historia con el objetivo de no volver a repetirla. Esta\u2026","rel":"","context":"En \u00abEconom\u00eda\u00bb","block_context":{"text":"Econom\u00eda","link":"https:\/\/moir.com.co\/web\/category\/temas\/economia\/"},"img":{"alt_text":"","src":"https:\/\/i0.wp.com\/moir.com.co\/web\/wp-content\/uploads\/2017\/11\/davidmuneracandidatoalcalde.jpg?fit=900%2C1200&ssl=1&resize=350%2C200","width":350,"height":200,"srcset":"https:\/\/i0.wp.com\/moir.com.co\/web\/wp-content\/uploads\/2017\/11\/davidmuneracandidatoalcalde.jpg?fit=900%2C1200&ssl=1&resize=350%2C200 1x, https:\/\/i0.wp.com\/moir.com.co\/web\/wp-content\/uploads\/2017\/11\/davidmuneracandidatoalcalde.jpg?fit=900%2C1200&ssl=1&resize=525%2C300 1.5x, https:\/\/i0.wp.com\/moir.com.co\/web\/wp-content\/uploads\/2017\/11\/davidmuneracandidatoalcalde.jpg?fit=900%2C1200&ssl=1&resize=700%2C400 2x"},"classes":[]},{"id":7752,"url":"https:\/\/moir.com.co\/web\/la-reserva-moral-de-cartagena\/","url_meta":{"origin":15105,"position":5},"title":"La reserva moral de Cartagena","author":"admin","date":"julio 22, 2013","format":false,"excerpt":"Las elecciones at\u00edpicas para la alcald\u00eda de Cartagena realizadas el pasado 14 de julio, que se saldaron con el triunfo de Dionisio V\u00e9lez, merecen un an\u00e1lisis. Sigue siendo un denominador com\u00fan que en Cartagena se impongan los grupos de presi\u00f3n o financistas de campa\u00f1as electorales, cuyos objetivos son secuestrar el\u2026","rel":"","context":"En \u00abTemas\u00bb","block_context":{"text":"Temas","link":"https:\/\/moir.com.co\/web\/category\/temas\/"},"img":{"alt_text":"","src":"","width":0,"height":0},"classes":[]}],"jetpack_sharing_enabled":true,"_links":{"self":[{"href":"https:\/\/moir.com.co\/web\/wp-json\/wp\/v2\/posts\/15105","targetHints":{"allow":["GET"]}}],"collection":[{"href":"https:\/\/moir.com.co\/web\/wp-json\/wp\/v2\/posts"}],"about":[{"href":"https:\/\/moir.com.co\/web\/wp-json\/wp\/v2\/types\/post"}],"author":[{"embeddable":true,"href":"https:\/\/moir.com.co\/web\/wp-json\/wp\/v2\/users\/1"}],"replies":[{"embeddable":true,"href":"https:\/\/moir.com.co\/web\/wp-json\/wp\/v2\/comments?post=15105"}],"version-history":[{"count":1,"href":"https:\/\/moir.com.co\/web\/wp-json\/wp\/v2\/posts\/15105\/revisions"}],"predecessor-version":[{"id":15107,"href":"https:\/\/moir.com.co\/web\/wp-json\/wp\/v2\/posts\/15105\/revisions\/15107"}],"wp:featuredmedia":[{"embeddable":true,"href":"https:\/\/moir.com.co\/web\/wp-json\/wp\/v2\/media\/15106"}],"wp:attachment":[{"href":"https:\/\/moir.com.co\/web\/wp-json\/wp\/v2\/media?parent=15105"}],"wp:term":[{"taxonomy":"category","embeddable":true,"href":"https:\/\/moir.com.co\/web\/wp-json\/wp\/v2\/categories?post=15105"},{"taxonomy":"post_tag","embeddable":true,"href":"https:\/\/moir.com.co\/web\/wp-json\/wp\/v2\/tags?post=15105"}],"curies":[{"name":"wp","href":"https:\/\/api.w.org\/{rel}","templated":true}]}}