{"id":15097,"date":"2018-05-15T20:33:31","date_gmt":"2018-05-15T20:33:31","guid":{"rendered":"https:\/\/moir.org.co\/web\/?p=15097"},"modified":"2018-05-15T20:33:31","modified_gmt":"2018-05-15T20:33:31","slug":"tengo-miedo","status":"publish","type":"post","link":"https:\/\/moir.com.co\/web\/tengo-miedo\/","title":{"rendered":"Tengo miedo"},"content":{"rendered":"<p><strong>Mario Alejandro Valencia, Bogot\u00e1, mayo 14 de 2018<\/strong><\/p>\n<p>Lo confieso, tengo miedo. Me aterra pensar que mi pa\u00eds pueda pasar otros 4, 8, o quiz\u00e1s m\u00e1s a\u00f1os bajo un gobierno d\u00e9spota, antidemocr\u00e1tico y vengativo o un gobierno lleno de improvisaciones, presumido y autoritario.<\/p>\n<p>Una vez y otra vez, elecci\u00f3n tras elecci\u00f3n, he escuchado candidatos prometiendo m\u00e1s trabajo y mejor pagado, un pa\u00eds de propietarios, un pa\u00eds m\u00e1s humano y con coraz\u00f3n grande. Siempre nos han defraudado.<\/p>\n<div class=\"code-block code-block-5\"><\/div>\n<div class=\"code-block code-block-1\"><\/div>\n<p>No quiero decir que el pa\u00eds es igual que hace 30 a\u00f1os. Sin lugar a dudas hay m\u00e1s acceso a la tecnolog\u00eda y a la informaci\u00f3n. Pero este es m\u00e1s un logro de la humanidad que de los gobernantes. Para la mayor\u00eda, su situaci\u00f3n es diferente: Colombia no lleg\u00f3 al futuro, los pa\u00edses desarrollados nos toman cada vez m\u00e1s ventaja. La calidad del trabajo no mejor\u00f3. La gente no come mejor, ni se transporta mejor, ni vive m\u00e1s tranquila. La violencia urbana no cede y la rural se est\u00e1 agudizando nuevamente. Todos los d\u00edas capturan al capo m\u00e1s importante, solo para ser reemplazado al d\u00eda siguiente por uno a\u00fan m\u00e1s importante.<\/p>\n<div class=\"code-block code-block-8\"><\/div>\n<p>No producimos suficientes alimentos aunque sobra la tierra, ni tenemos suficientes v\u00edas para transportarlos aunque tuvimos ferrocarriles. No producimos suficientes neveras para preservarlos aunque tuvimos las f\u00e1bricas. Y como se lanzaron millones de trabajadores a las calles, no generamos los ingresos necesarios para comprar los alimentos importados que llegan con subsidios extranjeros que arruinan a nuestros agricultores, gracias a los TLC.<\/p>\n<p>No hay excusas para el fracaso. En 2012 dos acad\u00e9micos de Harvard y MIT escribieron un libro sobre los or\u00edgenes de la prosperidad y la pobreza<a href=\"https:\/\/www.las2orillas.co\/tengo-miedo\/#_ftn1\" name=\"_ftnref1\">[1]<\/a>. Expusieron tres mitos para las naciones que no les va bien: la geograf\u00eda, la cultura y la inteligencia. Por supuesto nada de eso falta en Colombia. Cada vez me cuesta m\u00e1s trabajo explicar a mis estudiantes que las decisiones que toman los gobiernos no se basan en los textos econ\u00f3micos que estudiamos, sino en intereses particulares o de peque\u00f1os grupos, aunque condenen al pa\u00eds al atraso. No es que no sepan hacerlo, sencillamente es que no les interesa.<\/p>\n<p>Me da p\u00e1nico pensar que en pocos d\u00edas, millones de personas no van a votar y millones lo har\u00e1n por los mismos grupos pol\u00edticos que han repetido esta historia durante a\u00f1os y d\u00e9cadas. No he encontrado ninguna explicaci\u00f3n sensata de \u00bfpor qu\u00e9 Iv\u00e1n Duque har\u00eda algo diferente a lo que ha hecho su jefe en cuatro d\u00e9cadas como funcionario del Estado? \u00bfPor qu\u00e9 Germ\u00e1n Vargas Lleras har\u00eda algo de lo que promete y que nunca sugiri\u00f3 hacer en todas las d\u00e9cadas que fue congresista, ministro y vicepresidente? \u00bfPor qu\u00e9 el partido de De La Calle ahora s\u00ed va a preocuparse por el progreso y la equidad, cuando llevan 200 a\u00f1os gobernando sin hacerlo? \u00bfPor qu\u00e9 Gustavo Petro ahora s\u00ed va a escuchar a sus asesores, va a formar un equipo y va a tomar decisiones reflexivas y no pasionales?<\/p>\n<p>Tengo miedo porque no creo que otro gobierno de estos haga que las cosas sigan igual. Creo que van a empeorar. Har\u00e1 que nos parezcamos m\u00e1s a Hait\u00ed que a Suiza. El 27 de mayo voy a votar con miedo de que el pa\u00eds siga la misma orientaci\u00f3n. Votar\u00e9 convencido de que no hay dos opciones: el miedo a la dictadura o el miedo al castrochavismo. Hay una tercera opci\u00f3n, por la esperanza de que las cosas realmente comiencen a transformarse positivamente. Creo en el desarrollo, la riqueza, la equidad y en que se puede mejorar la calidad de vida de todos, por eso voy a votar por Sergio Fajardo.<\/p>\n<p>***<\/p>\n<p><a href=\"https:\/\/www.las2orillas.co\/tengo-miedo\/#_ftnref1\" name=\"_ftn1\">[1]<\/a>\u00a0Por qu\u00e9 fracasan los pa\u00edses. Daron Acemoglu y James A. Robinson. Deusto, 2012.<\/p>\n","protected":false},"excerpt":{"rendered":"<p>Mario Alejandro Valencia, Bogot\u00e1, mayo 14 de 2018 Lo confieso, tengo miedo. Me aterra pensar que mi pa\u00eds pueda pasar otros 4, 8, o quiz\u00e1s m\u00e1s a\u00f1os bajo un gobierno d\u00e9spota, antidemocr\u00e1tico y vengativo o un gobierno lleno de improvisaciones, presumido y autoritario. Una vez y otra vez, elecci\u00f3n tras elecci\u00f3n, he escuchado candidatos prometiendo [&hellip;]<\/p>\n","protected":false},"author":1,"featured_media":15098,"comment_status":"open","ping_status":"open","sticky":false,"template":"","format":"standard","meta":{"advanced_seo_description":"","jetpack_seo_html_title":"","jetpack_seo_noindex":false,"_jetpack_memberships_contains_paid_content":false,"footnotes":""},"categories":[102,97,98],"tags":[],"class_list":["post-15097","post","type-post","status-publish","format-standard","has-post-thumbnail","hentry","category-economia","category-imperialismo-y-neoliberalismo","category-politica"],"jetpack_featured_media_url":"https:\/\/i0.wp.com\/moir.com.co\/web\/wp-content\/uploads\/2018\/05\/sergiofajardov.jpg?fit=750%2C438&ssl=1","jetpack-related-posts":[{"id":890,"url":"https:\/\/moir.com.co\/web\/keynesianismo-militar-y-politica-del-miedo\/","url_meta":{"origin":15097,"position":0},"title":"KEYNESIANISMO MILITAR Y POL\u00cdTICA DEL MIEDO","author":"admin","date":"agosto 12, 2004","format":false,"excerpt":"Dos elementos claves en la fundaci\u00f3n del nuevo desorden internacional son el keynesianismo militar y la pol\u00edtica del miedo. El incremento en su gasto militar ha provocado un crecimiento moderado de la econom\u00eda de Estados Unidos. Las grandes beneficiarias de la guerra contra el terrorismo han sido las compa\u00f1\u00edas proveedoras\u2026","rel":"","context":"En \u00abRevista de Prensa\u00bb","block_context":{"text":"Revista de Prensa","link":"https:\/\/moir.com.co\/web\/category\/prensa\/revista-de-prensa\/"},"img":{"alt_text":"","src":"","width":0,"height":0},"classes":[]},{"id":15152,"url":"https:\/\/moir.com.co\/web\/no-mas-miedo-ni-division-mi-voto-es-por-el-profesor\/","url_meta":{"origin":15097,"position":1},"title":"No m\u00e1s miedo ni divisi\u00f3n mi voto es por el profesor","author":"admin","date":"mayo 24, 2018","format":false,"excerpt":"Andr\u00e9s Pach\u00f3n, Bogot\u00e1, mayo 22 de 2018 Las\u00a0\u00faltimas semanas de la campa\u00f1a electoral han demostrado que la gente est\u00e1 cansada del miedo y aburrida con la divisi\u00f3n que genera. Bastante hemos padecido como naci\u00f3n por el odio que sembraron nuestros gobernantes, que durante d\u00e9cadas dividieron al pa\u00eds entre liberales y\u2026","rel":"","context":"En \u00abPol\u00edtica\u00bb","block_context":{"text":"Pol\u00edtica","link":"https:\/\/moir.com.co\/web\/category\/temas\/politica\/"},"img":{"alt_text":"","src":"","width":0,"height":0},"classes":[]},{"id":2189,"url":"https:\/\/moir.com.co\/web\/los-enredos-de-uribe-ahora-tambien-son-con-el-tlc-con-canada\/","url_meta":{"origin":15097,"position":2},"title":"LOS ENREDOS DE URIBE AHORA TAMBI\u00c9N SON CON EL TLC CON CANAD\u00c1","author":"admin","date":"febrero 20, 2008","format":false,"excerpt":"RECALCA, Bogot\u00e1, febrero 20 de 2008 A los l\u00edos para aprobar el TLC con Estados Unidos ahora se suman los que han aparecido para firmar el TLC con Canad\u00e1. Colombia inici\u00f3 las negociaciones de este TLC el 16 de julio de 2007 y aunque las 4 rondas que dur\u00f3 la\u2026","rel":"","context":"En \u00ab\u00a1No a los TLC y al ALCA!\u00bb","block_context":{"text":"\u00a1No a los TLC y al ALCA!","link":"https:\/\/moir.com.co\/web\/category\/temas\/no-a-los-tlc-y-al-alca\/"},"img":{"alt_text":"","src":"","width":0,"height":0},"classes":[]},{"id":14891,"url":"https:\/\/moir.com.co\/web\/votar-por-fajardo-es-votar-por-el-futuro\/","url_meta":{"origin":15097,"position":3},"title":"Votar por Fajardo es votar por el futuro","author":"admin","date":"abril 13, 2018","format":false,"excerpt":"Fabio Andr\u00e9s Pinto, Valledupar, abril 12 de 2018 Nuestro pa\u00eds es sin duda, una gran naci\u00f3n de infinitas potencialidades: dos mares, ingentes recursos naturales y gente de las mejores calidades, que complementan de la mejor manera el vasto territorio que nos hemos merecido. A pesar de lo anterior, en nuestra\u2026","rel":"","context":"En \u00abPol\u00edtica\u00bb","block_context":{"text":"Pol\u00edtica","link":"https:\/\/moir.com.co\/web\/category\/temas\/politica\/"},"img":{"alt_text":"","src":"https:\/\/i0.wp.com\/moir.com.co\/web\/wp-content\/uploads\/2018\/04\/fajardopresidente.png?fit=390%2C390&ssl=1&resize=350%2C200","width":350,"height":200},"classes":[]},{"id":13108,"url":"https:\/\/moir.com.co\/web\/conspirando-por-un-mundo-mejor\/","url_meta":{"origin":15097,"position":4},"title":"Conspirando por un mundo mejor","author":"admin","date":"agosto 14, 2017","format":false,"excerpt":"Yolima Vargas Garz\u00f3n, Bogot\u00e1, agosto 14 de 2017 La historia electoral de Colombia que le ha tocado a mi generaci\u00f3n ha sido muy dif\u00edcil. Llena de violencia y de miedo, que en mi opini\u00f3n han sido el motor\u00a0de la elecci\u00f3n de los presidentes desde que tengo uso de raz\u00f3n. Ni\u2026","rel":"","context":"En \u00abPol\u00edtica\u00bb","block_context":{"text":"Pol\u00edtica","link":"https:\/\/moir.com.co\/web\/category\/temas\/politica\/"},"img":{"alt_text":"","src":"","width":0,"height":0},"classes":[]},{"id":10873,"url":"https:\/\/moir.com.co\/web\/una-excelente-opcion-para-2018\/","url_meta":{"origin":15097,"position":5},"title":"Una excelente opci\u00f3n para 2018","author":"admin","date":"noviembre 4, 2016","format":false,"excerpt":"Juan Pablo Puentes Vargas, opanoticias, noviembre 4 de 2016 En tan solo a\u00f1o y medio el pa\u00eds deber\u00e1 elegir al pr\u00f3ximo presidente. Esta elecci\u00f3n ser\u00e1 fundamental. Una de las razones para ello es que por primera vez en mucho tiempo el tema del conflicto armado podr\u00eda no ser el determinante\u2026","rel":"","context":"En \u00abEconom\u00eda\u00bb","block_context":{"text":"Econom\u00eda","link":"https:\/\/moir.com.co\/web\/category\/temas\/economia\/"},"img":{"alt_text":"","src":"https:\/\/i0.wp.com\/moir.com.co\/web\/wp-content\/uploads\/2016\/10\/robledocandidato2018_2.jpg?fit=800%2C420&ssl=1&resize=350%2C200","width":350,"height":200,"srcset":"https:\/\/i0.wp.com\/moir.com.co\/web\/wp-content\/uploads\/2016\/10\/robledocandidato2018_2.jpg?fit=800%2C420&ssl=1&resize=350%2C200 1x, https:\/\/i0.wp.com\/moir.com.co\/web\/wp-content\/uploads\/2016\/10\/robledocandidato2018_2.jpg?fit=800%2C420&ssl=1&resize=525%2C300 1.5x, https:\/\/i0.wp.com\/moir.com.co\/web\/wp-content\/uploads\/2016\/10\/robledocandidato2018_2.jpg?fit=800%2C420&ssl=1&resize=700%2C400 2x"},"classes":[]}],"jetpack_sharing_enabled":true,"_links":{"self":[{"href":"https:\/\/moir.com.co\/web\/wp-json\/wp\/v2\/posts\/15097","targetHints":{"allow":["GET"]}}],"collection":[{"href":"https:\/\/moir.com.co\/web\/wp-json\/wp\/v2\/posts"}],"about":[{"href":"https:\/\/moir.com.co\/web\/wp-json\/wp\/v2\/types\/post"}],"author":[{"embeddable":true,"href":"https:\/\/moir.com.co\/web\/wp-json\/wp\/v2\/users\/1"}],"replies":[{"embeddable":true,"href":"https:\/\/moir.com.co\/web\/wp-json\/wp\/v2\/comments?post=15097"}],"version-history":[{"count":1,"href":"https:\/\/moir.com.co\/web\/wp-json\/wp\/v2\/posts\/15097\/revisions"}],"predecessor-version":[{"id":15099,"href":"https:\/\/moir.com.co\/web\/wp-json\/wp\/v2\/posts\/15097\/revisions\/15099"}],"wp:featuredmedia":[{"embeddable":true,"href":"https:\/\/moir.com.co\/web\/wp-json\/wp\/v2\/media\/15098"}],"wp:attachment":[{"href":"https:\/\/moir.com.co\/web\/wp-json\/wp\/v2\/media?parent=15097"}],"wp:term":[{"taxonomy":"category","embeddable":true,"href":"https:\/\/moir.com.co\/web\/wp-json\/wp\/v2\/categories?post=15097"},{"taxonomy":"post_tag","embeddable":true,"href":"https:\/\/moir.com.co\/web\/wp-json\/wp\/v2\/tags?post=15097"}],"curies":[{"name":"wp","href":"https:\/\/api.w.org\/{rel}","templated":true}]}}