{"id":15094,"date":"2018-05-14T16:20:54","date_gmt":"2018-05-14T16:20:54","guid":{"rendered":"https:\/\/moir.org.co\/web\/?p=15094"},"modified":"2018-05-14T16:20:54","modified_gmt":"2018-05-14T16:20:54","slug":"el-fin-de-la-historia-y-los-50-anos-del-mayo-frances","status":"publish","type":"post","link":"https:\/\/moir.com.co\/web\/el-fin-de-la-historia-y-los-50-anos-del-mayo-frances\/","title":{"rendered":"El fin de la historia y los 50 a\u00f1os del mayo franc\u00e9s"},"content":{"rendered":"<p><strong>Nicol\u00e1s Roa, Bogot\u00e1, mayo 14 de 2018<\/strong><\/p>\n<p>I<\/p>\n<p>Una de las \u00faltimas escenas de Full Metal Jacket, pel\u00edcula dirigida por Stanley Kubric, muestra a j\u00f3venes soldados norteamericanos asediados por balas cuya procedencia desconocen. Entre la confusi\u00f3n, la sangre y el desconcierto, finalmente encuentran a una mujer m\u00e1s joven que ellos, que, adolorida, no desaprovecha cada instante de la corta vida que le queda para expresar su odio hacia los invasores. Esa batalla en particular la pod\u00edan ganar, pero estrat\u00e9gicamente esperaba a los gringos una estruendosa derrota. No pod\u00eda ser de otra manera: los procesos de descolonizaci\u00f3n de las colonias de las potencias europeas en decadencia, el movimiento de los derechos civiles en su propio patio, la emergencia de movimientos feministas, el debate entre China y la URSS, entre otros elementos, mostraban una agitada realidad mundial en la que lo nuevo se abr\u00eda paso para prevalecer sobre lo viejo.<\/p>\n<p>Este fue el ambiente que, a la postre, empujar\u00eda una simple movilizaci\u00f3n universitaria contra rezagos autoritarios de estas instituciones a convertirse en un movimiento de masas amplio que se replicar\u00eda en otros pa\u00edses. El crecimiento de la poblaci\u00f3n estudiantil registrado en a\u00f1os anteriores, las anquilosadas costumbres heredadas de etapas premodernas, los derechos econ\u00f3micos reconocidos en el papel y negados en la pr\u00e1ctica son el trasfondo del escenario en el que se despleg\u00f3 una portentosa movilizaci\u00f3n estudiantil y obrera durante mayo de 1968 en Francia, y cuyo eco se replicar\u00e1 por todo el mundo.<\/p>\n<p>Es simb\u00f3lico el hecho de que antes de 1968 en Francia las mujeres no pod\u00edan abrir una cuenta de ahorros sin el consentimiento de su esposo, o de cualquier hombre. A casi 200 a\u00f1os del c\u00e9lebre \u201c\u00bfQu\u00e9 es la ilustraci\u00f3n?\u201d de Kant, la mitad de la poblaci\u00f3n adulta en la patria de Robespierre y Dant\u00f3n era vista como menor de edad. Frente a esto la revoluci\u00f3n cultural que fue gest\u00e1ndose durante el siglo XX, y que posterior a la segunda guerra mundial tuvo un intenso desarrollo en occidente, prendi\u00f3 en las masas estudiantiles y obreras que se movilizaron contra un gobierno franc\u00e9s que se debat\u00eda, como todos los reg\u00edmenes en el marco del capitalismo, entre la garant\u00eda efectiva de los derechos sociales y su negaci\u00f3n por cuenta del predominio de grandes monopolios econ\u00f3micos.<\/p>\n<p>A ra\u00edz de la situaci\u00f3n se desborda una movilizaci\u00f3n masiva estudiantil acompa\u00f1ada por la clase obrera que logra paralizar a m\u00e1s de 2 millones de trabajadores. Conocidas son las consignas y las protestas masivas que, adem\u00e1s de agitar las calles, tambi\u00e9n remarcaron la trayectoria vital de una generaci\u00f3n que, si bien no cumplieron la labor de tomar el poder pol\u00edtico, inspiraron cambios importantes en la manera en que los j\u00f3venes se entienden a s\u00ed mismos como germen de transformaciones sociales.<\/p>\n<p>La protesta no solo fue un movimiento que hizo temblar al poder, sino que fue un violento sacud\u00f3n a los movimientos alternativos hasta ahora postrados al social-imperialismo sovi\u00e9tico. A la postre se abrir\u00edan paso nuevos movimientos que pon\u00edan en entredicho el inmovilismo de algunos partidos conformes a la situaci\u00f3n presentada en sus pa\u00edses. En Colombia, el movimiento estudiantil de 1971 fue un punto clave en este aspecto, en donde nacer\u00edan nuevos proyectos que hasta hoy se mantienen en la pugna por el poder pol\u00edtico.<\/p>\n<p>En resumen, la movilizaci\u00f3n social de mayo de 1968 sirvi\u00f3 para afirmar nuevamente una constante hist\u00f3rica: a todo gran cambio pol\u00edtico lo antecede un cambio ideol\u00f3gico y cultural en el que los j\u00f3venes juegan un papel trascendental.<\/p>\n<figure id=\"attachment_264\" class=\"wp-caption alignnone\" data-shortcode=\"caption\"><img data-recalc-dims=\"1\" fetchpriority=\"high\" decoding=\"async\" class=\"alignnone size-full wp-image-264\" src=\"https:\/\/usmesomostodos.files.wordpress.com\/2018\/05\/mayo-del-68.jpg?w=1000&#038;h=650&#038;fit=1000%2C650&#038;resize=800%2C520\" sizes=\"(max-width: 1000px) 100vw, 1000px\" srcset=\"https:\/\/usmesomostodos.files.wordpress.com\/2018\/05\/mayo-del-68.jpg 1000w, https:\/\/usmesomostodos.files.wordpress.com\/2018\/05\/mayo-del-68.jpg?w=150&amp;h=98 150w, https:\/\/usmesomostodos.files.wordpress.com\/2018\/05\/mayo-del-68.jpg?w=300&amp;h=195 300w, https:\/\/usmesomostodos.files.wordpress.com\/2018\/05\/mayo-del-68.jpg?w=768&amp;h=499 768w\" alt=\"MAI 1968-SOUTIEN DE GAULLE\" width=\"800\" height=\"520\" data-attachment-id=\"264\" data-permalink=\"https:\/\/usmesomostodos.wordpress.com\/2018\/05\/08\/el-fin-de-la-historia-y-los-50-anos-del-mayo-frances\/mai-1968-soutien-de-gaulle\/\" data-orig-file=\"https:\/\/usmesomostodos.files.wordpress.com\/2018\/05\/mayo-del-68.jpg?w=1000&amp;h=650\" data-orig-size=\"1000,650\" data-comments-opened=\"1\" data-image-meta=\"{&quot;aperture&quot;:&quot;0&quot;,&quot;credit&quot;:&quot;AFP&quot;,&quot;camera&quot;:&quot;&quot;,&quot;caption&quot;:&quot;Vue de la manifestation de soutien au g\\u00e9n\\u00e9ral De Gaulle, le 30 mai 1968 sur les Champs-Elys\\u00e9es \\u00e0 Paris, apr\\u00e8s sa d\\u00e9claration, \\u00e0 son retour de Baden-Baden, \\&quot;Je ne me retirerai  pas\\&quot;.\\r\\r\\r\\rFrench government's sympathizers demonstrate on the Champs Elysees 30 May 1968 in Paris, in support of French President Charles de Gaulle who just declared : \\&quot;I will not step out\\&quot;. Starting as a student revolt, the events culminated in mass workplace occupations and a general strike of 10 million workers.&quot;,&quot;created_timestamp&quot;:&quot;-49852800&quot;,&quot;copyright&quot;:&quot;ImageForum&quot;,&quot;focal_length&quot;:&quot;0&quot;,&quot;iso&quot;:&quot;0&quot;,&quot;shutter_speed&quot;:&quot;0&quot;,&quot;title&quot;:&quot;MAI 1968-SOUTIEN DE GAULLE&quot;,&quot;orientation&quot;:&quot;1&quot;}\" data-image-title=\"MAI 1968-SOUTIEN DE GAULLE\" data-image-description=\"\" data-medium-file=\"https:\/\/usmesomostodos.files.wordpress.com\/2018\/05\/mayo-del-68.jpg?w=1000&amp;h=650?w=300\" data-large-file=\"https:\/\/usmesomostodos.files.wordpress.com\/2018\/05\/mayo-del-68.jpg?w=1000&amp;h=650?w=1000\" \/><figcaption class=\"wp-caption-text\">Vue de la manifestation de soutien au g\u00e9n\u00e9ral De Gaulle, le 30 mai 1968 sur les Champs-Elys\u00e9es \u00e0 Paris, apr\u00e8s sa d\u00e9claration, \u00e0 son retour de Baden-Baden, \u201cJe ne me retirerai pas\u201d. French government\u2019s sympathizers demonstrate on the Champs Elysees 30 May 1968 in Paris, in support of French President Charles de Gaulle who just declared : \u201cI will not step out\u201d. Starting as a student revolt, the events culminated in mass workplace occupations and a general strike of 10 million workers.<\/figcaption><\/figure>\n<p>II<\/p>\n<p>Abril de 2018. 50 a\u00f1os despu\u00e9s de la guerra de Vietnam, Estados Unidos a\u00fan funge como el \u201cpolic\u00eda del mundo\u201d, ya no enviando napalm y tropas, sino a trav\u00e9s de misiles teledirigidos, drones, mercenarios y armas ultramodernas con las que agrede a Siria, buscando hacer contrapeso a Ir\u00e1n. La arremetida con proyectiles es transmitida y vista por millones de personas, tanto por televisi\u00f3n como por las redes sociales, en donde miles de personas manifiestan su desprecio a tales agresiones.<\/p>\n<p>El estado de bienestar del que a\u00fan gozaron los estudiantes y trabajadores franceses se ha desmontado, y de sus restos ha surgido un mundo donde el abaratamiento de la mano de obra, las reformas a los sistemas de seguridad social y la negaci\u00f3n absoluta de los derechos prometidos por las revoluciones burguesas quedan a contracara de los rescates financieros y el afincamiento de un grupo cada vez m\u00e1s peque\u00f1o e influyente de grandes ricos que se hacen al control del mundo. Estos llegaron incluso a proclamar el fin de la historia, esa misma con la que bailo la juventud inconforme en el 68.<\/p>\n<p>As\u00ed como intentan diezmar a los trabajadores del mundo y oprimir a las clases medias, entre las que se encuentran los empresariados nacionales de pa\u00edses en los que buscan agigantar su tasa de ganancia a trav\u00e9s del libre comercio, tambi\u00e9n \u201cconstruyen su propia realidad\u201d, como asegurar\u00eda en su momento un alto asesor del gobierno de George Bush. En medio de esto, el neoliberalismo ha vendido la idea del joven como individuo aislado, en contracara a la organizaci\u00f3n social como una a\u00f1oranza obsoleta. Este es uno de los puntos fundamentales de la embestida ideol\u00f3gica que se difunde por redes sociales.<\/p>\n<p>Sin embargo, lejos del \u201cfin de la historia\u201d, la juventud sigue siendo un factor fundamental de movilizaci\u00f3n. El movimiento estudiantil como sujeto pol\u00edtico no ha desaparecido, y se enfrenta a grandes retos a nivel global, en tanto la presente d\u00e9cada ha sido rica en luchas como las presentadas en Colombia y Chile en 2011, en Quebeq, Canad\u00e1 en el 2012, en Puerto Rico y otras que se han replicado a lo largo de Am\u00e9rica Latina y del mundo que contienen el com\u00fan denominador de combatir la implantaci\u00f3n del neoliberalismo en educaci\u00f3n, as\u00ed como la realizaci\u00f3n de derechos democr\u00e1ticos b\u00e1sicos negados por un sistema parasitario en descomposici\u00f3n. Por otra parte, los j\u00f3venes fueron fundamentales en movimientos como el de la Plaza Tahir, el movimiento del 15m en Espa\u00f1a, Occupy Wall Street y otros, incluyendo las recientes huelgas de docentes que desaf\u00edan el statu quo en varios estados de EEUU.<\/p>\n<p>Hablar de mayo de 1968, 50 a\u00f1os despu\u00e9s, no es solamente para hacer un recuento acad\u00e9mico de los aciertos y errores de un movimiento que desarroll\u00f3 la contracultura, sino que sirve para reflexionar sobre un presente incierto. Sin embargo, el panorama es esperanzador, en tanto la juventud, frente a la arremetida ideol\u00f3gica que busca atomizarla, sigue encontrando en la lucha de masas una acci\u00f3n leg\u00edtima para lograr un mundo distinto.<\/p>\n<p>Referencias<\/p>\n<ul>\n<li>Rese\u00f1a de prensa de RCN sobre la conmemoraci\u00f3n\u00a0<a href=\"https:\/\/www.rcnradio.com\/entretenimiento\/cultura\/cinco-libros-para-entender-los-sucedido-durante-el-mayo-frances\">https:\/\/www.rcnradio.com\/entretenimiento\/cultura\/cinco-libros-para-entender-los-sucedido-durante-el-mayo-frances<\/a><\/li>\n<li>\u201cAhora somos un imperio, y cuando actuamos creamos nuestra propia realidad. Y mientras ustedes est\u00e9n estudiando esta realidad -juiciosamente, como lo har\u00e1n- volveremos a actuar, creando otras nuevas realidades, que tambi\u00e9n pueden estudiar, y as\u00ed es como las cosas van a ir acomod\u00e1ndose. Somos los actores de la historia [\u2026] y ustedes, todos ustedes, se quedar\u00e1n a estudiar lo que hacemos.\u201d<\/li>\n<\/ul>\n<p>Frase citada por Noam Chomsky en la introducci\u00f3n del libro \u201cCrear el futuro\u201d.<\/p>\n<ul>\n<li>Entrevista a Alain Geismar.\u00a0<a href=\"http:\/\/lab.elmundo.es\/mayo-del-68\/alain-geismar.html\">http:\/\/lab.elmundo.es\/mayo-del-68\/alain-geismar.html<\/a><\/li>\n<li>Entrevista a Daniel \u201cel rojo\u201d.\u00a0<a href=\"https:\/\/elpais.com\/diario\/2010\/04\/25\/domingo\/1272167556_850215.html\">https:\/\/elpais.com\/diario\/2010\/04\/25\/domingo\/1272167556_850215.html<\/a><\/li>\n<li>Entrevista a Alain Touraine.\u00a0<a href=\"http:\/\/www.lavanguardia.com\/vida\/20180430\/443149518589\/alain-touraine-en-mayo-del-68-inventamos-los-movimientos-sociales.html\">http:\/\/www.lavanguardia.com\/vida\/20180430\/443149518589\/alain-touraine-en-mayo-del-68-inventamos-los-movimientos-sociales.html<\/a><\/li>\n<li>Eric Hobsbawm. Historia del Siglo XX. Vale la pena revisar los cap\u00edtulos de\u00a0<em>La revoluci\u00f3n social, 1945-1990<\/em>\u00a0y\u00a0<em>La revoluci\u00f3n cultural<\/em>.\u00a0<a href=\"https:\/\/uhphistoria.files.wordpress.com\/2011\/02\/hobsbawn-historia-del-siglo-xx.pdf\">https:\/\/uhphistoria.files.wordpress.com\/2011\/02\/hobsbawn-historia-del-siglo-xx.pdf<\/a><\/li>\n<\/ul>\n","protected":false},"excerpt":{"rendered":"<p>Nicol\u00e1s Roa, Bogot\u00e1, mayo 14 de 2018 I Una de las \u00faltimas escenas de Full Metal Jacket, pel\u00edcula dirigida por Stanley Kubric, muestra a j\u00f3venes soldados norteamericanos asediados por balas cuya procedencia desconocen. Entre la confusi\u00f3n, la sangre y el desconcierto, finalmente encuentran a una mujer m\u00e1s joven que ellos, que, adolorida, no desaprovecha cada [&hellip;]<\/p>\n","protected":false},"author":1,"featured_media":15095,"comment_status":"open","ping_status":"open","sticky":false,"template":"","format":"standard","meta":{"advanced_seo_description":"","jetpack_seo_html_title":"","jetpack_seo_noindex":false,"_jetpack_memberships_contains_paid_content":false,"footnotes":""},"categories":[104,97,105,98],"tags":[],"class_list":["post-15094","post","type-post","status-publish","format-standard","has-post-thumbnail","hentry","category-historia","category-imperialismo-y-neoliberalismo","category-internacional-articulos-de-actualidad","category-politica"],"jetpack_featured_media_url":"https:\/\/i0.wp.com\/moir.com.co\/web\/wp-content\/uploads\/2018\/05\/mayo68.jpeg?fit=263%2C192&ssl=1","jetpack-related-posts":[{"id":20567,"url":"https:\/\/moir.com.co\/web\/victor-manzur-peru-y-colombia-tienen-una-larga-historia-de-rebeldia\/","url_meta":{"origin":15094,"position":0},"title":"V\u00edctor Manzur: &#8220;PER\u00da Y COLOMBIA TIENEN UNA LARGA HISTORIA  DE REBELD\u00cdA&#8221;","author":"admin","date":"enero 27, 2005","format":false,"excerpt":"(Apartes del discurso del camarada V\u00edctor Manzur, miembro del Bur\u00f3 Pol\u00edtico del Comit\u00e9 Central del Partido Comunista del Per\u00fa \u201cPatria Roja\u201d) El pueblo del Per\u00fa y el pueblo colombiano tienen una larga historia de rebeld\u00eda, tienen una larga historia de combate. El pueblo del Per\u00fa y el pueblo colombiano tambi\u00e9n\u2026","rel":"","context":"En \u00abTribuna Roja N\u00b0 38, Bogot\u00e1; mayo de 1981\u00bb","block_context":{"text":"Tribuna Roja N\u00b0 38, Bogot\u00e1; mayo de 1981","link":"https:\/\/moir.com.co\/web\/category\/tribuna-roja\/ediciones-1980-1984\/tribuna-roja-n-38-bogota-mayo-de-1981\/"},"img":{"alt_text":"","src":"","width":0,"height":0},"classes":[]},{"id":2918,"url":"https:\/\/moir.com.co\/web\/xii-caracteristicas-historicas-de-la-revolucion-cultural-de-china\/","url_meta":{"origin":15094,"position":1},"title":"XII. CARACTERISTICAS HISTORICAS DE LA REVOLUCION CULTURAL DE CHINA","author":"admin","date":"abril 1, 2009","format":false,"excerpt":"En el frente cultural o ideol\u00f3gico de China, el per\u00edodo anterior al Movimiento del 4 de Mayo y el que le sigue constituyen dos per\u00edodos hist\u00f3ricos diferentes. Antes del Movimiento del 4 de Mayo, la lucha en el frente cultural de China fue la lucha entre la nueva cultura de\u2026","rel":"","context":"Entrada similar","block_context":{"text":"Entrada similar","link":""},"img":{"alt_text":"","src":"","width":0,"height":0},"classes":[]},{"id":2919,"url":"https:\/\/moir.com.co\/web\/xiii-los-cuatro-periodos\/","url_meta":{"origin":15094,"position":2},"title":"XIII. LOS CUATRO PERIODOS","author":"admin","date":"abril 1, 2009","format":false,"excerpt":"La revoluci\u00f3n cultural es el reflejo, en el plano ideol\u00f3gico, de las revoluciones pol\u00edtica y econ\u00f3mica, y est\u00e1 al servicio de \u00e9stas. En China, al igual que la revoluci\u00f3n pol\u00edtica, la revoluci\u00f3n cultural tiene un frente \u00fanico. La historia del frente \u00fanico de la revoluci\u00f3n cultural durante los \u00faltimos veinte\u2026","rel":"","context":"Entrada similar","block_context":{"text":"Entrada similar","link":""},"img":{"alt_text":"","src":"","width":0,"height":0},"classes":[]},{"id":2323,"url":"https:\/\/moir.com.co\/web\/el-mayo-frances-derivo-en-colombia-en-el-movimiento-estudiantil-de-1971\/","url_meta":{"origin":15094,"position":3},"title":"El mayo franc\u00e9s deriv\u00f3 en Colombia en el movimiento estudiantil de 1971","author":"admin","date":"mayo 5, 2008","format":false,"excerpt":"Jorge Enrique Robledo, senador, Revista Cambio. Bogot\u00e1, mayo 1 de 2008 Mayo de 1968. Llevo tres meses viviendo solo -con otros estudiantes- en un apartamento en Bogot\u00e1. Ingenier\u00eda en los Andes, matem\u00e1ticas 0105 con Parra, un profesor que hizo \u00e9poca, y no propiamente por simp\u00e1tico. El problema era c\u00f3mo pasarme\u2026","rel":"","context":"En \u00abJorge Enrique Robledo\u00bb","block_context":{"text":"Jorge Enrique Robledo","link":"https:\/\/moir.com.co\/web\/category\/jorge-enrique-robledo\/"},"img":{"alt_text":"","src":"","width":0,"height":0},"classes":[]},{"id":20366,"url":"https:\/\/moir.com.co\/web\/altiva-jornada-de-trabajadores-oficiales\/","url_meta":{"origin":15094,"position":4},"title":"ALTIVA JORNADA DE TRABAJADORES OFICIALES","author":"admin","date":"octubre 21, 2004","format":false,"excerpt":"600.000 maestros y trabajadores del Estado, afiliados a Fecode, al Cite y a Fenaltrase, paralizaron el 18 de mayo los Ministerios y dem\u00e1s establecimientos oficiales, en una jornada sin precedentes en la historia sindical del sector p\u00fablico. El combativo cese fue la respuesta de los asalariados a recientes decretos del\u2026","rel":"","context":"En \u00abTribuna Roja N\u00ba 32, Bogot\u00e1, mayo de 1978\u00bb","block_context":{"text":"Tribuna Roja N\u00ba 32, Bogot\u00e1, mayo de 1978","link":"https:\/\/moir.com.co\/web\/category\/tribuna-roja\/ediciones-1975-1979\/tribuna-roja-no-32-bogota-mayo-de-1978\/"},"img":{"alt_text":"","src":"","width":0,"height":0},"classes":[]},{"id":2366,"url":"https:\/\/moir.com.co\/web\/sobre-las-jornadas-de-1968-en-francia-del-68-en-francia-al-71-en-colombia\/","url_meta":{"origin":15094,"position":5},"title":"Sobre las jornadas de 1968 en Francia: DEL 68 EN FRANCIA AL 71 EN COLOMBIA","author":"admin","date":"mayo 31, 2008","format":false,"excerpt":"Jorge Enrique Robledo, Revista Cambio, Bogot\u00e1, mayo 1 de 2008 \u00bfMayo de 1968? \u00a1Llevo tres meses viviendo solo \u2013con otros estudiantes\u2013 en un apartamento en Bogot\u00e1! Ingenier\u00eda en los Andes, matem\u00e1ticas 0105 con Parra, un profesor que hizo \u00e9poca, y no propiamente por simp\u00e1tico. C\u00f3mo pasarme a arquitectura era el\u2026","rel":"","context":"En \u00abJorge Enrique Robledo\u00bb","block_context":{"text":"Jorge Enrique Robledo","link":"https:\/\/moir.com.co\/web\/category\/jorge-enrique-robledo\/"},"img":{"alt_text":"","src":"","width":0,"height":0},"classes":[]}],"jetpack_sharing_enabled":true,"_links":{"self":[{"href":"https:\/\/moir.com.co\/web\/wp-json\/wp\/v2\/posts\/15094","targetHints":{"allow":["GET"]}}],"collection":[{"href":"https:\/\/moir.com.co\/web\/wp-json\/wp\/v2\/posts"}],"about":[{"href":"https:\/\/moir.com.co\/web\/wp-json\/wp\/v2\/types\/post"}],"author":[{"embeddable":true,"href":"https:\/\/moir.com.co\/web\/wp-json\/wp\/v2\/users\/1"}],"replies":[{"embeddable":true,"href":"https:\/\/moir.com.co\/web\/wp-json\/wp\/v2\/comments?post=15094"}],"version-history":[{"count":1,"href":"https:\/\/moir.com.co\/web\/wp-json\/wp\/v2\/posts\/15094\/revisions"}],"predecessor-version":[{"id":15096,"href":"https:\/\/moir.com.co\/web\/wp-json\/wp\/v2\/posts\/15094\/revisions\/15096"}],"wp:featuredmedia":[{"embeddable":true,"href":"https:\/\/moir.com.co\/web\/wp-json\/wp\/v2\/media\/15095"}],"wp:attachment":[{"href":"https:\/\/moir.com.co\/web\/wp-json\/wp\/v2\/media?parent=15094"}],"wp:term":[{"taxonomy":"category","embeddable":true,"href":"https:\/\/moir.com.co\/web\/wp-json\/wp\/v2\/categories?post=15094"},{"taxonomy":"post_tag","embeddable":true,"href":"https:\/\/moir.com.co\/web\/wp-json\/wp\/v2\/tags?post=15094"}],"curies":[{"name":"wp","href":"https:\/\/api.w.org\/{rel}","templated":true}]}}