{"id":15089,"date":"2018-05-14T15:48:25","date_gmt":"2018-05-14T15:48:25","guid":{"rendered":"https:\/\/moir.org.co\/web\/?p=15089"},"modified":"2018-05-14T15:48:25","modified_gmt":"2018-05-14T15:48:25","slug":"colombia-debe-elegir-entre-el-continuismo-o-el-cambio-robledo","status":"publish","type":"post","link":"https:\/\/moir.com.co\/web\/colombia-debe-elegir-entre-el-continuismo-o-el-cambio-robledo\/","title":{"rendered":"Colombia debe elegir entre el continuismo o el cambio: Robledo"},"content":{"rendered":"<p><strong>Entrevista de\u00a0Julio Diaz S\u00e1nchez al senador Jorge Enrique Robledo, El Diario del Huila, Neiva, mayo 12 de 2018<\/strong><\/p>\n<p><em>El senador ibaguere\u00f1o Jorge Enrique Robledo, estuvo en Neiva donde hizo un an\u00e1lisis de la pol\u00edtica, la corrupci\u00f3n y del futuro que le espera al pa\u00eds durante el pr\u00f3ximo gobierno. El congresista es optimista de la campa\u00f1a que viene liderando su candidato a la presidencia Sergio Fajardo.<\/em><\/p>\n<p>Por estos d\u00edas la pol\u00edtica se ha convertido en un verdadero juego de ajedrez, donde liberales, conservadores, uribistas, de izquierda, e independientes, buscan adherirse a los diferentes candidatos presidenciales; en su mayor\u00eda se unen al aspirante que tiene opciones de triunfo, quiz\u00e1s otros lo hacen porque simpatizan de sus ideales pol\u00edticos.<\/p>\n<p>Ad portas de las elecciones presidenciales, el senador tolimense del Polo Democr\u00e1tico Alternativo, Jorge Enrique Robledo, en su gira por el Huila y en di\u00e1logo con esta Casa Editorial, habl\u00f3 de la corrupci\u00f3n que carcome al pa\u00eds, de los candidatos y de su acompa\u00f1amiento pol\u00edtico al aspirante de la Alianza Verde, el matem\u00e1tico Sergio Fajardo.<\/p>\n<p>&nbsp;<\/p>\n<p><strong>\u00bfQu\u00e9 an\u00e1lisis tiene usted de Sergio Fajardo como candidato presidencial?<\/strong><\/p>\n<p>\u201cEstoy trabajando con todo entusiasmo con la candidatura de Sergio Fajardo, porque estoy convencido que es el mejor presidente que podr\u00eda tener Colombia. Le cuento Julio, que caminar con Sergio por la calle, es un fen\u00f3meno, el cari\u00f1o, la solidaridad, adem\u00e1s ir con Fajardo a las universidades es emocionante, inclusive en las encuestas se refleja a Sergio que ha ganado popularidad y es posible que pase a una segunda vuelta, es eso estoy seguro\u201d<\/p>\n<p>&nbsp;<\/p>\n<p><strong>\u00bfEn qu\u00e9 ciudades o regiones del pa\u00eds, cree usted que hay gran fervor por Fajardo?<\/strong><\/p>\n<p>\u201cEn todas las ciudades y municipios donde hemos caminado con el candidato es impresionante, no hemos encontrado ni una sola agresi\u00f3n o maltrato por parte de la gente, hacia Fajardo uno ve sino respeto, cari\u00f1o\u2026por ejemplo Bogot\u00e1 es una ciudad donde existe un gran fervor por el candidato, en Medell\u00edn y en Antioquia, m\u00e1s a\u00fan que es su tierra natal; gobern\u00f3 en su departamento y muy bien, la gente lo quiere bastante, pero tambi\u00e9n en la Costa Atl\u00e1ntica y aqu\u00ed en el Huila, hay una gran admiraci\u00f3n por Fajardo, es un hombre honesto y lucha contra la corrupci\u00f3n, Sergio Fajardo no es un hombre de peleas de perros y gatos, eso lo valora mucho la gente\u201d<\/p>\n<p><strong>Hay regiones muy aisladas como Arauca, San Jos\u00e9 del Guaviare y Putumayo \u00bfHan visitado esas zonas del pa\u00eds de completo abandono por el Estado?<\/strong><\/p>\n<p>\u201cTenemos que ser muy sinceros, Colombia es muy grande, la agenda del candidato es muy apretada y el tiempo han sido muy limitado, pero s\u00ed hemos visitado regiones como el Urab\u00e1, una zona bastante compleja por el conflicto, tambi\u00e9n visitamos a municipios del Tolima que fueron golpeados por la violencia, Valle del Cauca y el Magdalena Medio\u201d<\/p>\n<p><strong>Senador Robledo, \u00bfc\u00f3mo observa las campa\u00f1as de los candidatos de extrema derecha?<\/strong><\/p>\n<p>\u201cPara nadie es un secreto que las campa\u00f1as de Duque y Germ\u00e1n Vargas, son las del continuismo, es decir que si el pueblo quiere que Colombia siga como est\u00e1, con corrupci\u00f3n, guerra y desigualdad, pues ah\u00ed tienen a Duque y Vargas Lleras, y si el pueblo quiere el verdadero cambio, pues ah\u00ed est\u00e1n Gustavo Petro y Sergio Fajardo, pero me quedo con Fajardo, es nuestro candidato y tiene las mejores propuestas para dirigir y administrar los destinos del pa\u00eds\u201d<\/p>\n<p><strong>Para usted como congresista de izquierda, \u00bfest\u00e1 polarizada la pol\u00edtica en Colombia?<\/strong><\/p>\n<p>\u201cSi hay una polarizaci\u00f3n en Colombia de derecha e izquierda, la polarizaci\u00f3n no es mala para el pa\u00eds porque eso es democracia, son pensamientos distintos, son ideales opuestos, lo que ha hecho la extrema derecha es manipular al pueblo con sus ideolog\u00edas del continuismo y la desigualdad, esa polarizaci\u00f3n ha surgido de quienes queremos el cambio. Para quienes critican al presidente Santos, no hay ninguna diferencia con Uribe, los dos tienen las mismas ideolog\u00edas pol\u00edticas, la \u00fanica diferencia es que Uribe, no est\u00e1 de acuerdo con el proceso de paz, de resto ellos son amigos\u2026 aclaro, lo malo de esta polarizaci\u00f3n pol\u00edtica es que se est\u00e9n peleando como perros y gatos, eso no sirve\u201d<\/p>\n<p><strong>\u00bfQu\u00e9 concepto tiene de la famosa frase del castrochavismo?<\/strong><\/p>\n<p>\u201cEsta polarizaci\u00f3n pol\u00edtica entre el Centro Democr\u00e1tico, el partido de la U del gobierno Santos y la izquierda, ha provocado miedo y odio\u2026Gait\u00e1n dec\u00eda en sus discursos \u2018los mismos con las mismas\u2019, aqu\u00ed lo que existe es un truco para sembrar terror a la gente, para desestabilizar el pensamiento del pueblo, nosotros los de centro \u2013 izquierda a esos trucos no le \u2018jalamos\u2019, eso del castrochavismo es simplemente una manera de enga\u00f1ar, nosotros no difundimos miedo, hacemos pol\u00edtica para el cambio\u201d<\/p>\n<p><strong>\u00bfC\u00f3mo analiza los esc\u00e1ndalos de corrupci\u00f3n en el pa\u00eds?<\/strong><\/p>\n<p>\u201cPor ejemplo los TLC est\u00e1n unidos, el caso de Odebrecht est\u00e1n unidos, el Fiscal Anticorrupci\u00f3n, sali\u00f3 corrupto, tambi\u00e9n existe corrupci\u00f3n en las regiones, obras inconclusas, es decir aqu\u00ed lo que hay es corrupci\u00f3n para un buen rato, entonces hay dos alternativas, los colombianos elegimos los mismos con las mismas o elegimos para hacer el cambio, esas son las dos opciones para combatir la corrupci\u00f3n en Colombia\u201d<\/p>\n<p><strong>Senador Jorge Robledo, \u00bfqu\u00e9 pasar\u00eda si gana el uribismo o la extrema derecha?<\/strong><\/p>\n<p>\u201cSin duda alguna, ser\u00eda un mal gobierno, porque ser\u00eda una copia mala de lo que fue el gobierno de Uribe, bueno eso ya lo padecimos, lo mismo si gana Germ\u00e1n Vargas Lleras, pues nos tocar\u00e1 seguirle haciendo frente a la corrupci\u00f3n, pues no vamos a salir corriendo, ni vamos a cambiar de nuestros ideales pol\u00edticos, lo cierto es que nosotros con mermelada no actuamos, por eso insisto los colombianos tienen dos opciones o el continuismo o el cambio\u201d.<\/p>\n","protected":false},"excerpt":{"rendered":"<p>Entrevista de\u00a0Julio Diaz S\u00e1nchez al senador Jorge Enrique Robledo, El Diario del Huila, Neiva, mayo 12 de 2018 El senador ibaguere\u00f1o Jorge Enrique Robledo, estuvo en Neiva donde hizo un an\u00e1lisis de la pol\u00edtica, la corrupci\u00f3n y del futuro que le espera al pa\u00eds durante el pr\u00f3ximo gobierno. El congresista es optimista de la campa\u00f1a [&hellip;]<\/p>\n","protected":false},"author":1,"featured_media":15090,"comment_status":"open","ping_status":"open","sticky":false,"template":"","format":"standard","meta":{"advanced_seo_description":"","jetpack_seo_html_title":"","jetpack_seo_noindex":false,"_jetpack_memberships_contains_paid_content":false,"footnotes":""},"categories":[102,97,4,98],"tags":[],"class_list":["post-15089","post","type-post","status-publish","format-standard","has-post-thumbnail","hentry","category-economia","category-imperialismo-y-neoliberalismo","category-jorge-enrique-robledo","category-politica"],"jetpack_featured_media_url":"https:\/\/i0.wp.com\/moir.com.co\/web\/wp-content\/uploads\/2018\/05\/robledodiariohuila2018.jpg?fit=600%2C400&ssl=1","jetpack-related-posts":[{"id":5711,"url":"https:\/\/moir.com.co\/web\/el-senador-robledo-no-sera-candidato-a-la-alcaldia-de-bogota\/","url_meta":{"origin":15089,"position":0},"title":"El senador Robledo no ser\u00e1 candidato a la Alcald\u00eda de Bogot\u00e1","author":"admin","date":"junio 15, 2011","format":false,"excerpt":"Luego de analizar las posibilidades pol\u00edticas y jur\u00eddicas de una candidatura suya a la Alcald\u00eda de Bogot\u00e1, el senador Jorge Enrique Robledo anunci\u00f3 que, \u201cdefinitivamente, no propondr\u00e9 mi nombre para alcalde de la capital de la Rep\u00fablica. Seguir\u00e9 en el Senado y respaldar\u00e9 el candidato que el Polo Democr\u00e1tico Alternativo\u2026","rel":"","context":"En \u00abJorge Enrique Robledo\u00bb","block_context":{"text":"Jorge Enrique Robledo","link":"https:\/\/moir.com.co\/web\/category\/jorge-enrique-robledo\/"},"img":{"alt_text":"","src":"","width":0,"height":0},"classes":[]},{"id":13371,"url":"https:\/\/moir.com.co\/web\/robledo-proclamado-candidato-presidencial-del-polo-gran-debate-contra-la-corrupcion-en-el-poder\/","url_meta":{"origin":15089,"position":1},"title":"Robledo proclamado candidato presidencial del Polo. Gran debate contra la corrupci\u00f3n en el poder","author":"admin","date":"septiembre 26, 2017","format":false,"excerpt":"Oficina de prensa del senador Jorge Enrique Robledo, Bogot\u00e1, septiembre 26 de 2017 Frente a m\u00e1s 2000 dirigentes de todo el pa\u00eds Jorge Enrique Robledo fue proclamado candidato \u00fanico del Polo Democr\u00e1tico Alternativo a la Presidencia de la Rep\u00fablica. El Polo tambi\u00e9n present\u00f3 sus listas al Senado y a la\u2026","rel":"","context":"En \u00abEconom\u00eda\u00bb","block_context":{"text":"Econom\u00eda","link":"https:\/\/moir.com.co\/web\/category\/temas\/economia\/"},"img":{"alt_text":"","src":"https:\/\/i0.wp.com\/moir.com.co\/web\/wp-content\/uploads\/2017\/09\/robledoproclamacion2.jpeg?fit=937%2C667&ssl=1&resize=350%2C200","width":350,"height":200,"srcset":"https:\/\/i0.wp.com\/moir.com.co\/web\/wp-content\/uploads\/2017\/09\/robledoproclamacion2.jpeg?fit=937%2C667&ssl=1&resize=350%2C200 1x, https:\/\/i0.wp.com\/moir.com.co\/web\/wp-content\/uploads\/2017\/09\/robledoproclamacion2.jpeg?fit=937%2C667&ssl=1&resize=525%2C300 1.5x, https:\/\/i0.wp.com\/moir.com.co\/web\/wp-content\/uploads\/2017\/09\/robledoproclamacion2.jpeg?fit=937%2C667&ssl=1&resize=700%2C400 2x"},"classes":[]},{"id":11809,"url":"https:\/\/moir.com.co\/web\/resolucion-n-071-por-la-cual-se-designa-a-jorge-enrique-robledo-como-candidato-presidencial-del-polo-para-el-2018\/","url_meta":{"origin":15089,"position":2},"title":"Resoluci\u00f3n N\u00b0 071 por la cual se designa a Jorge Enrique Robledo como candidato presidencial del Polo para el 2018","author":"admin","date":"febrero 28, 2017","format":false,"excerpt":"Comit\u00e9 Ejecutivo Nacional del Polo, Bogot\u00e1, febrero 27 de 2017 El Comit\u00e9 Ejecutivo Nacional del Polo Democr\u00e1tico Alternativo, PDA, citado de conformidad con el art\u00edculo 14 de los Estatutos, en correspondencia con la pol\u00edtica electoral aprobada en el IV Congreso Nacional, en la Junta Directiva Nacional de diciembre de 2016,\u2026","rel":"","context":"En \u00abJorge Enrique Robledo\u00bb","block_context":{"text":"Jorge Enrique Robledo","link":"https:\/\/moir.com.co\/web\/category\/jorge-enrique-robledo\/"},"img":{"alt_text":"","src":"https:\/\/i0.wp.com\/moir.com.co\/web\/wp-content\/uploads\/2016\/12\/polobandera.jpg?fit=750%2C400&ssl=1&resize=350%2C200","width":350,"height":200,"srcset":"https:\/\/i0.wp.com\/moir.com.co\/web\/wp-content\/uploads\/2016\/12\/polobandera.jpg?fit=750%2C400&ssl=1&resize=350%2C200 1x, https:\/\/i0.wp.com\/moir.com.co\/web\/wp-content\/uploads\/2016\/12\/polobandera.jpg?fit=750%2C400&ssl=1&resize=525%2C300 1.5x, https:\/\/i0.wp.com\/moir.com.co\/web\/wp-content\/uploads\/2016\/12\/polobandera.jpg?fit=750%2C400&ssl=1&resize=700%2C400 2x"},"classes":[]},{"id":11811,"url":"https:\/\/moir.com.co\/web\/9-puntos-de-enfasis-programaticos-senador-y-candidato-presidencial-jorge-enrique-robledo\/","url_meta":{"origin":15089,"position":3},"title":"9 puntos de \u00e9nfasis program\u00e1ticos. Senador y Candidato Presidencial Jorge Enrique Robledo","author":"admin","date":"marzo 1, 2017","format":false,"excerpt":"Polo Democr\u00e1tico Alternativo, Bogot\u00e1, marzo 1 de 2017 En Rueda de prensa realizada hoy en la ma\u00f1ana en la sede nacional del PDA, el Senador y Candidato Presidencial Jorge Enrique Robledo, expreso temas respecto a su campa\u00f1a presidencial. \u00c9nfasis program\u00e1ticos de la candidatura a la Presidencia del Senador Robledo 1.\u2026","rel":"","context":"En \u00abEconom\u00eda\u00bb","block_context":{"text":"Econom\u00eda","link":"https:\/\/moir.com.co\/web\/category\/temas\/economia\/"},"img":{"alt_text":"","src":"https:\/\/i0.wp.com\/moir.com.co\/web\/wp-content\/uploads\/2017\/03\/RobledoRuedaprensa010317.jpg?fit=1199%2C806&ssl=1&resize=350%2C200","width":350,"height":200,"srcset":"https:\/\/i0.wp.com\/moir.com.co\/web\/wp-content\/uploads\/2017\/03\/RobledoRuedaprensa010317.jpg?fit=1199%2C806&ssl=1&resize=350%2C200 1x, https:\/\/i0.wp.com\/moir.com.co\/web\/wp-content\/uploads\/2017\/03\/RobledoRuedaprensa010317.jpg?fit=1199%2C806&ssl=1&resize=525%2C300 1.5x, https:\/\/i0.wp.com\/moir.com.co\/web\/wp-content\/uploads\/2017\/03\/RobledoRuedaprensa010317.jpg?fit=1199%2C806&ssl=1&resize=700%2C400 2x, https:\/\/i0.wp.com\/moir.com.co\/web\/wp-content\/uploads\/2017\/03\/RobledoRuedaprensa010317.jpg?fit=1199%2C806&ssl=1&resize=1050%2C600 3x"},"classes":[]},{"id":9136,"url":"https:\/\/moir.com.co\/web\/mi-candidatura-a-la-presidencia-seria-un-proyecto-de-convergencia-nacional-robledo\/","url_meta":{"origin":15089,"position":4},"title":"&#8220;Mi candidatura a la presidencia ser\u00eda un proyecto de convergencia nacional&#8221;: Robledo","author":"admin","date":"febrero 25, 2015","format":false,"excerpt":"A su paso por la capital del Huila, el senador Jorge Enrique Robledo habl\u00f3 con DIARIO DEL HUILA sobre su posible pero cuestionada aspiraci\u00f3n a la presidencia de Colombia para el 2018. El senador de Polo Democr\u00e1tico Jorge Enrique Robledo no decide su candidatura a la presidencia de Colombia para\u2026","rel":"","context":"En \u00abJorge Enrique Robledo\u00bb","block_context":{"text":"Jorge Enrique Robledo","link":"https:\/\/moir.com.co\/web\/category\/jorge-enrique-robledo\/"},"img":{"alt_text":"","src":"","width":0,"height":0},"classes":[]},{"id":8371,"url":"https:\/\/moir.com.co\/web\/robledo-respalda-movilizacion-de-los-huilenses-en-defensa-del-rio-las-ceibas-y-llama-a-la-unidad\/","url_meta":{"origin":15089,"position":5},"title":"Robledo respalda movilizaci\u00f3n de los huilenses en defensa del r\u00edo Las Ceibas y llama a la unidad","author":"admin","date":"abril 10, 2014","format":false,"excerpt":"El senador Jorge Enrique Robledo expres\u00f3 su solidaridad con los huilenses que hoy se movilizan de manera masiva en defensa del R\u00edo Las Ceibas, la \u00fanica fuente de abastecimiento de agua de la ciudad de Neiva que est\u00e1 amenazada por la decisi\u00f3n del gobierno nacional de autorizarle a la multinacional\u2026","rel":"","context":"En \u00abJorge Enrique Robledo\u00bb","block_context":{"text":"Jorge Enrique Robledo","link":"https:\/\/moir.com.co\/web\/category\/jorge-enrique-robledo\/"},"img":{"alt_text":"","src":"","width":0,"height":0},"classes":[]}],"jetpack_sharing_enabled":true,"_links":{"self":[{"href":"https:\/\/moir.com.co\/web\/wp-json\/wp\/v2\/posts\/15089","targetHints":{"allow":["GET"]}}],"collection":[{"href":"https:\/\/moir.com.co\/web\/wp-json\/wp\/v2\/posts"}],"about":[{"href":"https:\/\/moir.com.co\/web\/wp-json\/wp\/v2\/types\/post"}],"author":[{"embeddable":true,"href":"https:\/\/moir.com.co\/web\/wp-json\/wp\/v2\/users\/1"}],"replies":[{"embeddable":true,"href":"https:\/\/moir.com.co\/web\/wp-json\/wp\/v2\/comments?post=15089"}],"version-history":[{"count":1,"href":"https:\/\/moir.com.co\/web\/wp-json\/wp\/v2\/posts\/15089\/revisions"}],"predecessor-version":[{"id":15091,"href":"https:\/\/moir.com.co\/web\/wp-json\/wp\/v2\/posts\/15089\/revisions\/15091"}],"wp:featuredmedia":[{"embeddable":true,"href":"https:\/\/moir.com.co\/web\/wp-json\/wp\/v2\/media\/15090"}],"wp:attachment":[{"href":"https:\/\/moir.com.co\/web\/wp-json\/wp\/v2\/media?parent=15089"}],"wp:term":[{"taxonomy":"category","embeddable":true,"href":"https:\/\/moir.com.co\/web\/wp-json\/wp\/v2\/categories?post=15089"},{"taxonomy":"post_tag","embeddable":true,"href":"https:\/\/moir.com.co\/web\/wp-json\/wp\/v2\/tags?post=15089"}],"curies":[{"name":"wp","href":"https:\/\/api.w.org\/{rel}","templated":true}]}}