{"id":15086,"date":"2018-05-14T15:37:11","date_gmt":"2018-05-14T15:37:11","guid":{"rendered":"https:\/\/moir.org.co\/web\/?p=15086"},"modified":"2018-05-14T15:37:11","modified_gmt":"2018-05-14T15:37:11","slug":"comienza-proceso-de-concertacion-entre-ministerio-de-agricultura-y-dignidad-cafetera-para-crear-fondo-de-estabilizacion-de-precio-de-cafe","status":"publish","type":"post","link":"https:\/\/moir.com.co\/web\/comienza-proceso-de-concertacion-entre-ministerio-de-agricultura-y-dignidad-cafetera-para-crear-fondo-de-estabilizacion-de-precio-de-cafe\/","title":{"rendered":"Comienza proceso de concertaci\u00f3n entre Ministerio de Agricultura y Dignidad Cafetera para crear Fondo de Estabilizaci\u00f3n de Precio de Caf\u00e9"},"content":{"rendered":"<p><strong>Dignidad Cafetera Nacional, mayo 11 de 2018<\/strong><\/p>\n<p>Como resultado del Plant\u00f3n Cafetero Nacional realizado el 4 de mayo en Bogot\u00e1 se acord\u00f3, con el Ministerio de Agricultura, constituir mesas de trabajo -sobre varios asuntos de inter\u00e9s de los cafeteros colombianos- como se se\u00f1al\u00f3 en el comunicado \u201cBalance del Plant\u00f3n Cafetero\u201d. En este comunicado Dignidad Cafetera informa sobre la mesa que se reuni\u00f3 el 10 de mayo en Pereira, en el recinto de la Asamblea de Risaralda, para tratar sobre el Fondo de Estabilizaci\u00f3n de Precio del Caf\u00e9.<\/p>\n<p>La mesa se desarrollo con el siguiente orden del d\u00eda:<\/p>\n<ol>\n<li>Una exposici\u00f3n del Ministerio de Agricultura sobre Fondos de Estabilizaci\u00f3n de Precios reglamentados -para su constituci\u00f3n- en la Ley 101 de 1996 y como funcionan los existentes en el pa\u00eds.<\/li>\n<li>Una explicaci\u00f3n sobre el proyecto de Ley 117, Senado, que est\u00e1 en debate en el Congreso de la Rep\u00fablica y las posiciones frente al mismo, expresadas por el Ministerio de Hacienda y la Federaci\u00f3n Nacional de Cafeteros.<\/li>\n<li>Conclusiones de la Mesa y propuesta de cronograma de actividades.<\/li>\n<\/ol>\n<p>El orden del d\u00eda se desarrollo como estaba previsto. Se aclararon las ideas b\u00e1sicas de los Fondos de Estabilizaci\u00f3n de Precios y se defini\u00f3 -por parte de los delegados de Dignidad Cafetera- las razones fundamentales de lo que, para los productores de caf\u00e9, debe ser un Fondo de Estabilizaci\u00f3n del Precio del grano.<\/p>\n<p>Se escucharon informes sobre el proyecto de Ley 117 y se conoci\u00f3 las posiciones expresadas por el Ministerio de Hacienda y Federaci\u00f3n de Cafeteros.<\/p>\n<p>Se defini\u00f3 la ruta a seguir acordando asistir al debate -en la comisi\u00f3n III del Senado- se realizar\u00e1 el martes 15 de mayo. Reuni\u00f3n conjunta de Dignidad Cafetera con el Senador Navarro ponente del proyecto de Ley 117. Adelantar consultas con economistas y otros especialistas en Fondos de Estabilizaci\u00f3n y, una vez adelantadas estas tareas y, definido en el Senado si el proyecto de Ley continuar\u00e1 su tr\u00e1nsito, participar del tr\u00e1mite de este, pero con base en la constituci\u00f3n -de manera conjunta con el ministerio- de una comisi\u00f3n t\u00e9cnica que de sustento y respaldo a la iniciativa legislativa.<\/p>\n<p>Si, el proyecto de Ley no es aprobado por la comisi\u00f3n tercera -en primer debate- el Ministerio de Agricultura y Dignidad Cafetera Nacional acuerdan adelantar los tr\u00e1mites necesarios para presentar un proyecto de Ley a la pr\u00f3xima legislatura.<\/p>\n<p>Dignidad Cafetera encargo al director ejecutivo de Dignidad Agropecuaria, Oscar Guti\u00e9rrez Reyes, para que adelante consultas y designe los integrantes de Dignidad Cafetera a la comisi\u00f3n t\u00e9cnica acordada con el Ministerio. Entre las personas con quienes se deber\u00e1 adelantar solicitud de asesor\u00eda, se encuentra el Doctor Aurelio Su\u00e1rez y el Centro de Investigaciones del Trabajo, CEDETRABAJO.<\/p>\n<p>As\u00ed concluy\u00f3 la sesi\u00f3n inicial de la mesa de concertaci\u00f3n para la creaci\u00f3n del Fondo de Estabilizaci\u00f3n de Precio del Caf\u00e9.<\/p>\n","protected":false},"excerpt":{"rendered":"<p>Dignidad Cafetera Nacional, mayo 11 de 2018 Como resultado del Plant\u00f3n Cafetero Nacional realizado el 4 de mayo en Bogot\u00e1 se acord\u00f3, con el Ministerio de Agricultura, constituir mesas de trabajo -sobre varios asuntos de inter\u00e9s de los cafeteros colombianos- como se se\u00f1al\u00f3 en el comunicado \u201cBalance del Plant\u00f3n Cafetero\u201d. En este comunicado Dignidad Cafetera [&hellip;]<\/p>\n","protected":false},"author":1,"featured_media":15087,"comment_status":"open","ping_status":"open","sticky":false,"template":"","format":"standard","meta":{"advanced_seo_description":"","jetpack_seo_html_title":"","jetpack_seo_noindex":false,"_jetpack_memberships_contains_paid_content":false,"footnotes":""},"categories":[114,102,97,98],"tags":[],"class_list":["post-15086","post","type-post","status-publish","format-standard","has-post-thumbnail","hentry","category-agro","category-economia","category-imperialismo-y-neoliberalismo","category-politica"],"jetpack_featured_media_url":"https:\/\/i0.wp.com\/moir.com.co\/web\/wp-content\/uploads\/2018\/05\/cafe3.jpg?fit=358%2C262&ssl=1","jetpack-related-posts":[{"id":9517,"url":"https:\/\/moir.com.co\/web\/por-un-fondo-de-estabilizacion-del-precio-cafeteros-se-movilizaran-el-24-de-agosto\/","url_meta":{"origin":15086,"position":0},"title":"Por un Fondo de Estabilizaci\u00f3n del Precio, Cafeteros se movilizar\u00e1n el 24 de agosto","author":"admin","date":"julio 16, 2015","format":false,"excerpt":"Los dirigentes de Dignidad Cafetera Nacional reunidos en Pereira hoy, 15 de julio de 2015, despu\u00e9s de analizar la grave situaci\u00f3n que se presenta por la inestabilidad en el precio del grano pero, sobre todo, porque el precio de venta del caf\u00e9 escasamente recoge los costos de producci\u00f3n y cuando\u2026","rel":"","context":"En \u00abPronunciamientos de Organizaciones Sociales\u00bb","block_context":{"text":"Pronunciamientos de Organizaciones Sociales","link":"https:\/\/moir.com.co\/web\/category\/pronunciamientos-de-organizaciones-sociales\/"},"img":{"alt_text":"","src":"","width":0,"height":0},"classes":[]},{"id":9280,"url":"https:\/\/moir.com.co\/web\/carta-abierta-al-presidente-santos\/","url_meta":{"origin":15086,"position":1},"title":"Carta abierta al Presidente Santos","author":"admin","date":"abril 7, 2015","format":false,"excerpt":"Se\u00f1or Doctor Juan Manuel Santos Presidente de Colombia Bogot\u00e1 Los cafeteros de Colombia reunidos en la X asamblea nacional de delegados de dignidad cafetera colombiana, hoy 7 de abril de 2015 en la ciudad de Armenia, Quind\u00edo, nos permitimos comunicarle que, demandamos del se\u00f1or presidente el cumplimiento de las actas\u2026","rel":"","context":"En \u00abPronunciamientos de Organizaciones Sociales\u00bb","block_context":{"text":"Pronunciamientos de Organizaciones Sociales","link":"https:\/\/moir.com.co\/web\/category\/pronunciamientos-de-organizaciones-sociales\/"},"img":{"alt_text":"","src":"","width":0,"height":0},"classes":[]},{"id":9478,"url":"https:\/\/moir.com.co\/web\/a-manera-de-balance-de-la-marcha-cafetera\/","url_meta":{"origin":15086,"position":2},"title":"A manera de balance de la Marcha Cafetera","author":"admin","date":"junio 24, 2015","format":false,"excerpt":"Despu\u00e9s de la Marcha Cafetera de Armenia, a la cual asistieron m\u00e1s de 12 mil cafeteros de 9 departamentos y casi 200 municipios, y de las movilizaciones de Bosconia y Tunja, se hace necesario un balance asido en varias consideraciones. Las unas, ancladas en los problemas de la coyuntura de\u2026","rel":"","context":"En \u00abPronunciamientos de Organizaciones Sociales\u00bb","block_context":{"text":"Pronunciamientos de Organizaciones Sociales","link":"https:\/\/moir.com.co\/web\/category\/pronunciamientos-de-organizaciones-sociales\/"},"img":{"alt_text":"","src":"","width":0,"height":0},"classes":[]},{"id":15043,"url":"https:\/\/moir.com.co\/web\/precio-justo-para-los-cafeteros-colombianos-senador-robledo\/","url_meta":{"origin":15086,"position":3},"title":"Precio justo para los cafeteros colombianos: Senador Robledo","author":"admin","date":"mayo 5, 2018","format":false,"excerpt":"Oficina de prensa del senador Jorge Enrique Robledo, Bogot\u00e1, mayo 4 de 2018 M\u00e1s de medio mill\u00f3n de familias en crisis, el precio no cubre los costos, medidas urgentes solicitan los cafeteros \u201cLe hago un llamado al gobierno Santos y a sus ministros a la sensatez y a actuar con\u2026","rel":"","context":"En \u00abAgro\u00bb","block_context":{"text":"Agro","link":"https:\/\/moir.com.co\/web\/category\/temas\/agro\/"},"img":{"alt_text":"","src":"https:\/\/i0.wp.com\/moir.com.co\/web\/wp-content\/uploads\/2018\/05\/dignidadagroplanton040518.jpeg?fit=1200%2C900&ssl=1&resize=350%2C200","width":350,"height":200,"srcset":"https:\/\/i0.wp.com\/moir.com.co\/web\/wp-content\/uploads\/2018\/05\/dignidadagroplanton040518.jpeg?fit=1200%2C900&ssl=1&resize=350%2C200 1x, https:\/\/i0.wp.com\/moir.com.co\/web\/wp-content\/uploads\/2018\/05\/dignidadagroplanton040518.jpeg?fit=1200%2C900&ssl=1&resize=525%2C300 1.5x, https:\/\/i0.wp.com\/moir.com.co\/web\/wp-content\/uploads\/2018\/05\/dignidadagroplanton040518.jpeg?fit=1200%2C900&ssl=1&resize=700%2C400 2x, https:\/\/i0.wp.com\/moir.com.co\/web\/wp-content\/uploads\/2018\/05\/dignidadagroplanton040518.jpeg?fit=1200%2C900&ssl=1&resize=1050%2C600 3x"},"classes":[]},{"id":9207,"url":"https:\/\/moir.com.co\/web\/ante-la-caida-del-precio-del-cafe-el-gobierno-nacional-debe-reactivar-el-pic\/","url_meta":{"origin":15086,"position":4},"title":"Ante la ca\u00edda del precio del Caf\u00e9, el Gobierno Nacional debe reactivar el PIC","author":"admin","date":"marzo 14, 2015","format":false,"excerpt":"Declaraci\u00f3n de integrantes de Dignidad Cafetera, reunidos en Bogot\u00e1 el 9 de Marzo de 2015 A finales del a\u00f1o 2014, en reuni\u00f3n sostenida con el ministro de agricultura, dirigentes de dignidad agropecuaria y de dignidad cafetera le dijeron, al doctor Iragorri, que el gobierno nacional deb\u00eda sostener el Programa de\u2026","rel":"","context":"En \u00abPronunciamientos de Organizaciones Sociales\u00bb","block_context":{"text":"Pronunciamientos de Organizaciones Sociales","link":"https:\/\/moir.com.co\/web\/category\/pronunciamientos-de-organizaciones-sociales\/"},"img":{"alt_text":"","src":"","width":0,"height":0},"classes":[]},{"id":15829,"url":"https:\/\/moir.com.co\/web\/sin-gobierno-no-hay-solucion-a-la-crisis-del-cafe\/","url_meta":{"origin":15086,"position":5},"title":"Sin gobierno no hay soluci\u00f3n a la crisis del caf\u00e9","author":"admin","date":"septiembre 3, 2018","format":false,"excerpt":"Libardo G\u00f3mez S\u00e1nchez, Neiva, septiembre 3 de 2018 La situaci\u00f3n de los cafeteros no pinta bien, al igual que la del resto de sectores productivos del pa\u00eds. Los primeros est\u00e1n recibiendo un precio de ruina por su cosecha, la libra se cotiza alrededor de un d\u00f3lar y tal parece que\u2026","rel":"","context":"Entrada similar","block_context":{"text":"Entrada similar","link":""},"img":{"alt_text":"","src":"https:\/\/i0.wp.com\/moir.com.co\/web\/wp-content\/uploads\/2017\/05\/cafe4.jpg?fit=360%2C240&ssl=1&resize=350%2C200","width":350,"height":200},"classes":[]}],"jetpack_sharing_enabled":true,"_links":{"self":[{"href":"https:\/\/moir.com.co\/web\/wp-json\/wp\/v2\/posts\/15086","targetHints":{"allow":["GET"]}}],"collection":[{"href":"https:\/\/moir.com.co\/web\/wp-json\/wp\/v2\/posts"}],"about":[{"href":"https:\/\/moir.com.co\/web\/wp-json\/wp\/v2\/types\/post"}],"author":[{"embeddable":true,"href":"https:\/\/moir.com.co\/web\/wp-json\/wp\/v2\/users\/1"}],"replies":[{"embeddable":true,"href":"https:\/\/moir.com.co\/web\/wp-json\/wp\/v2\/comments?post=15086"}],"version-history":[{"count":1,"href":"https:\/\/moir.com.co\/web\/wp-json\/wp\/v2\/posts\/15086\/revisions"}],"predecessor-version":[{"id":15088,"href":"https:\/\/moir.com.co\/web\/wp-json\/wp\/v2\/posts\/15086\/revisions\/15088"}],"wp:featuredmedia":[{"embeddable":true,"href":"https:\/\/moir.com.co\/web\/wp-json\/wp\/v2\/media\/15087"}],"wp:attachment":[{"href":"https:\/\/moir.com.co\/web\/wp-json\/wp\/v2\/media?parent=15086"}],"wp:term":[{"taxonomy":"category","embeddable":true,"href":"https:\/\/moir.com.co\/web\/wp-json\/wp\/v2\/categories?post=15086"},{"taxonomy":"post_tag","embeddable":true,"href":"https:\/\/moir.com.co\/web\/wp-json\/wp\/v2\/tags?post=15086"}],"curies":[{"name":"wp","href":"https:\/\/api.w.org\/{rel}","templated":true}]}}