{"id":15082,"date":"2018-05-14T14:54:45","date_gmt":"2018-05-14T14:54:45","guid":{"rendered":"https:\/\/moir.org.co\/web\/?p=15082"},"modified":"2018-05-14T14:54:45","modified_gmt":"2018-05-14T14:54:45","slug":"vendo-negocio-para-pagar-impuesto","status":"publish","type":"post","link":"https:\/\/moir.com.co\/web\/vendo-negocio-para-pagar-impuesto\/","title":{"rendered":"Vendo negocio para pagar impuesto"},"content":{"rendered":"<p><strong>Dar\u00edo Arenas Villegas, Manizales, mayo 11 de 2018<\/strong><\/p>\n<p>A muchos comerciantes de Manizales les va tocar cerrar o vender su negocio a ra\u00edz del nuevo tributo que se les pretende cobrar por el uso de terrazas y antejardines. El cobro se pretende establecer, mediante el Proyecto de Acuerdo 111 que le present\u00f3 el alcalde al Concejo, ya que los empresarios realizan actividades comerciales en espacios que, de acuerdo a la ley, son propiedad privada pero se erigen como elementos constitutivos del espacio p\u00fablico, por lo cual est\u00e1n regulados para garantizar diversos derechos.<\/p>\n<p>Sobre esta nueva obligaci\u00f3n econ\u00f3mica hay serias dudas jur\u00eddicas, ya que a pesar de denominarse \u201ccompensaci\u00f3n\u201d, el pago tiene cara, forma y tarifa de impuesto, aspecto que se reconoce en la exposici\u00f3n de motivos del proyecto porque all\u00ed se indica que una de las razones para impulsar esta iniciativa es la facultad que tiene el Concejo para votar tributos locales. No existe una ley que le permita a dicha entidad crear un impuesto con estas caracter\u00edsticas, raz\u00f3n por la cual la aprobaci\u00f3n de este tributo ser\u00eda ilegal, tal y como lo confirm\u00f3 el Consejo de Estado en una situaci\u00f3n similar en Rionegro, Antioquia, en la que el tribunal se\u00f1al\u00f3 que el Concejo de este municipio \u201c\u2026excedi\u00f3 sus facultades al imponer un tributo sobre la ocupaci\u00f3n del espacio p\u00fablico con ventas, sin contar con autorizaci\u00f3n legal para tal fin\u201d (Sentencia del 11 de mayo de 2017).<\/p>\n<p>Adem\u00e1s de la posible ilegalidad, el proyecto del alcalde no est\u00e1 articulado a un Plan Maestro de Espacio P\u00fablico como sucede en otras ciudades, no contiene censos actualizados sobre el comercio formal e informal de la ciudad, no tiene proyecciones de recaudo ni de recuperaci\u00f3n efectiva del espacio p\u00fablico y se centra solo en el aspecto econ\u00f3mico. Las tarifas son excesivas y desbordan la capacidad econ\u00f3mica de los comerciantes ya que se cobrar\u00eda mensualmente entre 15.000 y 39.000 pesos por metro cuadrado seg\u00fan la ubicaci\u00f3n del negocio (Centro y Cable $39.000, Chipre y La Enea $31.249 y otros sectores $15.600). Esto propiciar\u00e1 que, por ejemplo, un local del Cable con 50 metros cuadrados de terraza tenga que pagar cerca de 2 millones de pesos cada mes o que un comercio de La Carola que utilice 15 metros de antejard\u00edn deba asumir una obligaci\u00f3n mensual cercana a los $400 mil. Los m\u00e1s de $24 millones que tendr\u00eda que pagar cada a\u00f1o el empresario del Cable o los casi $5 millones del comerciante de La Carola, redundar\u00edan en el incremento del valor de sus servicios, afectando el bolsillo de los clientes y a la postre generar\u00eda el despido de personal y muy posiblemente el cierre del establecimiento.<\/p>\n<p>M\u00e1s de 54.000 trabajadores est\u00e1n ligados al \u00e1rea de comercio, restaurantes y hoteles, por lo que, de aprobarse, esta medida afectar\u00e1 al sector que m\u00e1s empleos genera en una ciudad en la que 4 de cada 10 egresados universitarios buscan otros destinos laborales ante la falta de oportunidades derivadas de la desindustrializaci\u00f3n y la asfixia tributaria que padecen peque\u00f1as y medianas empresas. Se obstaculizar\u00e1 tambi\u00e9n el aporte de este campo a los impuestos de la ciudad, ya que si se cierran cientos de negocios se disminuir\u00e1 el recaudo efectivo de tributos, dentro del cual el comercio aporta un alto porcentaje de los m\u00e1s de 31 mil millones de pesos que se recaudan anualmente por Impuesto de Industria y Comercio, los m\u00e1s de $4.500 millones de Impuesto de Avisos y Tableros, y los m\u00e1s de $35 mil millones que se liquidan de Impuesto Predial en el sector urbano no residencial.<\/p>\n<p>Adem\u00e1s del empleo y el aporte a las finanzas p\u00fablicas, cabe resaltar que el auge de la din\u00e1mica comercial de los \u00faltimos a\u00f1os no se ha orientado hacia la concentraci\u00f3n o el monopolio, por el contrario, en la actualidad coexisten negocios de todos los tama\u00f1os, se han creado y consolidado cadenas de valor que han articulado a otros sectores, se han recuperado espacios abandonados y se han generado condiciones de mayor seguridad en algunas zonas, con lo cual se ha fortalecido la econom\u00eda local y la convivencia ciudadana.<\/p>\n<p>El Proyecto de Acuerdo 111 no se debe aprobar y se debe abrir un gran di\u00e1logo ciudadano sobre el espacio p\u00fablico y la regularizaci\u00f3n comercial, que redunde en normas vinculantes que privilegien el inter\u00e9s general.<\/p>\n","protected":false},"excerpt":{"rendered":"<p>Dar\u00edo Arenas Villegas, Manizales, mayo 11 de 2018 A muchos comerciantes de Manizales les va tocar cerrar o vender su negocio a ra\u00edz del nuevo tributo que se les pretende cobrar por el uso de terrazas y antejardines. El cobro se pretende establecer, mediante el Proyecto de Acuerdo 111 que le present\u00f3 el alcalde al [&hellip;]<\/p>\n","protected":false},"author":1,"featured_media":15083,"comment_status":"open","ping_status":"open","sticky":false,"template":"","format":"standard","meta":{"advanced_seo_description":"","jetpack_seo_html_title":"","jetpack_seo_noindex":false,"_jetpack_memberships_contains_paid_content":false,"footnotes":""},"categories":[102,97,98,111],"tags":[],"class_list":["post-15082","post","type-post","status-publish","format-standard","has-post-thumbnail","hentry","category-economia","category-imperialismo-y-neoliberalismo","category-politica","category-vivienda-y-desarrollo-urbano"],"jetpack_featured_media_url":"https:\/\/i0.wp.com\/moir.com.co\/web\/wp-content\/uploads\/2018\/05\/manizalesimpuestoterrazas.jpeg?fit=259%2C194&ssl=1","jetpack-related-posts":[{"id":5807,"url":"https:\/\/moir.com.co\/web\/quien-debe-asumir-el-nuevo-costo-del-alumbrado-publico\/","url_meta":{"origin":15082,"position":0},"title":"\u00bfQui\u00e9n debe asumir el nuevo costo del alumbrado p\u00fablico?*","author":"admin","date":"julio 28, 2011","format":false,"excerpt":"No vamos, en esta ponencia, a hacer un detallado recuento hist\u00f3rico del impuesto de alumbrado p\u00fablico, vamos tan s\u00f3lo a se\u00f1alar dos o tres aspectos que nos permitan explicar y comprender la posici\u00f3n que -desde las Ligas de Usuarios de los Servicios P\u00fablicos- hemos mantenido frente a este impuesto. Se\u00f1alemos,\u2026","rel":"","context":"En \u00abOscar Guti\u00e9rrez Reyes\u00bb","block_context":{"text":"Oscar Guti\u00e9rrez Reyes","link":"https:\/\/moir.com.co\/web\/category\/bitacoras\/oscar-gutierrez-reyes\/"},"img":{"alt_text":"","src":"","width":0,"height":0},"classes":[]},{"id":406,"url":"https:\/\/moir.com.co\/web\/no-al-cobro-del-nuevo-impuesto-llamado-tasa-retributiva\/","url_meta":{"origin":15082,"position":1},"title":"NO AL COBRO DEL NUEVO IMPUESTO LLAMADO &#8220;TASA RETRIBUTIVA&#8221;","author":"admin","date":"agosto 8, 2004","format":false,"excerpt":"Por decisi\u00f3n de Corpocaldas, a los propietarios de predios rurales de los municipios de Manizales, Villamar\u00eda, Neira, Palestina y Chinchin\u00e1, bien sean peque\u00f1os, medianos o grandes, les est\u00e1n llegando las facturas de un nuevo impuesto: la tasa retributiva. M\u00e1s adelante les llegar\u00e1 tambi\u00e9n a los del resto del departamento. El\u2026","rel":"","context":"En \u00abPronunciamientos de Organizaciones Sociales\u00bb","block_context":{"text":"Pronunciamientos de Organizaciones Sociales","link":"https:\/\/moir.com.co\/web\/category\/pronunciamientos-de-organizaciones-sociales\/"},"img":{"alt_text":"","src":"","width":0,"height":0},"classes":[]},{"id":11718,"url":"https:\/\/moir.com.co\/web\/no-me-valoricen-la-casa-que-no-la-voy-a-vender\/","url_meta":{"origin":15082,"position":2},"title":"No me valoricen la casa que no la voy a vender","author":"admin","date":"febrero 16, 2017","format":false,"excerpt":"Dar\u00edo Arenas Villegas, La Patria, Manizales, febrero 16 de 20017 Mucho malestar ha causado en Manizales el cobro de valorizaci\u00f3n por las obras que se realizar\u00e1n en dos sectores de la Avenida Kevin \u00c1ngel. M\u00e1s de 15.000 due\u00f1os de predios en 15 barrios de la ciudad tendr\u00e1n que pagar 21.000\u2026","rel":"","context":"En \u00abEconom\u00eda\u00bb","block_context":{"text":"Econom\u00eda","link":"https:\/\/moir.com.co\/web\/category\/temas\/economia\/"},"img":{"alt_text":"","src":"","width":0,"height":0},"classes":[]},{"id":605,"url":"https:\/\/moir.com.co\/web\/a-proposito-de-gallinazos-ii\/","url_meta":{"origin":15082,"position":3},"title":"A PROP\u00d3SITO DE GALLINAZOS (II)","author":"admin","date":"agosto 11, 2004","format":false,"excerpt":"Publicado en La Patria, \u201cContra la corriente\u201d, Manizales, 12 de abril 1996 A los muchos problemas que sufren las mayor\u00edas laboriosas, originados en las quiebras o en las bajas rentabilidades de las empresas y en el aumento del desempleo y las mermas salariales, hay que sumarles los notables incrementos de\u2026","rel":"","context":"En \u00abServicios p\u00fablicos\u00bb","block_context":{"text":"Servicios p\u00fablicos","link":"https:\/\/moir.com.co\/web\/category\/temas\/servicios-publicos-articulos-de-actualidad\/"},"img":{"alt_text":"","src":"","width":0,"height":0},"classes":[]},{"id":1666,"url":"https:\/\/moir.com.co\/web\/otra-privatizacion-el-caso-de-las-parabolicas-de-manizales\/","url_meta":{"origin":15082,"position":4},"title":"OTRA PRIVATIZACI\u00d3N: EL CASO DE LAS PARAB\u00d3LICAS DE MANIZALES","author":"admin","date":"agosto 12, 2004","format":false,"excerpt":"Empresas P\u00fablicas de Medell\u00edn decidi\u00f3 convertir en un excelente negocio lo que hasta ese momento era m\u00e1s un servicio del que disfrutaban los manizale\u00f1os de todos los sectores, incluidos los de zonas enteras en los barrios populares Hasta hace unos a\u00f1os, en Manizales entraban dos canales de televisi\u00f3n. Despu\u00e9s, algunos\u2026","rel":"","context":"En \u00abEL USUARIO N\u00ba4 DICIEMBRE DE 2000\u00bb","block_context":{"text":"EL USUARIO N\u00ba4 DICIEMBRE DE 2000","link":"https:\/\/moir.com.co\/web\/category\/temas\/servicios-publicos-articulos-de-actualidad\/el-usuario\/el-usuario-no4-diciembre-de-2000\/"},"img":{"alt_text":"","src":"","width":0,"height":0},"classes":[]},{"id":1739,"url":"https:\/\/moir.com.co\/web\/se-comeran-la-gallina-de-los-huevos-de-oro\/","url_meta":{"origin":15082,"position":5},"title":"\u00bfSE COMER\u00c1N LA GALLINA DE LOS HUEVOS DE ORO?","author":"admin","date":"febrero 8, 2005","format":false,"excerpt":"Jorge Enrique Robledo Castillo El Concejo Municipal autoriz\u00f3 al Alcalde de Manizales para privatizar lo que quedaba de las Empresas P\u00fablicas. Para tal efecto, se crearon dos nuevas compa\u00f1\u00edas de capital mixto: Aguas de Manizales, encargada del acueducto y el alcantarillado, y Emtelsa, responsable de la telefon\u00eda. El plan consiste\u2026","rel":"","context":"En \u00abJorge Enrique Robledo\u00bb","block_context":{"text":"Jorge Enrique Robledo","link":"https:\/\/moir.com.co\/web\/category\/jorge-enrique-robledo\/"},"img":{"alt_text":"","src":"","width":0,"height":0},"classes":[]}],"jetpack_sharing_enabled":true,"_links":{"self":[{"href":"https:\/\/moir.com.co\/web\/wp-json\/wp\/v2\/posts\/15082","targetHints":{"allow":["GET"]}}],"collection":[{"href":"https:\/\/moir.com.co\/web\/wp-json\/wp\/v2\/posts"}],"about":[{"href":"https:\/\/moir.com.co\/web\/wp-json\/wp\/v2\/types\/post"}],"author":[{"embeddable":true,"href":"https:\/\/moir.com.co\/web\/wp-json\/wp\/v2\/users\/1"}],"replies":[{"embeddable":true,"href":"https:\/\/moir.com.co\/web\/wp-json\/wp\/v2\/comments?post=15082"}],"version-history":[{"count":1,"href":"https:\/\/moir.com.co\/web\/wp-json\/wp\/v2\/posts\/15082\/revisions"}],"predecessor-version":[{"id":15084,"href":"https:\/\/moir.com.co\/web\/wp-json\/wp\/v2\/posts\/15082\/revisions\/15084"}],"wp:featuredmedia":[{"embeddable":true,"href":"https:\/\/moir.com.co\/web\/wp-json\/wp\/v2\/media\/15083"}],"wp:attachment":[{"href":"https:\/\/moir.com.co\/web\/wp-json\/wp\/v2\/media?parent=15082"}],"wp:term":[{"taxonomy":"category","embeddable":true,"href":"https:\/\/moir.com.co\/web\/wp-json\/wp\/v2\/categories?post=15082"},{"taxonomy":"post_tag","embeddable":true,"href":"https:\/\/moir.com.co\/web\/wp-json\/wp\/v2\/tags?post=15082"}],"curies":[{"name":"wp","href":"https:\/\/api.w.org\/{rel}","templated":true}]}}