{"id":15052,"date":"2018-05-07T17:49:36","date_gmt":"2018-05-07T17:49:36","guid":{"rendered":"https:\/\/moir.org.co\/web\/?p=15052"},"modified":"2018-05-07T17:49:36","modified_gmt":"2018-05-07T17:49:36","slug":"la-mansion-por-carcel","status":"publish","type":"post","link":"https:\/\/moir.com.co\/web\/la-mansion-por-carcel\/","title":{"rendered":"La mansi\u00f3n por c\u00e1rcel"},"content":{"rendered":"<p><strong>Jos\u00e9 Arlex Arias, Cartagena, mayo 7 de 2018<\/strong><\/p>\n<p>Es cierto que la impartici\u00f3n de la justicia debe ser objetiva y sobre todo ecu\u00e1nime en su aplicaci\u00f3n a todos los sujetos; sin embargo en Colombia esa ecuanimidad y la igualdad ante la justicia est\u00e1n en veremos. Bien lo describe el adagio popular: &#8220;La justicia es para los de ruana&#8221;, dibujando el panorama de lo que est\u00e1 pasando en Colombia, en la que &#8220;las grandes personalidades&#8221; gozan de impunidad mientras se blande una espada de Damocles implacable, terror\u00edfica, contra todos aquellos que no tienen posibilidades de acceder a una buena defensa. El resultado de esta situaci\u00f3n es tener una inmensa cantidad de inocentes que se pudren en las c\u00e1rceles, mientras un buen n\u00famero de delincuentes aprovecha esa impunidad, gozando en libertad por los delitos cometidos, muchos de ellos disfrutando de grandes fortunas ilegalmente obtenidas, en una muestra impresionante de la inoperatividad de la justicia colombiana. Este es un grave problema que deben asumir con responsabilidad los candidatos presidenciales y el electo Congreso de la Rep\u00fablica.<\/p>\n<p>&nbsp;<\/p>\n<p>Una de las figuras jur\u00eddicas que se inventaron para &#8220;humanizar la justicia&#8221; es <strong><em>e<\/em><\/strong><strong><em>l\u00a0arresto domiciliario\u00a0o\u00a0casa por c\u00e1rcel<\/em><\/strong><em>, <\/em>una\u00a0<a href=\"https:\/\/es.wikipedia.org\/wiki\/Pena\">pena<\/a>\u00a0accesoria de otras o como principal, que figura en la mayor\u00eda de los\u00a0<a href=\"https:\/\/es.wikipedia.org\/wiki\/C%C3%B3digo_penal\">c\u00f3digos penales<\/a>\u00a0del mundo. Se invent\u00f3 para utilizar en casos excepcionales en supuestos jur\u00eddicos de delitos menores, edad avanzada, personas exclusivamente a cargo o graves enfermedades. Pero se ha convertido en una especie de impunidad domiciliaria, en donde se encuentran felices desde grandes capos del narcotr\u00e1fico hasta zares de la corrupci\u00f3n, pol\u00edticos y desfalcadores del Estado y de la confianza p\u00fablica; &#8220;importantes personalidades&#8221; que despu\u00e9s de saquear el erario y el patrimonio de la Naci\u00f3n y de sus entes territoriales, en el peor de los casos los llevan a &#8220;pagar la pena&#8221; en Guarniciones Especiales, Casas Fiscales y dem\u00e1s sitios, convertidos en verdaderos lugares de latrocinio.<\/p>\n<p>&nbsp;<\/p>\n<p>La operatividad de una justicia ecu\u00e1nime y objetiva ha sido planteada por el candidato presidencial Sergio Fajardo, cuyo programa, que arranca haciendo frente a la corrupci\u00f3n, en el punto 11 plantea: &#8220;Justicia. En la materializaci\u00f3n de estos prop\u00f3sitos acordamos: Trabajar por una administraci\u00f3n de justicia pronta, efectiva, de calidad y gratuita&#8230; Desarrollaremos acciones orientadas a derribar las barreras geogr\u00e1ficas, econ\u00f3micas y culturales en el acceso&#8230; La justicia es un bien p\u00fablico prioritario que debemos financiar con todo el m\u00fasculo estatal si queremos garantizar m\u00e1s acceso, mejorar los tiempos de los procesos, contar con justicia en las zonas rurales, reducir la impunidad, avanzar en las pol\u00edticas de descongesti\u00f3n y mejorar las condiciones laborales de los trabajadores de la rama judicial\u2026 Los recursos ir\u00e1n de la mano de una correcta planeaci\u00f3n y ejecuci\u00f3n presupuestal, desde la autonom\u00eda del poder judicial&#8230; Acabar con el clientelismo judicial. Implementaremos rigurosamente la carrera judicial. Eliminaremos las funciones nominativas de las altas Cortes. La autonom\u00eda judicial se garantiza con procesos meritocr\u00e1ticos transparentes para elegir y nombrar a los jueces. Respaldaremos un Gobierno judicial independiente y aut\u00f3nomo\u2026&#8221;. Toca asumir esta discusi\u00f3n. \u00a1No m\u00e1s impunidad para los criminales de &#8220;cuello blanco&#8221;!<\/p>\n","protected":false},"excerpt":{"rendered":"<p>Jos\u00e9 Arlex Arias, Cartagena, mayo 7 de 2018 Es cierto que la impartici\u00f3n de la justicia debe ser objetiva y sobre todo ecu\u00e1nime en su aplicaci\u00f3n a todos los sujetos; sin embargo en Colombia esa ecuanimidad y la igualdad ante la justicia est\u00e1n en veremos. Bien lo describe el adagio popular: &#8220;La justicia es para [&hellip;]<\/p>\n","protected":false},"author":1,"featured_media":15053,"comment_status":"open","ping_status":"open","sticky":false,"template":"","format":"standard","meta":{"advanced_seo_description":"","jetpack_seo_html_title":"","jetpack_seo_noindex":false,"_jetpack_memberships_contains_paid_content":false,"footnotes":""},"categories":[97,98],"tags":[],"class_list":["post-15052","post","type-post","status-publish","format-standard","has-post-thumbnail","hentry","category-imperialismo-y-neoliberalismo","category-politica"],"jetpack_featured_media_url":"https:\/\/i0.wp.com\/moir.com.co\/web\/wp-content\/uploads\/2018\/05\/justiciacuelloblanco.jpeg?fit=259%2C194&ssl=1","jetpack-related-posts":[{"id":1973,"url":"https:\/\/moir.com.co\/web\/el-excarcelador\/","url_meta":{"origin":15052,"position":0},"title":"EL EXCARCELADOR","author":"admin","date":"mayo 29, 2007","format":false,"excerpt":"Daniel Coronell, Revista Semana, Bogot\u00e1, mayo 26 de 2007 La liberaci\u00f3n de un grupo de guerrilleros de las Farc es s\u00f3lo un pretexto. La propuesta de excarcelaci\u00f3n que est\u00e1 haciendo el gobierno busca \u00fanicamente favorecer a los para-pol\u00edticos y a sus jefes. Nada cambiar\u00e1 para los secuestrados en poder de\u2026","rel":"","context":"En \u00abRevista de Prensa\u00bb","block_context":{"text":"Revista de Prensa","link":"https:\/\/moir.com.co\/web\/category\/prensa\/revista-de-prensa\/"},"img":{"alt_text":"","src":"","width":0,"height":0},"classes":[]},{"id":6635,"url":"https:\/\/moir.com.co\/web\/planton-contra-la-reforma-a-la-justicia-en-cartagena\/","url_meta":{"origin":15052,"position":1},"title":"Plant\u00f3n contra la reforma a la justicia en Cartagena","author":"admin","date":"junio 25, 2012","format":false,"excerpt":"\u201cAl gobierno del presidente Santos se le cay\u00f3 la m\u00e1scara. Jam\u00e1s en la historia del pa\u00eds se vivi\u00f3 una situaci\u00f3n tan descarada frente a la impunidad de sus dirigentes y la privatizaci\u00f3n de un derecho fundamental, como es la Justicia\u201d, alert\u00f3 el concejal David M\u00fanera Cavad\u00eda. Al referirse a la\u2026","rel":"","context":"En \u00abPolo Democr\u00e1tico Alternativo\u00bb","block_context":{"text":"Polo Democr\u00e1tico Alternativo","link":"https:\/\/moir.com.co\/web\/category\/polo-democratico-alternativo\/"},"img":{"alt_text":"","src":"","width":0,"height":0},"classes":[]},{"id":20488,"url":"https:\/\/moir.com.co\/web\/mensaje-desde-la-carcel\/","url_meta":{"origin":15052,"position":2},"title":"MENSAJE DESDE LA C\u00c1RCEL","author":"admin","date":"enero 23, 2005","format":false,"excerpt":"Los siguientes son extractos del mensaje enviado por Consuelo de Montejo desde la c\u00e1rcel de El Buen Pastor, al acto en que fue proclamado su nombre para las listas del FUP al Concejo de Bogot\u00e1: \u201cEl tiempo de c\u00e1rcel que estoy pagando, no lo he tomado como una condena a\u2026","rel":"","context":"En \u00abTribuna Roja N\u00b0 35, Bogot\u00e1; enero de 1980\u00bb","block_context":{"text":"Tribuna Roja N\u00b0 35, Bogot\u00e1; enero de 1980","link":"https:\/\/moir.com.co\/web\/category\/tribuna-roja\/ediciones-1980-1984\/tribuna-roja-n-35-bogota-enero-de-1980\/"},"img":{"alt_text":"","src":"","width":0,"height":0},"classes":[]},{"id":12880,"url":"https:\/\/moir.com.co\/web\/no-ceder-ante-el-matoneo-del-fiscal\/","url_meta":{"origin":15052,"position":3},"title":"No ceder ante el matoneo del Fiscal","author":"admin","date":"julio 14, 2017","format":false,"excerpt":"Jorge Enrique Robledo, Bogot\u00e1, julio 14 de 2017 El martes ir\u00e9 a la Corte Suprema de Justicia a decir que no tengo nada que conciliar con el Fiscal N\u00e9stor Humberto Mart\u00ednez, quien debe retractarse de su acusaci\u00f3n embaucadora e ilegal. Primero, porque he probado mis acusaciones en su contra, incluidos\u2026","rel":"","context":"En \u00abImperialismo y Neoliberalismo\u00bb","block_context":{"text":"Imperialismo y Neoliberalismo","link":"https:\/\/moir.com.co\/web\/category\/temas\/imperialismo-y-neoliberalismo\/"},"img":{"alt_text":"","src":"https:\/\/i0.wp.com\/moir.com.co\/web\/wp-content\/uploads\/2017\/07\/robledoplenaria.jpg?fit=600%2C366&ssl=1&resize=350%2C200","width":350,"height":200,"srcset":"https:\/\/i0.wp.com\/moir.com.co\/web\/wp-content\/uploads\/2017\/07\/robledoplenaria.jpg?fit=600%2C366&ssl=1&resize=350%2C200 1x, https:\/\/i0.wp.com\/moir.com.co\/web\/wp-content\/uploads\/2017\/07\/robledoplenaria.jpg?fit=600%2C366&ssl=1&resize=525%2C300 1.5x"},"classes":[]},{"id":9240,"url":"https:\/\/moir.com.co\/web\/el-polo-rechaza-la-justicia-politica-y-exige-justicia-en-derecho\/","url_meta":{"origin":15052,"position":4},"title":"El Polo rechaza la justicia pol\u00edtica y exige justicia en derecho","author":"admin","date":"marzo 25, 2015","format":false,"excerpt":"Reforma de poderes de Santos les extiende la justicia pol\u00edtica a m\u00e1s funcionarios. La justicia pol\u00edtica es la negaci\u00f3n de la justicia en derecho. Salvo el Presidente, todos los ciudadanos deben someterse a la justicia en derecho. La bancada del Polo rechaza las propuestas del presidente Santos, la anterior y\u2026","rel":"","context":"En \u00abJorge Enrique Robledo\u00bb","block_context":{"text":"Jorge Enrique Robledo","link":"https:\/\/moir.com.co\/web\/category\/jorge-enrique-robledo\/"},"img":{"alt_text":"","src":"","width":0,"height":0},"classes":[]},{"id":14925,"url":"https:\/\/moir.com.co\/web\/la-impunidad-de-la-inmunidad\/","url_meta":{"origin":15052,"position":5},"title":"La impunidad de la inmunidad","author":"admin","date":"abril 17, 2018","format":false,"excerpt":"Jos\u00e9 Arlex Arias, Cartagena, abril 16 de 2018 El siete de este mes se entreg\u00f3 ante las autoridades Luiz In\u00e1cio Lula da Silva, el presidente m\u00e1s popular de Brasil, para cumplir una condena de m\u00e1s de doce a\u00f1os de c\u00e1rcel por corrupci\u00f3n. Por esta causa han sido procesados o condenados\u2026","rel":"","context":"En \u00abEconom\u00eda\u00bb","block_context":{"text":"Econom\u00eda","link":"https:\/\/moir.com.co\/web\/category\/temas\/economia\/"},"img":{"alt_text":"","src":"","width":0,"height":0},"classes":[]}],"jetpack_sharing_enabled":true,"_links":{"self":[{"href":"https:\/\/moir.com.co\/web\/wp-json\/wp\/v2\/posts\/15052","targetHints":{"allow":["GET"]}}],"collection":[{"href":"https:\/\/moir.com.co\/web\/wp-json\/wp\/v2\/posts"}],"about":[{"href":"https:\/\/moir.com.co\/web\/wp-json\/wp\/v2\/types\/post"}],"author":[{"embeddable":true,"href":"https:\/\/moir.com.co\/web\/wp-json\/wp\/v2\/users\/1"}],"replies":[{"embeddable":true,"href":"https:\/\/moir.com.co\/web\/wp-json\/wp\/v2\/comments?post=15052"}],"version-history":[{"count":1,"href":"https:\/\/moir.com.co\/web\/wp-json\/wp\/v2\/posts\/15052\/revisions"}],"predecessor-version":[{"id":15054,"href":"https:\/\/moir.com.co\/web\/wp-json\/wp\/v2\/posts\/15052\/revisions\/15054"}],"wp:featuredmedia":[{"embeddable":true,"href":"https:\/\/moir.com.co\/web\/wp-json\/wp\/v2\/media\/15053"}],"wp:attachment":[{"href":"https:\/\/moir.com.co\/web\/wp-json\/wp\/v2\/media?parent=15052"}],"wp:term":[{"taxonomy":"category","embeddable":true,"href":"https:\/\/moir.com.co\/web\/wp-json\/wp\/v2\/categories?post=15052"},{"taxonomy":"post_tag","embeddable":true,"href":"https:\/\/moir.com.co\/web\/wp-json\/wp\/v2\/tags?post=15052"}],"curies":[{"name":"wp","href":"https:\/\/api.w.org\/{rel}","templated":true}]}}