{"id":15043,"date":"2018-05-05T17:15:26","date_gmt":"2018-05-05T17:15:26","guid":{"rendered":"https:\/\/moir.org.co\/web\/?p=15043"},"modified":"2018-05-05T17:15:26","modified_gmt":"2018-05-05T17:15:26","slug":"precio-justo-para-los-cafeteros-colombianos-senador-robledo","status":"publish","type":"post","link":"https:\/\/moir.com.co\/web\/precio-justo-para-los-cafeteros-colombianos-senador-robledo\/","title":{"rendered":"Precio justo para los cafeteros colombianos: Senador Robledo"},"content":{"rendered":"<p><strong>Oficina de prensa del senador Jorge Enrique Robledo, Bogot\u00e1, mayo 4 de 2018<\/strong><\/p>\n<p><em>M\u00e1s de medio mill\u00f3n de familias en crisis, el precio no cubre los costos, medidas urgentes solicitan los cafeteros<\/em><\/p>\n<p>\u201cLe hago un llamado al gobierno Santos y a sus ministros a la sensatez y a actuar con sentido com\u00fan. Lo que est\u00e1n planteando los cafeteros son peticiones razonables que tienen que ver con la vida de medio mill\u00f3n de familias,\u201d se\u00f1al\u00f3 el senador Jorge Enrique Robledo al resaltar c\u00f3mo l\u00edderes cafeteros de doce departamentos est\u00e1n realizando un plant\u00f3n frente a la sede del Ministerio de Agricultura en Bogot\u00e1.<\/p>\n<div class=\"SandboxRoot env-bp-350\" data-twitter-event-id=\"0\">\n<div id=\"twitter-widget-0\" class=\"EmbeddedTweet EmbeddedTweet--edge EmbeddedTweet--mediaForward media-forward js-clickToOpenTarget js-tweetIdInfo tweet-InformationCircle-widgetParent\" lang=\"es\" data-click-to-open-target=\"https:\/\/twitter.com\/JERobledo\/status\/992445530201640961\" data-iframe-title=\"Tweet de Twitter\" data-dt-full=\"%{hours24}:%{minutes} - %{day} %{month} %{year}\" data-dt-explicit-timestamp=\"11:47 - 4 may. 2018\" data-dt-months=\"ene|feb|mar|abr|Mayo|jun|jul|ago|sep|oct|nov|dic\" data-dt-am=\"AM\" data-dt-pm=\"PM\" data-dt-now=\"ahora\" data-dt-s=\"s\" data-dt-m=\"m\" data-dt-h=\"h\" data-dt-second=\"segundo\" data-dt-seconds=\"segundos\" data-dt-minute=\"minuto\" data-dt-minutes=\"minutos\" data-dt-hour=\"hora\" data-dt-hours=\"horas\" data-dt-abbr=\"%{number}%{symbol}\" data-dt-short=\"%{day} %{month}\" data-dt-long=\"%{day} %{month} %{year}\" data-scribe=\"page:tweet\" data-tweet-id=\"992445530201640961\" data-twitter-event-id=\"2\">\n<article class=\"MediaCard\n           MediaCard--mediaForward\n\n           cards-multimedia\n           customisable-border\" dir=\"ltr\" data-scribe=\"component:card\"><\/p>\n<div class=\"MediaCard-media\">\n<div class=\"MediaCard-widthConstraint js-cspForcedStyle\" data-style=\"max-width: 2000px\">\n<div class=\"MediaCard-mediaContainer js-cspForcedStyle\" data-style=\"padding-bottom: 56.2500%\">\n<div class=\"NaturalImage-ctaOverlay PlayButton PlayButton--centered\" data-scribe=\"element:play_button\"><\/div>\n<p><a class=\"MediaCard-mediaAsset MediaCard-mediaPlaceholder NaturalImage NaturalImage--fill js-playableMediaInterstitial\" href=\"https:\/\/twitter.com\/JERobledo\/status\/992445530201640961\"><img decoding=\"async\" class=\"NaturalImage-image\" src=\"https:\/\/pbs.twimg.com\/ext_tw_video_thumb\/992445280003022848\/pu\/img\/WwINSaGgeVawsa8A?format=jpg&amp;name=medium\" alt=\"\" data-image=\"https:\/\/pbs.twimg.com\/ext_tw_video_thumb\/992445280003022848\/pu\/img\/WwINSaGgeVawsa8A\" data-scribe=\"element:poster_image\" \/><\/a><\/div>\n<\/div>\n<\/div>\n<\/article>\n<div class=\"EmbeddedTweet-tweet\">\n<blockquote class=\"Tweet h-entry js-tweetIdInfo subject expanded\" cite=\"https:\/\/twitter.com\/JERobledo\/status\/992445530201640961\" data-tweet-id=\"992445530201640961\" data-scribe=\"section:subject\">\n<div class=\"Tweet-header\"><a class=\"TweetAuthor-avatar Identity-avatar u-linkBlend\" href=\"https:\/\/twitter.com\/JERobledo\" data-scribe=\"element:user_link\" aria-label=\"Jorge Robledo (nombre de pantalla: JERobledo)\"><img data-recalc-dims=\"1\" decoding=\"async\" class=\"Avatar Avatar--edge\" src=\"https:\/\/i0.wp.com\/pbs.twimg.com\/profile_images\/981227456643457024\/X5VYI8hv_bigger.jpg?w=800&#038;ssl=1\" alt=\"\" data-scribe=\"element:avatar\" data-src-2x=\"https:\/\/pbs.twimg.com\/profile_images\/981227456643457024\/X5VYI8hv_bigger.jpg\" data-src-1x=\"https:\/\/pbs.twimg.com\/profile_images\/981227456643457024\/X5VYI8hv_normal.jpg\" \/><\/a><\/p>\n<div class=\"TweetAuthor js-inViewportScribingTarget\" data-scribe=\"component:author\">\n<div class=\"TweetAuthor-nameScreenNameContainer\"><span class=\"TweetAuthor-decoratedName\"><span class=\"TweetAuthor-name Identity-name customisable-highlight\" title=\"Jorge Robledo\" data-scribe=\"element:name\">Jorge Robledo<\/span><\/span><\/p>\n<div class=\"Icon Icon--verified \" title=\"Cuenta verificada\" role=\"img\" aria-label=\"Cuenta verificada\"><\/div>\n<p><span class=\"TweetAuthor-decoratedName\"><span class=\"TweetAuthor-verifiedBadge\" data-scribe=\"element:verified_badge\"><b class=\"u-hiddenVisually\">\u2714<\/b><\/span><\/span><span class=\"TweetAuthor-screenName Identity-screenName\" dir=\"ltr\" title=\"@JERobledo\" data-scribe=\"element:screen_name\">@JERobledo<\/span><\/div>\n<\/div>\n<div class=\"Tweet-brand\"><\/div>\n<\/div>\n<div class=\"Tweet-body e-entry-content\" data-scribe=\"component:tweet\">\n<div class=\"u-hiddenVisually js-inViewportScribingTarget\"><\/div>\n<p class=\"Tweet-text e-entry-title\" dir=\"ltr\" lang=\"es\">Mis saludos solidarios a los cafeteros de 12 departamentos que en este momento est\u00e1n en plant\u00f3n en el ministerio de Agricultura en Bogot\u00e1, reclamando atenci\u00f3n a sus graves problemas.<\/p>\n<div class=\"Tweet-metadata dateline\"><a class=\"u-linkBlend u-url customisable-highlight long-permalink\" href=\"https:\/\/twitter.com\/JERobledo\/status\/992445530201640961\" data-datetime=\"2018-05-04T16:47:07+0000\" data-scribe=\"element:full_timestamp\"><time class=\"dt-updated\" title=\"Publicado a las: 04 de mayo de 2018 16:47:07 (UTC)\" datetime=\"2018-05-04T16:47:07+0000\">11:47 &#8211; 4 may. 2018<\/time><\/a><\/div>\n<ul class=\"Tweet-actions Tweet-action--newsActions\" role=\"menu\" data-scribe=\"component:actions\" aria-label=\"Acciones del Tweet\">\n<li class=\"Tweet-action Tweet-action--newsAction\">\n<div class=\"Icon Icon--heartEdge TweetAction-icon\" role=\"img\" data-scribe=\"element:heart\"><\/div>\n<p><a class=\"Tweet-action--heart TweetAction TweetAction--heartEdge\" title=\"Me gusta\" href=\"https:\/\/twitter.com\/intent\/like?tweet_id=992445530201640961\" data-scribe=\"component:actions\"><span class=\"TweetAction-stat\" data-scribe=\"element:heart_count\">147<\/span><\/a><\/li>\n<li class=\"Tweet-action Tweet-action--newsAction\">\n<div class=\"Icon Icon--replyEdge TweetAction-icon\" role=\"img\" data-scribe=\"element:conversation_icon\"><\/div>\n<p><a class=\"Tweet-action--replyEdge TweetAction TweetAction--replyEdge\" title=\"Ver la conversaci\u00f3n en Twitter\" href=\"https:\/\/twitter.com\/JERobledo\/status\/992445530201640961\" data-scribe=\"component:news\"><span class=\"TweetAction-stat\" data-scribe=\"element:conversation_text\">74 personas est\u00e1n hablando de esto<\/span><\/a><\/li>\n<\/ul>\n<\/div>\n<\/blockquote>\n<\/div>\n<div class=\"tweet-InformationCircle--top tweet-InformationCircle--topEdge tweet-InformationCircle\" data-scribe=\"element:notice\"><a class=\"Icon Icon--informationCircleWhite js-inViewportScribingTarget\" title=\"Informaci\u00f3n y privacidad de Twitter Ads\" href=\"https:\/\/support.twitter.com\/articles\/20175256\"><span class=\"u-hiddenVisually\">Informaci\u00f3n y privacidad de Twitter Ads<\/span><\/a><\/div>\n<\/div>\n<div class=\"resize-sensor\"><\/div>\n<\/div>\n<p>Robledo expres\u00f3 su solidaridad con los cafeteros del pa\u00eds y con organizaciones como Dignidad Cafetera y Dignidad Agropecuaria Nacional, quienes se est\u00e1n movilizando para exigirle al gobierno nacional que inmediatamente disponga las medidas para resolver la crisis de rentabilidad que por los bajos precios tiene en la quiebra o en camino a ella a las m\u00e1s de medio mill\u00f3n de familias productoras del pa\u00eds. Adem\u00e1s que ante la ca\u00edda de los niveles de renovaci\u00f3n de cafetales, se dispongan los recursos p\u00fablicos para evitar lo sucedido durante la primera d\u00e9cada del presente siglo, cuando la renovaci\u00f3n lleg\u00f3 a estar en niveles cercanos al 5 por ciento \u2013no debe ubicarse por debajo del 20 por ciento\u2013, y como consecuencia llev\u00f3 la producci\u00f3n anual, entre 2009 y 2012, cay\u00f3 por debajo de los nueve millones de sacos, un resultado no visto desde 1976.<\/p>\n<div class=\"SandboxRoot env-bp-350\" data-twitter-event-id=\"1\">\n<div id=\"twitter-widget-1\" class=\"EmbeddedTweet EmbeddedTweet--edge EmbeddedTweet--mediaForward media-forward js-clickToOpenTarget js-tweetIdInfo tweet-InformationCircle-widgetParent\" lang=\"es\" data-click-to-open-target=\"https:\/\/twitter.com\/OGutierrez101\/status\/992424415831953408\" data-iframe-title=\"Tweet de Twitter\" data-dt-full=\"%{hours24}:%{minutes} - %{day} %{month} %{year}\" data-dt-explicit-timestamp=\"10:23 - 4 may. 2018\" data-dt-months=\"ene|feb|mar|abr|Mayo|jun|jul|ago|sep|oct|nov|dic\" data-dt-am=\"AM\" data-dt-pm=\"PM\" data-dt-now=\"ahora\" data-dt-s=\"s\" data-dt-m=\"m\" data-dt-h=\"h\" data-dt-second=\"segundo\" data-dt-seconds=\"segundos\" data-dt-minute=\"minuto\" data-dt-minutes=\"minutos\" data-dt-hour=\"hora\" data-dt-hours=\"horas\" data-dt-abbr=\"%{number}%{symbol}\" data-dt-short=\"%{day} %{month}\" data-dt-long=\"%{day} %{month} %{year}\" data-scribe=\"page:tweet\" data-tweet-id=\"992424415831953408\" data-twitter-event-id=\"3\">\n<article class=\"MediaCard\n           MediaCard--mediaForward\n\n           cards-multimedia\n           customisable-border\" dir=\"ltr\" data-scribe=\"component:card\"><\/p>\n<div class=\"MediaCard-media\">\n<div class=\"MediaCard-widthConstraint js-cspForcedStyle\" data-style=\"max-width: 2000px\">\n<div class=\"MediaCard-mediaContainer js-cspForcedStyle\" data-style=\"padding-bottom: 55.0000%\">\n<div class=\"NaturalImage-ctaOverlay PlayButton PlayButton--centered\" data-scribe=\"element:play_button\"><\/div>\n<p><a class=\"MediaCard-mediaAsset MediaCard-mediaPlaceholder NaturalImage NaturalImage--fill js-playableMediaInterstitial\" href=\"https:\/\/twitter.com\/OGutierrez101\/status\/992424415831953408\"><img decoding=\"async\" class=\"NaturalImage-image\" src=\"https:\/\/pbs.twimg.com\/ext_tw_video_thumb\/992424063288135680\/pu\/img\/dLQYL7x4M1-PtNIW?format=jpg&amp;name=medium\" alt=\"\" data-image=\"https:\/\/pbs.twimg.com\/ext_tw_video_thumb\/992424063288135680\/pu\/img\/dLQYL7x4M1-PtNIW\" data-scribe=\"element:poster_image\" \/><\/a><\/div>\n<\/div>\n<\/div>\n<\/article>\n<div class=\"EmbeddedTweet-tweet\">\n<blockquote class=\"Tweet h-entry js-tweetIdInfo subject expanded\" cite=\"https:\/\/twitter.com\/OGutierrez101\/status\/992424415831953408\" data-tweet-id=\"992424415831953408\" data-scribe=\"section:subject\">\n<div class=\"Tweet-header\"><a class=\"TweetAuthor-avatar Identity-avatar u-linkBlend\" href=\"https:\/\/twitter.com\/OGutierrez101\" data-scribe=\"element:user_link\" aria-label=\"Oscar Guti\u00e9rrez R (nombre de pantalla: OGutierrez101)\"><img data-recalc-dims=\"1\" decoding=\"async\" class=\"Avatar Avatar--edge\" src=\"https:\/\/i0.wp.com\/pbs.twimg.com\/profile_images\/378800000787283333\/3b28fb861a8c1a632d7072a661c6f077_bigger.jpeg?w=800&#038;ssl=1\" alt=\"\" data-scribe=\"element:avatar\" data-src-2x=\"https:\/\/pbs.twimg.com\/profile_images\/378800000787283333\/3b28fb861a8c1a632d7072a661c6f077_bigger.jpeg\" data-src-1x=\"https:\/\/pbs.twimg.com\/profile_images\/378800000787283333\/3b28fb861a8c1a632d7072a661c6f077_normal.jpeg\" \/><\/a><\/p>\n<div class=\"TweetAuthor js-inViewportScribingTarget\" data-scribe=\"component:author\">\n<div class=\"TweetAuthor-nameScreenNameContainer\"><span class=\"TweetAuthor-decoratedName\"><span class=\"TweetAuthor-name Identity-name customisable-highlight\" title=\"Oscar Guti\u00e9rrez R\" data-scribe=\"element:name\">Oscar Guti\u00e9rrez R<\/span><\/span><span class=\"TweetAuthor-screenName Identity-screenName\" dir=\"ltr\" title=\"@OGutierrez101\" data-scribe=\"element:screen_name\">@OGutierrez101<\/span><\/div>\n<\/div>\n<div class=\"Tweet-brand\"><\/div>\n<\/div>\n<div class=\"Tweet-body e-entry-content\" data-scribe=\"component:tweet\">\n<div class=\"u-hiddenVisually js-inViewportScribingTarget\"><\/div>\n<p class=\"Tweet-text e-entry-title\" dir=\"ltr\" lang=\"es\"><a class=\"PrettyLink hashtag customisable\" dir=\"ltr\" href=\"https:\/\/twitter.com\/hashtag\/RespaldoACafeteros?src=hash\" rel=\"tag\" data-query-source=\"hashtag_click\" data-scribe=\"element:hashtag\"><span class=\"PrettyLink-prefix\">#<\/span><span class=\"PrettyLink-value\">RespaldoACafeteros<\/span><\/a> Plant\u00f3n Cafeteros Colombia en Bogot\u00e1. Exigen soluci\u00f3n a sus problemas a este y al gobierno que viene. <a class=\"PrettyLink profile customisable h-card\" dir=\"ltr\" href=\"https:\/\/twitter.com\/JERobledo\" data-mentioned-user-id=\"268322810\" data-scribe=\"element:mention\"><span class=\"PrettyLink-prefix\">@<\/span><span class=\"PrettyLink-value\">JERobledo<\/span><\/a> <a class=\"PrettyLink profile customisable h-card\" dir=\"ltr\" href=\"https:\/\/twitter.com\/sergio_fajardo\" data-mentioned-user-id=\"25185308\" data-scribe=\"element:mention\"><span class=\"PrettyLink-prefix\">@<\/span><span class=\"PrettyLink-value\">sergio_fajardo<\/span><\/a> <a class=\"PrettyLink profile customisable h-card\" dir=\"ltr\" href=\"https:\/\/twitter.com\/ClaudiaLopez\" data-mentioned-user-id=\"137908875\" data-scribe=\"element:mention\"><span class=\"PrettyLink-prefix\">@<\/span><span class=\"PrettyLink-value\">ClaudiaLopez<\/span><\/a> <a class=\"PrettyLink profile customisable h-card\" dir=\"ltr\" href=\"https:\/\/twitter.com\/FedeCafeteros\" data-mentioned-user-id=\"1183874792\" data-scribe=\"element:mention\"><span class=\"PrettyLink-prefix\">@<\/span><span class=\"PrettyLink-value\">FedeCafeteros<\/span><\/a> <a class=\"PrettyLink profile customisable h-card\" dir=\"ltr\" href=\"https:\/\/twitter.com\/Dignidad_Agro\" data-mentioned-user-id=\"2492111593\" data-scribe=\"element:mention\"><span class=\"PrettyLink-prefix\">@<\/span><span class=\"PrettyLink-value\">Dignidad_Agro<\/span><\/a> <a class=\"PrettyLink profile customisable h-card\" dir=\"ltr\" href=\"https:\/\/twitter.com\/DignidadCafe\" data-mentioned-user-id=\"2375401974\" data-scribe=\"element:mention\"><span class=\"PrettyLink-prefix\">@<\/span><span class=\"PrettyLink-value\">DignidadCafe<\/span><\/a> <a class=\"PrettyLink profile customisable h-card\" dir=\"ltr\" href=\"https:\/\/twitter.com\/MinAgricultura\" data-mentioned-user-id=\"345214995\" data-scribe=\"element:mention\"><span class=\"PrettyLink-prefix\">@<\/span><span class=\"PrettyLink-value\">MinAgricultura<\/span><\/a> <a class=\"PrettyLink profile customisable h-card\" dir=\"ltr\" href=\"https:\/\/twitter.com\/GermanVargasL\" data-mentioned-user-id=\"966796117781381120\" data-scribe=\"element:mention\"><span class=\"PrettyLink-prefix\">@<\/span><span class=\"PrettyLink-value\">GermanVargasL<\/span><\/a> <a class=\"PrettyLink profile customisable h-card\" dir=\"ltr\" href=\"https:\/\/twitter.com\/IvanDuque\" data-mentioned-user-id=\"77653794\" data-scribe=\"element:mention\"><span class=\"PrettyLink-prefix\">@<\/span><span class=\"PrettyLink-value\">IvanDuque<\/span><\/a> <a class=\"PrettyLink profile customisable h-card\" dir=\"ltr\" href=\"https:\/\/twitter.com\/petrogustavo\" data-mentioned-user-id=\"49849732\" data-scribe=\"element:mention\"><span class=\"PrettyLink-prefix\">@<\/span><span class=\"PrettyLink-value\">petrogustavo<\/span><\/a> <a class=\"PrettyLink profile customisable h-card\" dir=\"ltr\" href=\"https:\/\/twitter.com\/PoloDemocratico\" data-mentioned-user-id=\"48087492\" data-scribe=\"element:mention\"><span class=\"PrettyLink-prefix\">@<\/span><span class=\"PrettyLink-value\">PoloDemocratico<\/span><\/a><\/p>\n<div class=\"Tweet-metadata dateline\"><a class=\"u-linkBlend u-url customisable-highlight long-permalink\" href=\"https:\/\/twitter.com\/OGutierrez101\/status\/992424415831953408\" data-datetime=\"2018-05-04T15:23:13+0000\" data-scribe=\"element:full_timestamp\"><time class=\"dt-updated\" title=\"Publicado a las: 04 de mayo de 2018 15:23:13 (UTC)\" datetime=\"2018-05-04T15:23:13+0000\">10:23 &#8211; 4 may. 2018<\/time><\/a><\/div>\n<ul class=\"Tweet-actions Tweet-action--newsActions\" role=\"menu\" data-scribe=\"component:actions\" aria-label=\"Acciones del Tweet\">\n<li class=\"Tweet-action Tweet-action--newsAction\">\n<div class=\"Icon Icon--heartEdge TweetAction-icon\" role=\"img\" data-scribe=\"element:heart\"><\/div>\n<p><a class=\"Tweet-action--heart TweetAction TweetAction--heartEdge\" title=\"Me gusta\" href=\"https:\/\/twitter.com\/intent\/like?tweet_id=992424415831953408\" data-scribe=\"component:actions\"><span class=\"TweetAction-stat\" data-scribe=\"element:heart_count\">100<\/span><\/a><\/li>\n<li class=\"Tweet-action Tweet-action--newsAction\">\n<div class=\"Icon Icon--replyEdge TweetAction-icon\" role=\"img\" data-scribe=\"element:conversation_icon\"><\/div>\n<p><a class=\"Tweet-action--replyEdge TweetAction TweetAction--replyEdge\" title=\"Ver la conversaci\u00f3n en Twitter\" href=\"https:\/\/twitter.com\/OGutierrez101\/status\/992424415831953408\" data-scribe=\"component:news\"><span class=\"TweetAction-stat\" data-scribe=\"element:conversation_text\">82 personas est\u00e1n hablando de esto<\/span><\/a><\/li>\n<\/ul>\n<\/div>\n<\/blockquote>\n<\/div>\n<div class=\"tweet-InformationCircle--top tweet-InformationCircle--topEdge tweet-InformationCircle\" data-scribe=\"element:notice\"><a class=\"Icon Icon--informationCircleWhite js-inViewportScribingTarget\" title=\"Informaci\u00f3n y privacidad de Twitter Ads\" href=\"https:\/\/support.twitter.com\/articles\/20175256\"><span class=\"u-hiddenVisually\">Informaci\u00f3n y privacidad de Twitter Ads<\/span><\/a><\/div>\n<\/div>\n<div class=\"resize-sensor\"><\/div>\n<\/div>\n<p>Los caficultores nacionales est\u00e1n recibiendo por carga de caf\u00e9 un precio que oscila, cuando se paga al tope, a menos de 750 mil pesos, el cual no cubre la totalidad de los costos de producci\u00f3n. Miles de productores deben recortar sus gastos b\u00e1sicos para poder subsistir y a disminuir pr\u00e1cticas sanitarias o de fertilizaci\u00f3n lo que los deja expuestos o a plagas o a menores productividades. Incluso muchos, presionados por las deudas que los agobian, est\u00e1n considerando el abandono de sus fincas. La revaluaci\u00f3n de este a\u00f1o sumada a la ca\u00edda del precio internacional, que de octubre de 2016 a hoy baj\u00f3 en 28 por ciento, son las causas principales de la crisis de ingresos del primer rengl\u00f3n agr\u00edcola del pa\u00eds.<\/p>\n<div class=\"iframely-embed\">\n<div class=\"iframely-responsive\"><iframe src=\"https:\/\/cdn.iframe.ly\/Ha93fwQ?app=1\" width=\"300\" height=\"150\" allowfullscreen=\"allowfullscreen\" data-frame-style=\"border: 1px solid #dedede;\" data-mce-fragment=\"1\"><\/iframe><\/div>\n<\/div>\n","protected":false},"excerpt":{"rendered":"<p>Oficina de prensa del senador Jorge Enrique Robledo, Bogot\u00e1, mayo 4 de 2018 M\u00e1s de medio mill\u00f3n de familias en crisis, el precio no cubre los costos, medidas urgentes solicitan los cafeteros \u201cLe hago un llamado al gobierno Santos y a sus ministros a la sensatez y a actuar con sentido com\u00fan. Lo que est\u00e1n [&hellip;]<\/p>\n","protected":false},"author":1,"featured_media":15044,"comment_status":"open","ping_status":"open","sticky":false,"template":"","format":"standard","meta":{"advanced_seo_description":"","jetpack_seo_html_title":"","jetpack_seo_noindex":false,"_jetpack_memberships_contains_paid_content":false,"footnotes":""},"categories":[114,102,97,105,4,98],"tags":[],"class_list":["post-15043","post","type-post","status-publish","format-standard","has-post-thumbnail","hentry","category-agro","category-economia","category-imperialismo-y-neoliberalismo","category-internacional-articulos-de-actualidad","category-jorge-enrique-robledo","category-politica"],"jetpack_featured_media_url":"https:\/\/i0.wp.com\/moir.com.co\/web\/wp-content\/uploads\/2018\/05\/dignidadagroplanton040518.jpeg?fit=1280%2C960&ssl=1","jetpack-related-posts":[{"id":2444,"url":"https:\/\/moir.com.co\/web\/25-000-familias-cafeteras-en-procesos-de-embargo-denuncia-el-senador-robledo\/","url_meta":{"origin":15043,"position":0},"title":"25.000 FAMILIAS CAFETERAS EN PROCESOS DE EMBARGO, DENUNCIA EL SENADOR ROBLEDO","author":"admin","date":"julio 24, 2008","format":false,"excerpt":"Oficina del Prensa Senador Jorge Enrique Robledo, Bogot\u00e1, 24 de julio de 2008 De acuerdo con un problema tratado en Finagro, veinticinco mil familias cafeteras est\u00e1n a punto de perder sus parcelas ante la imposibilidad de pagar los cr\u00e9ditos contra\u00eddos con el Programa de Reactivaci\u00f3n Agropecuaria Nacional, PRAN, denunci\u00f3 el\u2026","rel":"","context":"En \u00abJorge Enrique Robledo\u00bb","block_context":{"text":"Jorge Enrique Robledo","link":"https:\/\/moir.com.co\/web\/category\/jorge-enrique-robledo\/"},"img":{"alt_text":"","src":"","width":0,"height":0},"classes":[]},{"id":16013,"url":"https:\/\/moir.com.co\/web\/presidente-duque-no-se-burle-mas-de-los-cafeteros-robledo\/","url_meta":{"origin":15043,"position":1},"title":"Presidente Duque, no se burle m\u00e1s de los cafeteros: Robledo","author":"admin","date":"septiembre 26, 2018","format":false,"excerpt":"Oficina de prensa del senador Jorge Enrique Robledo, Bogot\u00e1, septiembre 25 de 2018 560 mil familias sufren por la crisis cafetera; se necesitan 800 mil millones; Duque desaprovech\u00f3 la visita a la ONU \u201cLos cafeteros colombianos necesitan respaldo del gobierno pero que sea suficiente y les llegue ya,\u201d expres\u00f3 el\u2026","rel":"","context":"En \u00abAgro\u00bb","block_context":{"text":"Agro","link":"https:\/\/moir.com.co\/web\/category\/temas\/agro\/"},"img":{"alt_text":"","src":"https:\/\/i0.wp.com\/moir.com.co\/web\/wp-content\/uploads\/2018\/09\/cafeterosdebaterobledo2018.png?fit=555%2C465&ssl=1&resize=350%2C200","width":350,"height":200,"srcset":"https:\/\/i0.wp.com\/moir.com.co\/web\/wp-content\/uploads\/2018\/09\/cafeterosdebaterobledo2018.png?fit=555%2C465&ssl=1&resize=350%2C200 1x, https:\/\/i0.wp.com\/moir.com.co\/web\/wp-content\/uploads\/2018\/09\/cafeterosdebaterobledo2018.png?fit=555%2C465&ssl=1&resize=525%2C300 1.5x"},"classes":[]},{"id":6804,"url":"https:\/\/moir.com.co\/web\/gobierno-debe-apoyar-en-grande-a-los-560-mil-cafeteros\/","url_meta":{"origin":15043,"position":2},"title":"Gobierno debe apoyar en grande a los 560 mil cafeteros","author":"admin","date":"agosto 28, 2012","format":false,"excerpt":"Urge frenar la revaluaci\u00f3n. Mientras en Colombia cae producci\u00f3n de caf\u00e9, en Brasil y Vietnam aumenta. 11,5 millones de sacos se han dejado de producir desde 2009. Con un llamado a que el gobierno tome decisiones que de verdad resuelvan la profunda crisis por la que pasa el sector cafetero\u2026","rel":"","context":"En \u00abJorge Enrique Robledo\u00bb","block_context":{"text":"Jorge Enrique Robledo","link":"https:\/\/moir.com.co\/web\/category\/jorge-enrique-robledo\/"},"img":{"alt_text":"","src":"","width":0,"height":0},"classes":[]},{"id":6797,"url":"https:\/\/moir.com.co\/web\/debate-sobre-crisis-cafetera-en-la-comision-quinta-del-senado\/","url_meta":{"origin":15043,"position":3},"title":"Debate sobre crisis cafetera en la Comisi\u00f3n Quinta del Senado","author":"admin","date":"agosto 27, 2012","format":false,"excerpt":"Citado por el senador Jorge Enrique Robledo, del Polo Democr\u00e1tico, se llevar\u00e1 a cabo el martes 28 de agosto un debate al ministro de Agricultura sobre la crisis que est\u00e1 arruinando a m\u00e1s de medio mill\u00f3n de familias cafeteras. El gobierno nacional no toma medidas para echar atr\u00e1s la revaluaci\u00f3n,\u2026","rel":"","context":"En \u00abJorge Enrique Robledo\u00bb","block_context":{"text":"Jorge Enrique Robledo","link":"https:\/\/moir.com.co\/web\/category\/jorge-enrique-robledo\/"},"img":{"alt_text":"","src":"","width":0,"height":0},"classes":[]},{"id":2565,"url":"https:\/\/moir.com.co\/web\/35-mil-firmas-de-cafeteros-entregaran-hoy-el-senador-robledo-y-el-presidente-de-unidad-cafetera\/","url_meta":{"origin":15043,"position":4},"title":"35 MIL FIRMAS DE CAFETEROS  ENTREGAR\u00c1N HOY EL SENADOR ROBLEDO Y EL PRESIDENTE DE UNIDAD CAFETERA","author":"admin","date":"octubre 29, 2008","format":false,"excerpt":"Oficina de Prensa Senador Jorge Enrique Robledo, Bogot\u00e1, 28 de octubre de 2008. El senador Jorge Enrique Robledo y el presidente de Unidad Cafetera, Aurelio Su\u00e1rez Montoya, har\u00e1n entrega hoy al presidente del Senado, Hern\u00e1n Andrade, de un pliego de peticiones respaldado por 35 mil firmas, en el que el\u2026","rel":"","context":"En \u00abJorge Enrique Robledo\u00bb","block_context":{"text":"Jorge Enrique Robledo","link":"https:\/\/moir.com.co\/web\/category\/jorge-enrique-robledo\/"},"img":{"alt_text":"","src":"","width":0,"height":0},"classes":[]},{"id":2439,"url":"https:\/\/moir.com.co\/web\/el-senador-robledo-invitado-a-la-junta-nacional-de-unidad-cafetera-que-sesiona-el-viernes-25-de-julio-en-manizales\/","url_meta":{"origin":15043,"position":5},"title":"EL SENADOR ROBLEDO, INVITADO A LA JUNTA NACIONAL DE UNIDAD CAFETERA QUE SESIONA EL VIERNES 25 DE JULIO EN MANIZALES","author":"admin","date":"julio 21, 2008","format":false,"excerpt":"Oficina de Prensa, Senador Jorge Enrique Robledo, Bogot\u00e1, 21 de julio de 2008. Como invitado especial, el senador Jorge Enrique Robledo acompa\u00f1ar\u00e1 el viernes 25 de julio a los 74 miembros de la junta nacional de Unidad Cafetera, encabezados por su presidente, Aurelio Su\u00e1rez Montoya, que se proponen analizar la\u2026","rel":"","context":"En \u00abJorge Enrique Robledo\u00bb","block_context":{"text":"Jorge Enrique Robledo","link":"https:\/\/moir.com.co\/web\/category\/jorge-enrique-robledo\/"},"img":{"alt_text":"","src":"","width":0,"height":0},"classes":[]}],"jetpack_sharing_enabled":true,"_links":{"self":[{"href":"https:\/\/moir.com.co\/web\/wp-json\/wp\/v2\/posts\/15043","targetHints":{"allow":["GET"]}}],"collection":[{"href":"https:\/\/moir.com.co\/web\/wp-json\/wp\/v2\/posts"}],"about":[{"href":"https:\/\/moir.com.co\/web\/wp-json\/wp\/v2\/types\/post"}],"author":[{"embeddable":true,"href":"https:\/\/moir.com.co\/web\/wp-json\/wp\/v2\/users\/1"}],"replies":[{"embeddable":true,"href":"https:\/\/moir.com.co\/web\/wp-json\/wp\/v2\/comments?post=15043"}],"version-history":[{"count":1,"href":"https:\/\/moir.com.co\/web\/wp-json\/wp\/v2\/posts\/15043\/revisions"}],"predecessor-version":[{"id":15045,"href":"https:\/\/moir.com.co\/web\/wp-json\/wp\/v2\/posts\/15043\/revisions\/15045"}],"wp:featuredmedia":[{"embeddable":true,"href":"https:\/\/moir.com.co\/web\/wp-json\/wp\/v2\/media\/15044"}],"wp:attachment":[{"href":"https:\/\/moir.com.co\/web\/wp-json\/wp\/v2\/media?parent=15043"}],"wp:term":[{"taxonomy":"category","embeddable":true,"href":"https:\/\/moir.com.co\/web\/wp-json\/wp\/v2\/categories?post=15043"},{"taxonomy":"post_tag","embeddable":true,"href":"https:\/\/moir.com.co\/web\/wp-json\/wp\/v2\/tags?post=15043"}],"curies":[{"name":"wp","href":"https:\/\/api.w.org\/{rel}","templated":true}]}}