{"id":15041,"date":"2018-05-05T16:23:50","date_gmt":"2018-05-05T16:23:50","guid":{"rendered":"https:\/\/moir.org.co\/web\/?p=15041"},"modified":"2018-05-05T16:23:50","modified_gmt":"2018-05-05T16:23:50","slug":"sergio-fajardo-alguien-mas-que-un-profesor","status":"publish","type":"post","link":"https:\/\/moir.com.co\/web\/sergio-fajardo-alguien-mas-que-un-profesor\/","title":{"rendered":"Sergio Fajardo, alguien m\u00e1s que un profesor"},"content":{"rendered":"<p><strong>Aurelio Su\u00e1rez Montoya, Bogot\u00e1, mayo 5 de 2018<\/strong><\/p>\n<p>Est\u00e1 resonando el estribillo \u201cUn profesor, un profesor\u2026\u201d, referido a la candidatura de Sergio Fajardo. Quienes lo corean destacan a aquellas personas que no se olvidan: de los que aprendemos, que en sus alumnos ligan la raz\u00f3n con el coraz\u00f3n como lo hizo el maestro Carlos Gaviria quien inspir\u00f3 a muchos durante a\u00f1os. De lo dicho y hecho por Fajardo en esta campa\u00f1a quedan sembrados aprendizajes imperecederos.<\/p>\n<p>Resalto en particular el concepto de equipo. Reiterar que toda iniciativa pol\u00edtica y social es fruto de un trabajo conjunto no de un \u201ciluminado\u201d con \u201cf\u00f3rmulas m\u00e1gicas\u201d que solo requieren que la gran masa les endose su voluntad para producir ipso facto la redenci\u00f3n. No, la agenda de Fajardo es colectiva, convocante, movilizadora, contrapuesta con las modalidades del \u201csocialismo primitivo\u201d que encontraban en el chispazo individual la p\u00f3cima para toda enfermedad.<\/p>\n<p>Respecto a las fuerzas pol\u00edticas nacionales, el valor agregado de la candidatura de Fajardo est\u00e1 en el atrevimiento de irse por la calle de en medio de las vertientes tradicionales, por fuera de los mismos con las mismas que han detentado el poder. Emprendi\u00f3 camino aparte de los responsables de tanta iniquidad que hoy causa en Colombia una indignaci\u00f3n superlativa por abusos cometidos durante d\u00e9cadas contra la ciudadan\u00eda.<\/p>\n<p>Fajardo se agrup\u00f3 con posiciones pol\u00edticas disimiles mediante un programa construido en conjunto. Entre ellos est\u00e1 el Polo Democr\u00e1tico, que adem\u00e1s de aportar elementos de su Ideario, marca un hito frente al inveterado cartab\u00f3n de que \u201cla izquierda solo se une con la izquierda\u201d. En conjunto con la Alianza Verde y Compromiso Ciudadano proyectan un entendimiento de largo plazo.<\/p>\n<p>La Coalici\u00f3n Colombia va m\u00e1s all\u00e1 de los acuerdos que ubican como contradicci\u00f3n \u00fanica la del trabajo con el capital y, en procura de una Nueva Democracia, le traza rumbo a una alianza de amplio espectro para alcanzarla, lo cual trasciende los discursos de verdades generales que dividen m\u00e1s de lo que congregan.<\/p>\n<p>Parodiando al Dante, la naci\u00f3n colombiana est\u00e1 entre el octavo y el noveno anillo del Averno, entre el de los ladrones y el de los traidores. Sacarla de tan profundas honduras no es proceso de un cuatrienio y enga\u00f1a a los electores quien esto prometa, lo que, asaltando la conciencia de la opini\u00f3n como dec\u00eda Gait\u00e1n, es tan corrupto como desfalcar al Erario.<\/p>\n<p>El programa de la Coalici\u00f3n que lidera Fajardo inicia el indispensable salvamento de Colombia con unos elementos b\u00e1sicos: educar, educar y educar, que acorde con Carlos Gaviria citando a Adela Cortina, hace \u201cuna comunidad pensante, consciente, conviviente\u201d, para lo cual propone realzar la educaci\u00f3n p\u00fablica y programas como \u201cJ\u00f3venes con Futuro\u201d que cubre la capacitaci\u00f3n como una forma de empleo p\u00fablico. Tambi\u00e9n respetar los derechos de los trabajadores; favorecer las PYMES con una tarifa de renta progresiva; un programa ambiental que delinea acciones y serias pol\u00edticas concretas; luchar de frente contra la corrupci\u00f3n; y reanimar el aparato productivo creando, entre iniciativas p\u00fablicas y privadas, 1,5\u00a0\u00a0mill\u00f3n de empleos, convocando los actores econ\u00f3micos y sociales a la revisi\u00f3n de los TLC que en muy variados asuntos se han tornado en coyundas para el desarrollo.<\/p>\n<p>El ensayista Pankaj Mishra describe la \u00e9poca contempor\u00e1nea como \u201cLa Era de la Ira\u201d en la cual \u2013como reacci\u00f3n a la crisis global y sin norte en la br\u00fajula- est\u00e1 saturada de \u201cl\u00edderes autoritarios que manipulan el cinismo y el descontento de las mayor\u00edas furiosas\u201d. En consecuencia reclama poner \u201cun poco de racionalismo a los problemas del alma\u201d. Ese racionalismo es, aqu\u00ed y ahora, Sergio Fajardo, alguien m\u00e1s que un profesor.<\/p>\n","protected":false},"excerpt":{"rendered":"<p>Aurelio Su\u00e1rez Montoya, Bogot\u00e1, mayo 5 de 2018 Est\u00e1 resonando el estribillo \u201cUn profesor, un profesor\u2026\u201d, referido a la candidatura de Sergio Fajardo. Quienes lo corean destacan a aquellas personas que no se olvidan: de los que aprendemos, que en sus alumnos ligan la raz\u00f3n con el coraz\u00f3n como lo hizo el maestro Carlos Gaviria [&hellip;]<\/p>\n","protected":false},"author":1,"featured_media":14892,"comment_status":"open","ping_status":"open","sticky":false,"template":"","format":"standard","meta":{"advanced_seo_description":"","jetpack_seo_html_title":"","jetpack_seo_noindex":false,"_jetpack_memberships_contains_paid_content":false,"footnotes":""},"categories":[79,102,103,97,98],"tags":[],"class_list":["post-15041","post","type-post","status-publish","format-standard","has-post-thumbnail","hentry","category-aurelio-suarez-montoya","category-economia","category-educacion","category-imperialismo-y-neoliberalismo","category-politica"],"jetpack_featured_media_url":"https:\/\/i0.wp.com\/moir.com.co\/web\/wp-content\/uploads\/2018\/04\/fajardopresidente.png?fit=390%2C390&ssl=1","jetpack-related-posts":[{"id":15150,"url":"https:\/\/moir.com.co\/web\/sergio-fajardo-la-sorpresa-en-la-region-caribe\/","url_meta":{"origin":15041,"position":0},"title":"Sergio Fajardo: la sorpresa en la Regi\u00f3n Caribe","author":"admin","date":"mayo 23, 2018","format":false,"excerpt":"Norman Alarc\u00f3n Rodas, Barranquilla, mayo 23 de 2018 Entramos al \u00faltimo kil\u00f3metro de la cuesta final de la campa\u00f1a que definir\u00e1 a los dos finalistas en la contienda por la Presidencia de la Rep\u00fablica el domingo 27 de mayo, los dos que pasar\u00e1n a la segunda vuelta el domingo 17\u2026","rel":"","context":"En \u00abImperialismo y Neoliberalismo\u00bb","block_context":{"text":"Imperialismo y Neoliberalismo","link":"https:\/\/moir.com.co\/web\/category\/temas\/imperialismo-y-neoliberalismo\/"},"img":{"alt_text":"","src":"https:\/\/i0.wp.com\/moir.com.co\/web\/wp-content\/uploads\/2018\/04\/fajardopresidente.png?fit=390%2C390&ssl=1&resize=350%2C200","width":350,"height":200},"classes":[]},{"id":14911,"url":"https:\/\/moir.com.co\/web\/audio-robledo-en-rcn-radio-sobre-el-apoyo-del-polo-a-sergio-fajardo\/","url_meta":{"origin":15041,"position":1},"title":"Audio: Robledo en RCN Radio sobre el apoyo del Polo a Sergio Fajardo","author":"admin","date":"abril 14, 2018","format":"audio","excerpt":"En entrevista con RCN Radio el senador Jorge Enrique Robledo habla sobre el apoyo del Polo Democr\u00e1tico a la candidatura presidencial de Sergio Fajardo, Bogot\u00e1, abril 14 de 2018","rel":"","context":"En \u00abJorge Enrique Robledo\u00bb","block_context":{"text":"Jorge Enrique Robledo","link":"https:\/\/moir.com.co\/web\/category\/jorge-enrique-robledo\/"},"img":{"alt_text":"","src":"https:\/\/i0.wp.com\/moir.com.co\/web\/wp-content\/uploads\/2018\/01\/robledoeltiempo030118.jpeg?fit=640%2C428&ssl=1&resize=350%2C200","width":350,"height":200,"srcset":"https:\/\/i0.wp.com\/moir.com.co\/web\/wp-content\/uploads\/2018\/01\/robledoeltiempo030118.jpeg?fit=640%2C428&ssl=1&resize=350%2C200 1x, https:\/\/i0.wp.com\/moir.com.co\/web\/wp-content\/uploads\/2018\/01\/robledoeltiempo030118.jpeg?fit=640%2C428&ssl=1&resize=525%2C300 1.5x"},"classes":[]},{"id":14919,"url":"https:\/\/moir.com.co\/web\/el-polo-ya-empeno-su-palabra-a-sergio-fajardo-robledo\/","url_meta":{"origin":15041,"position":2},"title":"\u201cEl Polo ya empe\u00f1\u00f3 su palabra a Sergio Fajardo\u201d: Robledo","author":"admin","date":"abril 15, 2018","format":false,"excerpt":"Entrevista de la Revista Semana a Jorge Enrique Robledo, Bogot\u00e1, abril 14 de 2018 Un centenar de dirigentes del\u00a0Polo Democr\u00e1tico\u00a0enviaron una carta al Comit\u00e9 Ejecutivo Nacional, m\u00e1xima instancia del partido, pidiendo libertad de voto para las elecciones presidenciales. Como la colectividad decidi\u00f3 respaldar la candidatura de\u00a0Sergio Fajardo, esta petici\u00f3n gener\u00f3\u2026","rel":"","context":"En \u00abJorge Enrique Robledo\u00bb","block_context":{"text":"Jorge Enrique Robledo","link":"https:\/\/moir.com.co\/web\/category\/jorge-enrique-robledo\/"},"img":{"alt_text":"","src":"https:\/\/i0.wp.com\/moir.com.co\/web\/wp-content\/uploads\/2018\/04\/robledoentrevistaSemana.jpg?fit=1200%2C630&ssl=1&resize=350%2C200","width":350,"height":200,"srcset":"https:\/\/i0.wp.com\/moir.com.co\/web\/wp-content\/uploads\/2018\/04\/robledoentrevistaSemana.jpg?fit=1200%2C630&ssl=1&resize=350%2C200 1x, https:\/\/i0.wp.com\/moir.com.co\/web\/wp-content\/uploads\/2018\/04\/robledoentrevistaSemana.jpg?fit=1200%2C630&ssl=1&resize=525%2C300 1.5x, https:\/\/i0.wp.com\/moir.com.co\/web\/wp-content\/uploads\/2018\/04\/robledoentrevistaSemana.jpg?fit=1200%2C630&ssl=1&resize=700%2C400 2x, https:\/\/i0.wp.com\/moir.com.co\/web\/wp-content\/uploads\/2018\/04\/robledoentrevistaSemana.jpg?fit=1200%2C630&ssl=1&resize=1050%2C600 3x"},"classes":[]},{"id":14671,"url":"https:\/\/moir.com.co\/web\/video-la-opinion-de-sergio-fajardo-y-jorge-robledo-sobre-uber\/","url_meta":{"origin":15041,"position":3},"title":"Video: La opini\u00f3n de Sergio Fajardo y Jorge Robledo sobre Uber","author":"admin","date":"marzo 5, 2018","format":"video","excerpt":"Bogot\u00e1, marzo 5 de 2018","rel":"","context":"En \u00abEconom\u00eda\u00bb","block_context":{"text":"Econom\u00eda","link":"https:\/\/moir.com.co\/web\/category\/temas\/economia\/"},"img":{"alt_text":"","src":"","width":0,"height":0},"classes":[]},{"id":14978,"url":"https:\/\/moir.com.co\/web\/video-el-mejor-candidato-que-puede-tener-hoy-colombia-se-llama-sergio-fajardo-robledo\/","url_meta":{"origin":15041,"position":4},"title":"Video: &#8220;El mejor candidato que puede tener hoy Colombia se llama Sergio Fajardo&#8221;: Robledo","author":"admin","date":"abril 25, 2018","format":"video","excerpt":"Bogot\u00e1, abril 24 de 2018","rel":"","context":"En \u00abPol\u00edtica\u00bb","block_context":{"text":"Pol\u00edtica","link":"https:\/\/moir.com.co\/web\/category\/temas\/politica\/"},"img":{"alt_text":"","src":"","width":0,"height":0},"classes":[]},{"id":14100,"url":"https:\/\/moir.com.co\/web\/video-coalicion-colombia-y-sergio-fajardo-cambiaran-el-pais-robledo\/","url_meta":{"origin":15041,"position":5},"title":"Video: Coalici\u00f3n Colombia y Sergio Fajardo cambiar\u00e1n el pa\u00eds: Robledo","author":"admin","date":"diciembre 13, 2017","format":"video","excerpt":"Intervenci\u00f3n del senador Jorge Enrique Robledo, plenaria del Senado, 12 de diciembre de 2017","rel":"","context":"En \u00abJorge Enrique Robledo\u00bb","block_context":{"text":"Jorge Enrique Robledo","link":"https:\/\/moir.com.co\/web\/category\/jorge-enrique-robledo\/"},"img":{"alt_text":"","src":"","width":0,"height":0},"classes":[]}],"jetpack_sharing_enabled":true,"_links":{"self":[{"href":"https:\/\/moir.com.co\/web\/wp-json\/wp\/v2\/posts\/15041","targetHints":{"allow":["GET"]}}],"collection":[{"href":"https:\/\/moir.com.co\/web\/wp-json\/wp\/v2\/posts"}],"about":[{"href":"https:\/\/moir.com.co\/web\/wp-json\/wp\/v2\/types\/post"}],"author":[{"embeddable":true,"href":"https:\/\/moir.com.co\/web\/wp-json\/wp\/v2\/users\/1"}],"replies":[{"embeddable":true,"href":"https:\/\/moir.com.co\/web\/wp-json\/wp\/v2\/comments?post=15041"}],"version-history":[{"count":1,"href":"https:\/\/moir.com.co\/web\/wp-json\/wp\/v2\/posts\/15041\/revisions"}],"predecessor-version":[{"id":15042,"href":"https:\/\/moir.com.co\/web\/wp-json\/wp\/v2\/posts\/15041\/revisions\/15042"}],"wp:featuredmedia":[{"embeddable":true,"href":"https:\/\/moir.com.co\/web\/wp-json\/wp\/v2\/media\/14892"}],"wp:attachment":[{"href":"https:\/\/moir.com.co\/web\/wp-json\/wp\/v2\/media?parent=15041"}],"wp:term":[{"taxonomy":"category","embeddable":true,"href":"https:\/\/moir.com.co\/web\/wp-json\/wp\/v2\/categories?post=15041"},{"taxonomy":"post_tag","embeddable":true,"href":"https:\/\/moir.com.co\/web\/wp-json\/wp\/v2\/tags?post=15041"}],"curies":[{"name":"wp","href":"https:\/\/api.w.org\/{rel}","templated":true}]}}