{"id":15032,"date":"2018-05-03T14:43:05","date_gmt":"2018-05-03T14:43:05","guid":{"rendered":"https:\/\/moir.org.co\/web\/?p=15032"},"modified":"2018-05-03T14:43:05","modified_gmt":"2018-05-03T14:43:05","slug":"dejar-de-sobrevivir-y-comenzar-a-vivir","status":"publish","type":"post","link":"https:\/\/moir.com.co\/web\/dejar-de-sobrevivir-y-comenzar-a-vivir\/","title":{"rendered":"Dejar de sobrevivir y comenzar a vivir"},"content":{"rendered":"<p><strong>Mario Alejandro Valencia, Bogot\u00e1, mayo 2 de 2018<\/strong><\/p>\n<p><em>Quienes representan en estas elecciones la cultura del atraso tienen nombres y apellidos Elegirlos es perpetuar la pol\u00edtica que impide progresar, olvidarlos es comenzar a vivir una realidad m\u00e1s dichosa.<\/em><\/p>\n<p>Cuando una sociedad pasa mucho tiempo sometida al abandono, el hambre, la discriminaci\u00f3n, la falta de educaci\u00f3n y las injusticias de todo tipo, estas circunstancias comienzan a ser percibidas como parte de la normalidad. Aunque nos ense\u00f1aron que la esperanza es lo \u00faltimo que se pierde, los anhelos de cambio eventualmente se vuelven utop\u00edas solo posibles para algunos ingenuos.<\/p>\n<p>La forma de sobrevivir es la adaptaci\u00f3n, por medio de la resignaci\u00f3n. Desde las m\u00e1s inocentes, como considerar que trabajos oprobiosos son mejor que cualquier cosa; \u2018trabajo es trabajo, mijo\u2019, dicen las abuelas. Hasta las m\u00e1s indignantes como la cultura de la corrupci\u00f3n en todas las esferas: estudiantes y profesores que transan notas, sobornos para no ser multados, coimas en los contratos peque\u00f1os, medianos y grandes. \u2018No sea bobo, si usted no acepta la comisi\u00f3n se la lleva otro; igual se la van a robar, c\u00f3jala usted\u2019, parece ser la justificaci\u00f3n de muchos.<\/p>\n<div class=\"code-block code-block-5\"><\/div>\n<div class=\"code-block code-block-1\"><\/div>\n<p>De esta cultura tambi\u00e9n son parte los atajos para conseguir riqueza. Aquello del esfuerzo, la lucha, el trabajo duro con el sudor de la frente y quemarse las pesta\u00f1as en el estudio, est\u00e1 quedando atr\u00e1s. Un kilogramo de coca\u00edna que \u2018corona\u2019 en el mercado estadounidense, vale el equivalente al salario mensual de un profesional de clase media durante ocho a\u00f1os. El valor estimado que se rob\u00f3 Alejandro Lyons alcanzar\u00eda para pagar un salario de 10 millones mensuales durante 833 a\u00f1os, y solo le cost\u00f3 cinco a\u00f1os de c\u00e1rcel. Reto a cualquier profesor de finanzas a que muestre un mejor negocio que estos.<\/p>\n<div class=\"code-block code-block-8\">\n<p>A muchos profesionales dedicados, que todav\u00eda creen en el esfuerzo, les toca sobrevivir en el rebusque, mientras hijos, sobrinos, primos o amigos de los corruptos ocupan cargos estatales con los que se pagan favores a cambio de votos. La colombiana -especialmente la \u00e9lite gobernante- es sin lugar a dudas una sociedad en descomposici\u00f3n acelerada. Se ha perdido la capacidad de so\u00f1ar en que la calidad de vida puede mejorar, por ejemplo teniendo un sistema de transporte \u00f3ptimo, que ahorrar\u00eda cientos de horas en movilidad. Con lo que los pol\u00edticos y los contratistas privados se roban del presupuesto en un a\u00f1o se pueden construir tres l\u00edneas del metro en Bogot\u00e1.<\/p>\n<p>Colombia tiene una vast\u00edsima dotaci\u00f3n de recursos naturales, energ\u00e9ticos y humanos, capaces de crear tanta o m\u00e1s riqueza que la que poseen las naciones m\u00e1s ricas del planeta. Si se lograra, habr\u00eda tantas empresas agr\u00edcolas, industriales y de servicios, que la inmensa mayor\u00eda de la poblaci\u00f3n en edad de trabajar estar\u00eda ocupada en tareas complejas, con empleos estables, dignos y bien remunerados. Empresas y trabajadores tendr\u00edan con qu\u00e9 pagar suficientes impuestos para que el Estado pudiera construir infraestructura e invertir en investigaci\u00f3n cient\u00edfica para ser m\u00e1s competitivos. Asimismo, tendr\u00eda recursos para garantizar educaci\u00f3n y salud gratuita.<\/p>\n<p>Pensar as\u00ed no es ingenuidad, ni populismo. No es quitar a los ricos para dar a los pobres. Ese escenario -en apariencia imaginado- es la realidad cotidiana de la ciudadan\u00eda en pa\u00edses como Noruega, Suiza, Alemania, Francia e incluso Espa\u00f1a. Lo \u00fanico que diferencia a estos pa\u00edses con el nuestro, aparte de que sus territorios son m\u00e1s pobres en recursos, es que la corrupci\u00f3n no los carcome.<\/p>\n<p>La cultura de la corrupci\u00f3n no hace parte de la gen\u00e9tica nacional. La cultura no es causa sino consecuencia, entonces se puede cambiar. Los corruptos no son una especia end\u00e9mica, son derrotables. Tanto dolor y necesidades que sufren los colombianos, ha hecho olvidar que la soluci\u00f3n es m\u00e1s sencilla de lo que se cree: no apoyarlos pol\u00edticamente. Quienes representan en estas elecciones esa cultura del atraso tienen nombres y apellidos: Iv\u00e1n Duque, Germ\u00e1n Vargas Lleras y el partido que apoya a Humberto De La Calle. Elegirlos es perpetuar la desastrosa pol\u00edtica que impide progresar. Enviarlos al olvido es comenzar a vivir una realidad m\u00e1s dichosa.<\/p>\n<p>Twitter: @mariovalencia01<\/p>\n<\/div>\n","protected":false},"excerpt":{"rendered":"<p>Mario Alejandro Valencia, Bogot\u00e1, mayo 2 de 2018 Quienes representan en estas elecciones la cultura del atraso tienen nombres y apellidos Elegirlos es perpetuar la pol\u00edtica que impide progresar, olvidarlos es comenzar a vivir una realidad m\u00e1s dichosa. Cuando una sociedad pasa mucho tiempo sometida al abandono, el hambre, la discriminaci\u00f3n, la falta de educaci\u00f3n [&hellip;]<\/p>\n","protected":false},"author":1,"featured_media":0,"comment_status":"open","ping_status":"open","sticky":false,"template":"","format":"standard","meta":{"advanced_seo_description":"","jetpack_seo_html_title":"","jetpack_seo_noindex":false,"_jetpack_memberships_contains_paid_content":false,"footnotes":""},"categories":[102,97,98],"tags":[],"class_list":["post-15032","post","type-post","status-publish","format-standard","hentry","category-economia","category-imperialismo-y-neoliberalismo","category-politica"],"jetpack_featured_media_url":"","jetpack-related-posts":[{"id":6545,"url":"https:\/\/moir.com.co\/web\/organizaciones-sociales-internacionales-contra-la-aplicacion-de-la-locomotora-minero-energetica\/","url_meta":{"origin":15032,"position":0},"title":"Organizaciones sociales internacionales contra la aplicaci\u00f3n de la locomotora minero-energ\u00e9tica","author":"admin","date":"mayo 18, 2012","format":false,"excerpt":"Doctor: JUAN MANUEL SANTOS CALDER\u00d3N Presidente de la Rep\u00fablica de Colombia Se\u00f1or Presidente, cordial saludo. Los movimientos y organizaciones de la sociedad civil que firmamos esta carta expresamos nuestra profunda preocupaci\u00f3n por la pol\u00edtica minera adelantada durante su gobierno, denominada: \u201cLocomotora Minero-Energ\u00e9tica\u201d, debido al lesivo impacto ambiental, social, econ\u00f3mico y\u2026","rel":"","context":"En \u00abPronunciamientos de Organizaciones Sociales\u00bb","block_context":{"text":"Pronunciamientos de Organizaciones Sociales","link":"https:\/\/moir.com.co\/web\/category\/pronunciamientos-de-organizaciones-sociales\/"},"img":{"alt_text":"","src":"","width":0,"height":0},"classes":[]},{"id":9622,"url":"https:\/\/moir.com.co\/web\/la-poesia-y-la-realidad\/","url_meta":{"origin":15032,"position":1},"title":"La Poes\u00eda y la Realidad","author":"admin","date":"septiembre 6, 2015","format":false,"excerpt":"La poes\u00eda es una de las expresiones del arte que retrata diversos aspectos de la vida de la humanidad, como parte de la literatura tiene el privilegio de elaborar una vivida postal de la naturaleza o un espejo de las tribulaciones del alma, as\u00ed como consecuencia de la depredaci\u00f3n indiscriminada\u2026","rel":"","context":"En \u00abTemas\u00bb","block_context":{"text":"Temas","link":"https:\/\/moir.com.co\/web\/category\/temas\/"},"img":{"alt_text":"","src":"","width":0,"height":0},"classes":[]},{"id":4743,"url":"https:\/\/moir.com.co\/web\/que-los-colombianos-produzcamos-aqui-todos-o-casi-todos-los-alimentos-que-requiramos-para-sobrevivir-como-nacion\/","url_meta":{"origin":15032,"position":2},"title":"Que los colombianos produzcamos aqu\u00ed todos o casi todos los alimentos que requiramos para sobrevivir como naci\u00f3n","author":"admin","date":"septiembre 3, 2010","format":false,"excerpt":"La poblaci\u00f3n campesina es desplazada por la violencia, pero tambi\u00e9n por la pobreza. La globalizaci\u00f3n neoliberal, un detonante. Importaciones de alimentos sustituyen trabajo nacional por extranjero. Alimentos, un bien esencial para la supervivencia. Qu\u00e9 es la seguridad alimentaria. Econom\u00eda agropecuaria de tipo dual. La sola reforma agraria es insuficiente en\u2026","rel":"","context":"En \u00abJorge Enrique Robledo\u00bb","block_context":{"text":"Jorge Enrique Robledo","link":"https:\/\/moir.com.co\/web\/category\/jorge-enrique-robledo\/"},"img":{"alt_text":"","src":"","width":0,"height":0},"classes":[]},{"id":9867,"url":"https:\/\/moir.com.co\/web\/vivir-con-lo-minimo\/","url_meta":{"origin":15032,"position":3},"title":"Vivir con lo m\u00ednimo","author":"admin","date":"enero 11, 2016","format":false,"excerpt":"Insisto en que la principal \u2013casi que la \u00fanica\u2013 virtud de los neoliberales es hacernos creer que vivimos en un mundo virtual. De hecho, en Colombia se dan los acontecimientos m\u00e1s extraordinarios, f\u00e1ciles de describir para los escritores del realismo m\u00e1gico. El gobierno de Santos tiene suficientes correas de transmisi\u00f3n\u2026","rel":"","context":"En \u00abTemas\u00bb","block_context":{"text":"Temas","link":"https:\/\/moir.com.co\/web\/category\/temas\/"},"img":{"alt_text":"","src":"","width":0,"height":0},"classes":[]},{"id":20405,"url":"https:\/\/moir.com.co\/web\/el-partido-agitara-en-comicios-su-politica-revolucionaria\/","url_meta":{"origin":15032,"position":4},"title":"EL PARTIDO AGITAR\u00c1 EN COMICIOS SU POL\u00cdTICA REVOLUCIONARIA","author":"admin","date":"noviembre 10, 2004","format":false,"excerpt":"(Extractos) Avelino Ni\u00f1o \"Presenciamos el m\u00e1s profundo desbarajuste de la vieja sociedad colombiana. Las agudas dolencias del pueblo son originadas por el caos econ\u00f3mico reinante que presenta hechos tan preocupantes como: la ruina de decenas de empresas que han dejado cesantes a miles de trabajadores; el desencanto de los artesanos,\u2026","rel":"","context":"En \u00abTribuna Roja N\u00ba 46, Bogot\u00e1, diciembre de 1983- enero 1984\u00bb","block_context":{"text":"Tribuna Roja N\u00ba 46, Bogot\u00e1, diciembre de 1983- enero 1984","link":"https:\/\/moir.com.co\/web\/category\/tribuna-roja\/ediciones-1980-1984\/tribuna-roja-no-46-bogota-diciembre-de-1983-enero-1984\/"},"img":{"alt_text":"","src":"","width":0,"height":0},"classes":[]},{"id":6984,"url":"https:\/\/moir.com.co\/web\/amparo-a-los-especuladores-y-garrote-al-trabajo\/","url_meta":{"origin":15032,"position":5},"title":"Amparo a los especuladores y garrote al trabajo","author":"admin","date":"noviembre 5, 2012","format":false,"excerpt":"Todas las semanas los medios de comunicaci\u00f3n masiva registran un sinn\u00famero de noticias que tienen que ver con el transcurrir de la econom\u00eda nacional, en la que acaba de terminar una de las primicias a destacar tiene que ver con la intervenci\u00f3n de la mayor firma de comisionistas de bolsa\u2026","rel":"","context":"En \u00abTemas\u00bb","block_context":{"text":"Temas","link":"https:\/\/moir.com.co\/web\/category\/temas\/"},"img":{"alt_text":"","src":"","width":0,"height":0},"classes":[]}],"jetpack_sharing_enabled":true,"_links":{"self":[{"href":"https:\/\/moir.com.co\/web\/wp-json\/wp\/v2\/posts\/15032","targetHints":{"allow":["GET"]}}],"collection":[{"href":"https:\/\/moir.com.co\/web\/wp-json\/wp\/v2\/posts"}],"about":[{"href":"https:\/\/moir.com.co\/web\/wp-json\/wp\/v2\/types\/post"}],"author":[{"embeddable":true,"href":"https:\/\/moir.com.co\/web\/wp-json\/wp\/v2\/users\/1"}],"replies":[{"embeddable":true,"href":"https:\/\/moir.com.co\/web\/wp-json\/wp\/v2\/comments?post=15032"}],"version-history":[{"count":1,"href":"https:\/\/moir.com.co\/web\/wp-json\/wp\/v2\/posts\/15032\/revisions"}],"predecessor-version":[{"id":15034,"href":"https:\/\/moir.com.co\/web\/wp-json\/wp\/v2\/posts\/15032\/revisions\/15034"}],"wp:attachment":[{"href":"https:\/\/moir.com.co\/web\/wp-json\/wp\/v2\/media?parent=15032"}],"wp:term":[{"taxonomy":"category","embeddable":true,"href":"https:\/\/moir.com.co\/web\/wp-json\/wp\/v2\/categories?post=15032"},{"taxonomy":"post_tag","embeddable":true,"href":"https:\/\/moir.com.co\/web\/wp-json\/wp\/v2\/tags?post=15032"}],"curies":[{"name":"wp","href":"https:\/\/api.w.org\/{rel}","templated":true}]}}