{"id":15030,"date":"2018-05-02T18:50:40","date_gmt":"2018-05-02T18:50:40","guid":{"rendered":"https:\/\/moir.org.co\/web\/?p=15030"},"modified":"2018-05-02T18:50:40","modified_gmt":"2018-05-02T18:50:40","slug":"por-financiacion-ascensos-y-salud-y-el-cumplimiento-de-los-acuerdos-viva-el-paro-nacional-de-48-horas-9-y-10-de-mayo-el-magisterio-a-la-calle","status":"publish","type":"post","link":"https:\/\/moir.com.co\/web\/por-financiacion-ascensos-y-salud-y-el-cumplimiento-de-los-acuerdos-viva-el-paro-nacional-de-48-horas-9-y-10-de-mayo-el-magisterio-a-la-calle\/","title":{"rendered":"Por financiaci\u00f3n, ascensos y salud y el cumplimiento de los acuerdos \u00a1viva el paro nacional de 48 horas! \u00a19 y 10 de mayo el magisterio a la calle!"},"content":{"rendered":"<p><strong>Tribuna magisterial Nacional, Bogot\u00e1, mayo 2 de 2018<\/strong><\/p>\n<p>El comit\u00e9 ejecutivo de FECODE acogiendo lo definido por la Junta Nacional el mi\u00e9rcoles 21 de marzo, determin\u00f3 convocar el paro de 48 horas para los d\u00edas 9 y 10 de mayo del presente a\u00f1o con los siguientes objetivos<\/p>\n<p>Por una financiaci\u00f3n de la educaci\u00f3n p\u00fablica con una reforma constitucional.<br \/>\nContra una Jornada \u00danica desfinanciada impuesta, que viola la autonom\u00eda escolar.<br \/>\nPor la defensa del derecho al ascenso de los compa\u00f1eros del 1278.<br \/>\nPor la aplicaci\u00f3n del decreto 1655 de seguridad en el trabajo y la modificaci\u00f3n de las tablas de incapacidad.<\/p>\n<p>Contra el incumplimiento de los contratos de salud por parte del gobierno, la fiduprevisora y los prestadores del servicio de salud al magisterio Colombiano y sus beneficiarios.<br \/>\nPretende el Gobierno imponer una reforma a la Ley 715 con la cual viola el acuerdo, agrava la desfinanciaci\u00f3n, empeora los criterios de distribuci\u00f3n con criterios neoliberales de eficiencia como el \u00edndice sint\u00e9tico de calidad y las relaciones t\u00e9cnicas, niega el derecho a la educaci\u00f3n a millones de ni\u00f1os, convierte la jornada \u00fanica en demagogia que no garantiza las condiciones para su desarrollo, mantiene el hacinamiento y el deplorable estado f\u00edsico y de dotaci\u00f3n de colegios y escuelas con estudiantes sin alimentaci\u00f3n ni transporte, disminuye la planta de personal y congela los ascensos. Y, como si fuera poco, por medio de un orangut\u00e1n busca acabar con el Fondo de Prestaciones Sociales del Magisterio con la vieja trampa de la \u201clibertad de elecci\u00f3n\u201d usada en 1993 con la Ley 100.<\/p>\n<p>No convoc\u00f3 el Ministerio, no obstante los reiterados requerimientos de FECODE, el proceso de ascensos en el a\u00f1o 2017, contraviniendo el acuerdo de 2015 y el decreto 1657 que establecen taxativamente que por lo menos una vez al a\u00f1o se debe realizar la evaluaci\u00f3n con car\u00e1cter diagnostico formativo, sino que por el contrario public\u00f3 en su p\u00e1gina un cronograma que va pr\u00e1cticamente hasta 2020 y no acept\u00f3 la propuesta de FECODE de realizarlo en 2018. Ofrece como otra v\u00eda el regreso al examen escrito, que ser\u00eda el control completo del MEN con consecuencias funestas. En cualquiera de los dos casos se trata de impedir que los maestros asciendan tal como lo hicieron en las dos primeras cohortes de la ECDF.<\/p>\n<p>Viola Santos todas las normas y derechos fundamentales al mantener a los maestros como los \u00fanicos trabajadores que no tenemos seguridad y salud en el trabajo al no aplicar el decreto 1655 pese a que la Ley se lo exige y la Procuradur\u00eda lo ha conminado a hacerlo. Dilata la modificaci\u00f3n de las tablas de incapacidad con lo que impide el otorgamiento de pensiones de invalidez o las reduce al salario m\u00ednimo. Y es igualmente responsable de la cat\u00e1strofe de los servicios m\u00e9dicos que cada d\u00eda empeoran ante su alcahueta complacencia. En esto no puede ser casual la coincidencia entre el calculado empeoramiento de los servicios de salud y la intenci\u00f3n de destruir el r\u00e9gimen especial con la t\u00e1ctica de desprestigio usada para acabar con el Instituto de Seguros Sociales e imponer los fondos privados y las Eps.<\/p>\n<p>La Jornada \u00danica se sigue implementando sin que se cumplan con los requisitos previos de infraestructura, alimentaci\u00f3n, servicios p\u00fablicos y docentes y se respeten la autonom\u00eda y el gobierno escolares. El programa de alimentaci\u00f3n escolar, sacudido por sonados casos de corrupci\u00f3n, est\u00e1 sin financiaci\u00f3n. No acepta el Gobierno modificar el decreto 2105 que contiene aspectos violatorios de los derechos del magisterio.<\/p>\n<p>\u00a19 y 10 de mayo Paro Nacional del Magisterio!<\/p>\n<p>\u00a1Viva el paro nacional de 48 horas!<\/p>\n","protected":false},"excerpt":{"rendered":"<p>Tribuna magisterial Nacional, Bogot\u00e1, mayo 2 de 2018 El comit\u00e9 ejecutivo de FECODE acogiendo lo definido por la Junta Nacional el mi\u00e9rcoles 21 de marzo, determin\u00f3 convocar el paro de 48 horas para los d\u00edas 9 y 10 de mayo del presente a\u00f1o con los siguientes objetivos Por una financiaci\u00f3n de la educaci\u00f3n p\u00fablica con [&hellip;]<\/p>\n","protected":false},"author":1,"featured_media":0,"comment_status":"open","ping_status":"open","sticky":false,"template":"","format":"standard","meta":{"advanced_seo_description":"","jetpack_seo_html_title":"","jetpack_seo_noindex":false,"_jetpack_memberships_contains_paid_content":false,"footnotes":""},"categories":[102,103,97,98,96,109,11],"tags":[],"class_list":["post-15030","post","type-post","status-publish","format-standard","hentry","category-economia","category-educacion","category-imperialismo-y-neoliberalismo","category-politica","category-salud-y-pensiones","category-sindical","category-tribuna-magisterial"],"jetpack_featured_media_url":"","jetpack-related-posts":[{"id":14782,"url":"https:\/\/moir.com.co\/web\/por-financiacion-ascensos-y-salud-y-el-cumplimiento-de-los-acuerdos-viva-el-paro-nacional-de-48-horas\/","url_meta":{"origin":15030,"position":0},"title":"Por financiaci\u00f3n, ascensos y salud y el cumplimiento de los acuerdos \u00a1viva el paro nacional de 48 horas!","author":"admin","date":"marzo 23, 2018","format":false,"excerpt":"Tribuna Magisterial Nacional, Bogot\u00e1, marzo 22 de 2018 La Junta Nacional de FECODE aprob\u00f3 paro nacional de 48 horas, facultando al Comit\u00e9 Ejecutivo para definir la hora cero, ante el incumplimiento de los acuerdos por parte del Gobierno Santos. Pretende el Gobierno imponer una reforma a la Ley 715 con\u2026","rel":"","context":"En \u00abEconom\u00eda\u00bb","block_context":{"text":"Econom\u00eda","link":"https:\/\/moir.com.co\/web\/category\/temas\/economia\/"},"img":{"alt_text":"","src":"https:\/\/i0.wp.com\/moir.com.co\/web\/wp-content\/uploads\/2018\/03\/maestrosmanifestacionsalud.jpg?fit=720%2C320&ssl=1&resize=350%2C200","width":350,"height":200,"srcset":"https:\/\/i0.wp.com\/moir.com.co\/web\/wp-content\/uploads\/2018\/03\/maestrosmanifestacionsalud.jpg?fit=720%2C320&ssl=1&resize=350%2C200 1x, https:\/\/i0.wp.com\/moir.com.co\/web\/wp-content\/uploads\/2018\/03\/maestrosmanifestacionsalud.jpg?fit=720%2C320&ssl=1&resize=525%2C300 1.5x, https:\/\/i0.wp.com\/moir.com.co\/web\/wp-content\/uploads\/2018\/03\/maestrosmanifestacionsalud.jpg?fit=720%2C320&ssl=1&resize=700%2C400 2x"},"classes":[]},{"id":12334,"url":"https:\/\/moir.com.co\/web\/tribuna-magisterial-sumemonos-decididamente-al-paro-nacional\/","url_meta":{"origin":15030,"position":1},"title":"Tribuna Magisterial: sum\u00e9monos decididamente al Paro Nacional","author":"admin","date":"mayo 9, 2017","format":false,"excerpt":"Nada m\u00e1s revelador de la pol\u00edtica que Santos adelanta contra la educaci\u00f3n p\u00fablica, los estudiantes y los educadores, que analizar las poderosas razones que llevaron a la Junta Nacional de nuestra Federaci\u00f3n Colombiana de Trabajadores de la Educaci\u00f3n, FECODE, a fijar la hora cero del paro para el 11 de\u2026","rel":"","context":"En \u00abEducaci\u00f3n\u00bb","block_context":{"text":"Educaci\u00f3n","link":"https:\/\/moir.com.co\/web\/category\/temas\/educacion\/"},"img":{"alt_text":"","src":"https:\/\/i0.wp.com\/moir.com.co\/web\/wp-content\/uploads\/2017\/05\/tribmag7.jpg?fit=720%2C540&ssl=1&resize=350%2C200","width":350,"height":200,"srcset":"https:\/\/i0.wp.com\/moir.com.co\/web\/wp-content\/uploads\/2017\/05\/tribmag7.jpg?fit=720%2C540&ssl=1&resize=350%2C200 1x, https:\/\/i0.wp.com\/moir.com.co\/web\/wp-content\/uploads\/2017\/05\/tribmag7.jpg?fit=720%2C540&ssl=1&resize=525%2C300 1.5x, https:\/\/i0.wp.com\/moir.com.co\/web\/wp-content\/uploads\/2017\/05\/tribmag7.jpg?fit=720%2C540&ssl=1&resize=700%2C400 2x"},"classes":[]},{"id":8431,"url":"https:\/\/moir.com.co\/web\/informe-de-tribuna-magisterial-aprobado-paro-nacional-del-magisterio\/","url_meta":{"origin":15030,"position":2},"title":"Informe de Tribuna Magisterial: aprobado paro nacional del magisterio","author":"admin","date":"mayo 13, 2014","format":false,"excerpt":"La Junta Nacional de FECODE ha aprobado en el d\u00eda de hoy por unanimidad el PARO NACIONAL DEL MAGISTERIO COLOMBIANO, que comienza el mi\u00e9rcoles 14 de mayo. Es una decisi\u00f3n hist\u00f3rica que coloca a los maestros colombianos en la senda de la lucha contra las medidas del gobierno de Santos.\u2026","rel":"","context":"En \u00abTribuna Magisterial\u00bb","block_context":{"text":"Tribuna Magisterial","link":"https:\/\/moir.com.co\/web\/category\/tribuna-magisterial\/"},"img":{"alt_text":"","src":"","width":0,"height":0},"classes":[]},{"id":14616,"url":"https:\/\/moir.com.co\/web\/el-magisterio-en-pie-de-lucha\/","url_meta":{"origin":15030,"position":3},"title":"El magisterio en pie de lucha","author":"admin","date":"marzo 2, 2018","format":false,"excerpt":"Tribuna Magisterial Nacional, Bogot\u00e1, marzo 1 de 2018 Contra la desfinanciaci\u00f3n de la educaci\u00f3n, la congelaci\u00f3n de los ascensos, los p\u00e9simos servicios de salud y la destrucci\u00f3n del Fondo Nacional del Magisterio. El gobierno Santos, cumpliendo las ordenes de las agencias internacionales, que act\u00faan al servicio de los intereses del\u2026","rel":"","context":"En \u00abEconom\u00eda\u00bb","block_context":{"text":"Econom\u00eda","link":"https:\/\/moir.com.co\/web\/category\/temas\/economia\/"},"img":{"alt_text":"","src":"https:\/\/i0.wp.com\/moir.com.co\/web\/wp-content\/uploads\/2017\/11\/magisteriovacaciones.jpg?fit=800%2C532&ssl=1&resize=350%2C200","width":350,"height":200,"srcset":"https:\/\/i0.wp.com\/moir.com.co\/web\/wp-content\/uploads\/2017\/11\/magisteriovacaciones.jpg?fit=800%2C532&ssl=1&resize=350%2C200 1x, https:\/\/i0.wp.com\/moir.com.co\/web\/wp-content\/uploads\/2017\/11\/magisteriovacaciones.jpg?fit=800%2C532&ssl=1&resize=525%2C300 1.5x, https:\/\/i0.wp.com\/moir.com.co\/web\/wp-content\/uploads\/2017\/11\/magisteriovacaciones.jpg?fit=800%2C532&ssl=1&resize=700%2C400 2x"},"classes":[]},{"id":12321,"url":"https:\/\/moir.com.co\/web\/programa-radial-de-tribuna-magisterial-mayo-7-de-2017\/","url_meta":{"origin":15030,"position":4},"title":"Programa Radial de Tribuna Magisterial, mayo 7 de 2017","author":"admin","date":"mayo 8, 2017","format":"audio","excerpt":"Bogot\u00e1, mayo 7 de 2017 En el programa del 7 de mayo de 2017 Mar\u00eda Antonieta Cano de la Junta Directiva de la ADE y directora del programa dedic\u00f3 la nota editorial a explicar las caracter\u00edsticas empresariales del D\u00eda E, la jornada del 10 de mayo tiene como fin la\u2026","rel":"","context":"En \u00abEducaci\u00f3n\u00bb","block_context":{"text":"Educaci\u00f3n","link":"https:\/\/moir.com.co\/web\/category\/temas\/educacion\/"},"img":{"alt_text":"","src":"https:\/\/i0.wp.com\/moir.com.co\/web\/wp-content\/uploads\/2016\/11\/tribmagton%CC%83a2.jpg?fit=298%2C268&ssl=1&resize=350%2C200","width":350,"height":200},"classes":[]},{"id":9427,"url":"https:\/\/moir.com.co\/web\/programa-radial-de-tribuna-magisterial-mayo-31-de-2015\/","url_meta":{"origin":15030,"position":5},"title":"Programa Radial de Tribuna Magisterial, mayo 31 de 2015","author":"admin","date":"junio 2, 2015","format":false,"excerpt":"En el programa del 31 de mayo de 2015 se entrevist\u00f3 a Francisco Torres del Comit\u00e9 Ejecutivo de FECODE, quien dio un informe completo sobre los avances de los acuerdos firmados con el Ministerio de Educaci\u00f3n el pasado 7 de Mayo frente al nuevo modelo de ascenso y reubicaci\u00f3n salarial\u2026","rel":"","context":"En \u00abTribuna Magisterial\u00bb","block_context":{"text":"Tribuna Magisterial","link":"https:\/\/moir.com.co\/web\/category\/tribuna-magisterial\/"},"img":{"alt_text":"","src":"","width":0,"height":0},"classes":[]}],"jetpack_sharing_enabled":true,"_links":{"self":[{"href":"https:\/\/moir.com.co\/web\/wp-json\/wp\/v2\/posts\/15030","targetHints":{"allow":["GET"]}}],"collection":[{"href":"https:\/\/moir.com.co\/web\/wp-json\/wp\/v2\/posts"}],"about":[{"href":"https:\/\/moir.com.co\/web\/wp-json\/wp\/v2\/types\/post"}],"author":[{"embeddable":true,"href":"https:\/\/moir.com.co\/web\/wp-json\/wp\/v2\/users\/1"}],"replies":[{"embeddable":true,"href":"https:\/\/moir.com.co\/web\/wp-json\/wp\/v2\/comments?post=15030"}],"version-history":[{"count":1,"href":"https:\/\/moir.com.co\/web\/wp-json\/wp\/v2\/posts\/15030\/revisions"}],"predecessor-version":[{"id":15031,"href":"https:\/\/moir.com.co\/web\/wp-json\/wp\/v2\/posts\/15030\/revisions\/15031"}],"wp:attachment":[{"href":"https:\/\/moir.com.co\/web\/wp-json\/wp\/v2\/media?parent=15030"}],"wp:term":[{"taxonomy":"category","embeddable":true,"href":"https:\/\/moir.com.co\/web\/wp-json\/wp\/v2\/categories?post=15030"},{"taxonomy":"post_tag","embeddable":true,"href":"https:\/\/moir.com.co\/web\/wp-json\/wp\/v2\/tags?post=15030"}],"curies":[{"name":"wp","href":"https:\/\/api.w.org\/{rel}","templated":true}]}}