{"id":15027,"date":"2018-05-02T17:54:50","date_gmt":"2018-05-02T17:54:50","guid":{"rendered":"https:\/\/moir.org.co\/web\/?p=15027"},"modified":"2018-05-02T17:54:50","modified_gmt":"2018-05-02T17:54:50","slug":"debate-pensional-todo-por-rescatar-las-afp","status":"publish","type":"post","link":"https:\/\/moir.com.co\/web\/debate-pensional-todo-por-rescatar-las-afp\/","title":{"rendered":"Debate pensional: \u00bfTodo por rescatar las AFP?"},"content":{"rendered":"<p><strong>Aurelio Su\u00e1rez Montoya, Bogot\u00e1, mayo 2 de 2018<\/strong><\/p>\n<p id=\"p212254-m29-28-30\" class=\"contenido\">\u201cLos escenarios dicen que el pasivo pensional va cayendo como porcentaje del PIB (\u2026) no hay bomba de tiempo\u201d, dijo Mauricio C\u00e1rdenas al clausurar el Congreso de Asofondos. En la Ocde sus miembros aplican en promedio el 8,2 % del PIB de fondos p\u00fablicos para las jubilaciones. En Colombia solo 3,9 %.<\/p>\n<p>C\u00e1rdenas desvirtu\u00f3 el relato del \u201cexcesivo\u201d y creciente gasto p\u00fablico para subsidiar a Colpensiones, entidad administradora del R\u00e9gimen de Prima Media (RPM) y Beneficios Econ\u00f3micos Peri\u00f3dicos (Beps), se\u00f1alada como el problema del sistema y a la que Anif pide \u201cmarchitar\u201d: que no reciba nuevos cotizantes.<\/p>\n<div id=\"sas_9343\" class=\"ad-unit\"><\/div>\n<p id=\"p212254-m49-2-50\" class=\"contenido\">Desde la Ley 100 de 1993 coexiste con el R\u00e9gimen de Ahorro Individual (RAI), que fija la pensi\u00f3n por el ahorro personal capitalizado mediante contribuci\u00f3n definida, sujeto a rentabilidades y tiempos y es administrado por las AFP. Su instauraci\u00f3n rompi\u00f3 solidaridades como la intergeneracional, donde los j\u00f3venes aportan para los pagos a los mayores; la social, reducida al 1,5 % de los salarios para el Fondo de Garant\u00eda de Pensi\u00f3n M\u00ednima y aportes adicionales cuando se devengan m\u00e1s de cuatro salarios m\u00ednimos; y as\u00ed mismo puso en entredicho la concurrencia de los impuestos para asegurar el derecho pensional.<\/p>\n<p>Al RAI pertenecen 14,84 millones de afiliados, con edad promedio de 44 a\u00f1os, la mitad, cotizantes activos. Acumula $ 227 billones y tiene solo 130.616 pensionados a cargo. Los afiliados al RPM, en cambio, son 6,52 millones, entre 45 y 55 a\u00f1os, tambi\u00e9n la mitad activa, pero responde por 1,3 mill\u00f3n pensionados y por los Beps y otros programas asistenciales. Colpensiones posee escasas reservas, pero el RPM lo paga principalmente el Estado mediante transferencias que para 2018 ser\u00e1n de $ 13,5 billones. Otros $ 28 billones se utilizar\u00e1n del Presupuesto General para las pensiones de 55.000 miembros de las FF. AA.; de 195.000 docentes y de los jubilados estatales, de distintas ramas y niveles, adscritos a la UGPP.<\/p>\n<p>Como el mercado laboral es fuente primaria del sistema, debe relacionarse con el mapa anterior. Seg\u00fan Anif, \u201cla formalidad laboral de Colombia no es del 43 % de la poblaci\u00f3n econ\u00f3micamente activa\u201d, sino que \u201cse acerca a un 27 % en promedio o al 15 %\u201d si se contabiliza solo a quienes cotizan durante todo el a\u00f1o. Y tres de cada cuatro cotizantes ganan menos de dos salarios m\u00ednimos mensuales.<\/p>\n<p>En tan precarias condiciones es muy baja la cobertura: solo una de cada cuatro personas, en edad de pensionarse, goza de tal derecho. As\u00ed mismo, el porcentaje del \u00faltimo salario que fija el valor de la pensi\u00f3n, llamado tasa de reemplazo, es en Colpensiones -en la mayor\u00eda de los casos- m\u00e1s del doble que en el RAI, lo cual ha estimulado el \u00e9xodo de este r\u00e9gimen.<\/p>\n<p>El \u2018Modelo de simulaci\u00f3n del RAI en Colombia\u2019 (Banrep, 2009) proyect\u00f3 que los ingresos ser\u00e1n menores que los gastos para las AFP entre 2030 y 2040. Entrar\u00edan en d\u00e9ficit estructural para responderles debidamente a la mayor\u00eda de afiliados que perciben bajas remuneraciones o que no cotizan todos los meses ni logran acumular para una pensi\u00f3n o las semanas necesarias; a lo cual se sumar\u00edan los desembolsos obligatorios por los cambios de r\u00e9gimen u otros motivos y los pagos de supervivencia a los beneficiarios. El BID (2015) ratific\u00f3 dicho riesgo como \u201cdeficiente funcionamiento del r\u00e9gimen privado de pensiones (RAI) en su parte de des-acumulaci\u00f3n\u201d, desequilibrando inclusive al oligopolio bancario que lo controla.<\/p>\n<p>Consciente del incierto futuro del RAI, la Comisi\u00f3n de Gasto P\u00fablico sugiere acudir al salvamento de las AFP: subir edades, aumentar semanas y porcentajes de cotizaci\u00f3n y asignar los cotizantes de salario m\u00ednimo solo al RPM. Su prioridad es mantener a las AFP ante todo, a\u00fan a costa de sus afiliados, como inversores que -con excedentes del ahorro laboral- sigan dinamizando el mercado especulativo, acciones, TES, mercados de deuda y futuros burs\u00e1tiles externos y hasta en v\u00edas 4G, y no como garantes efectivos del derecho fundamental a la seguridad social.<\/p>\n<p>Los cuellos de botella est\u00e1n tanto en la informalidad o semiinformalidad de la mayor\u00eda de los trabajadores como en el incumplimiento del RAI con los pron\u00f3sticos de hace 25 a\u00f1os de m\u00e1s cobertura, equidad y pensi\u00f3n adecuada. Los ajustes deben tocar la pol\u00edtica econ\u00f3mica \u2013financiada con bajos salarios, poco ingreso general disponible y el rebusque- y adem\u00e1s al RAI para que retome su genuina misi\u00f3n de proveer, entre otras, c\u00f3mo los excedentes de los j\u00f3venes ayudan a mejorar las condiciones para los mayores y tambi\u00e9n, si existen, corregir las desigualdades en el RPM. Resulta inicuo aplicar el \u201ctodo vale\u201d por rescatar a las AFP.<\/p>\n","protected":false},"excerpt":{"rendered":"<p>Aurelio Su\u00e1rez Montoya, Bogot\u00e1, mayo 2 de 2018 \u201cLos escenarios dicen que el pasivo pensional va cayendo como porcentaje del PIB (\u2026) no hay bomba de tiempo\u201d, dijo Mauricio C\u00e1rdenas al clausurar el Congreso de Asofondos. En la Ocde sus miembros aplican en promedio el 8,2 % del PIB de fondos p\u00fablicos para las jubilaciones. [&hellip;]<\/p>\n","protected":false},"author":1,"featured_media":15028,"comment_status":"open","ping_status":"open","sticky":false,"template":"","format":"standard","meta":{"advanced_seo_description":"","jetpack_seo_html_title":"","jetpack_seo_noindex":false,"_jetpack_memberships_contains_paid_content":false,"footnotes":""},"categories":[79,102,97,98,96],"tags":[],"class_list":["post-15027","post","type-post","status-publish","format-standard","has-post-thumbnail","hentry","category-aurelio-suarez-montoya","category-economia","category-imperialismo-y-neoliberalismo","category-politica","category-salud-y-pensiones"],"jetpack_featured_media_url":"https:\/\/i0.wp.com\/moir.com.co\/web\/wp-content\/uploads\/2018\/05\/pensiones1.jpg?fit=490%2C381&ssl=1","jetpack-related-posts":[{"id":6260,"url":"https:\/\/moir.com.co\/web\/reforma-pensional-o-ampliacion-de-negocios-al-capital-financiero\/","url_meta":{"origin":15027,"position":0},"title":"\u00bfReforma pensional o ampliaci\u00f3n de negocios al capital financiero?","author":"admin","date":"enero 29, 2012","format":false,"excerpt":"Transcurridas ya casi dos d\u00e9cadas de la privatizaci\u00f3n parcial de las pensiones es inocultable que \u00e9sta no brind\u00f3 soluciones a la seguridad social Ante el intento de George Bush de privatizar parcialmente las pensiones, Joseph Stiglitz afirm\u00f3 que no se necesita ser premio Nobel para darse cuenta de que \u201cla\u2026","rel":"","context":"En \u00abRevista de Prensa\u00bb","block_context":{"text":"Revista de Prensa","link":"https:\/\/moir.com.co\/web\/category\/prensa\/revista-de-prensa\/"},"img":{"alt_text":"","src":"","width":0,"height":0},"classes":[]},{"id":11506,"url":"https:\/\/moir.com.co\/web\/impuestos-indirectos-bajos-salarios-y-champana-en-wall-street\/","url_meta":{"origin":15027,"position":1},"title":"Impuestos indirectos, bajos salarios y champa\u00f1a en Wall Street","author":"admin","date":"enero 15, 2017","format":false,"excerpt":"Aurelio Su\u00e1rez Montoya, El Tiempo, Bogot\u00e1, enero 10 de 2017 \u00bfQui\u00e9n es el oculto ganador del 2016? La visita anunciada por el ministro C\u00e1rdenas da pistas. Es entendible el esfuerzo ciudadano en concentrarse en defender su poder adquisitivo luego de la reforma tributaria, sabiendo que cerca del 90 % de\u2026","rel":"","context":"En \u00abAurelio Su\u00e1rez Montoya\u00bb","block_context":{"text":"Aurelio Su\u00e1rez Montoya","link":"https:\/\/moir.com.co\/web\/category\/bitacoras\/aurelio-suarez-montoya\/"},"img":{"alt_text":"","src":"https:\/\/i0.wp.com\/moir.com.co\/web\/wp-content\/uploads\/2016\/12\/salariominimo4.jpg?fit=251%2C201&ssl=1&resize=350%2C200","width":350,"height":200},"classes":[]},{"id":15447,"url":"https:\/\/moir.com.co\/web\/pensiones-para-pasear-en-miami\/","url_meta":{"origin":15027,"position":2},"title":"Pensiones para pasear en Miami","author":"admin","date":"julio 17, 2018","format":false,"excerpt":"Mario Alejandro Valencia, Bogot\u00e1, julio 16 de 2018 Es extra\u00f1o que los banqueros est\u00e9n tan preocupados por la situaci\u00f3n fiscal del pa\u00eds, que ellos mismos han ayudado a agravar, con negocios lesivos para el patrimonio p\u00fablico como algunos de las alianzas p\u00fablico-privadas. Sergio Clavijo, director de la Asociaci\u00f3n Nacional de\u2026","rel":"","context":"En \u00abEconom\u00eda\u00bb","block_context":{"text":"Econom\u00eda","link":"https:\/\/moir.com.co\/web\/category\/temas\/economia\/"},"img":{"alt_text":"","src":"","width":0,"height":0},"classes":[]},{"id":13937,"url":"https:\/\/moir.com.co\/web\/la-nefasta-propuesta-pensional-de-los-banqueros\/","url_meta":{"origin":15027,"position":3},"title":"La nefasta propuesta pensional de los banqueros","author":"admin","date":"noviembre 25, 2017","format":false,"excerpt":"Mario Alejandro Valencia, Bogot\u00e1, noviembre 24 de 2017 La insistencia de ANIF en esta reforma y los propios hechos han demostrado que la Ley 100 fue un fracaso. Otra vez ANIF ha lanzado una propuesta para reformar el sistema pensional colombiano, y otra vez su contenido tiene el prop\u00f3sito de\u2026","rel":"","context":"En \u00abEconom\u00eda\u00bb","block_context":{"text":"Econom\u00eda","link":"https:\/\/moir.com.co\/web\/category\/temas\/economia\/"},"img":{"alt_text":"","src":"https:\/\/i0.wp.com\/moir.com.co\/web\/wp-content\/uploads\/2017\/11\/pensiones1.jpg?fit=490%2C381&ssl=1&resize=350%2C200","width":350,"height":200},"classes":[]},{"id":14169,"url":"https:\/\/moir.com.co\/web\/se-necesita-un-roosevelt-para-el-2018\/","url_meta":{"origin":15027,"position":4},"title":"\u00bfSe necesita un Roosevelt para el 2018?","author":"admin","date":"diciembre 26, 2017","format":false,"excerpt":"Aurelio Su\u00e1rez Montoya, Bogot\u00e1, diciembre 26 de 2017 La baja en la calificaci\u00f3n por Standard & Poor\u2019s de BBB a BBB- se explica porque \u2013aunque el pa\u00eds puede endeudarse m\u00e1s\u2013 est\u00e1 sujeto a condiciones econ\u00f3micas adversas expresadas en \u201ccrecimiento d\u00e9bil\u201d; \u201cbajo desempe\u00f1o de la reforma tributaria\u201d; \u201cdependencia de ingresos extraordinarios\u2026","rel":"","context":"En \u00abAgro\u00bb","block_context":{"text":"Agro","link":"https:\/\/moir.com.co\/web\/category\/temas\/agro\/"},"img":{"alt_text":"","src":"","width":0,"height":0},"classes":[]},{"id":13676,"url":"https:\/\/moir.com.co\/web\/en-economia-no-a-los-mismos-con-las-mismas\/","url_meta":{"origin":15027,"position":5},"title":"En econom\u00eda, no a los mismos con las mismas","author":"admin","date":"octubre 30, 2017","format":false,"excerpt":"Aurelio Su\u00e1rez Montoya, El Tiempo, Bogot\u00e1, octubre 30 de 2017 El 7 de agosto, hace casi tres meses, al cumplir siete a\u00f1os el mandato de Juan Manuel Santos, el ministro de Hacienda, Mauricio C\u00e1rdenas, public\u00f3 un documento denominado \u2018Colombia en cifras\u2019, en el que muestra la evoluci\u00f3n de algunas variables\u2026","rel":"","context":"En \u00abAurelio Su\u00e1rez Montoya\u00bb","block_context":{"text":"Aurelio Su\u00e1rez Montoya","link":"https:\/\/moir.com.co\/web\/category\/bitacoras\/aurelio-suarez-montoya\/"},"img":{"alt_text":"","src":"https:\/\/i0.wp.com\/moir.com.co\/web\/wp-content\/uploads\/2017\/09\/aureliosuarezblu.jpg?fit=650%2C466&ssl=1&resize=350%2C200","width":350,"height":200,"srcset":"https:\/\/i0.wp.com\/moir.com.co\/web\/wp-content\/uploads\/2017\/09\/aureliosuarezblu.jpg?fit=650%2C466&ssl=1&resize=350%2C200 1x, https:\/\/i0.wp.com\/moir.com.co\/web\/wp-content\/uploads\/2017\/09\/aureliosuarezblu.jpg?fit=650%2C466&ssl=1&resize=525%2C300 1.5x"},"classes":[]}],"jetpack_sharing_enabled":true,"_links":{"self":[{"href":"https:\/\/moir.com.co\/web\/wp-json\/wp\/v2\/posts\/15027","targetHints":{"allow":["GET"]}}],"collection":[{"href":"https:\/\/moir.com.co\/web\/wp-json\/wp\/v2\/posts"}],"about":[{"href":"https:\/\/moir.com.co\/web\/wp-json\/wp\/v2\/types\/post"}],"author":[{"embeddable":true,"href":"https:\/\/moir.com.co\/web\/wp-json\/wp\/v2\/users\/1"}],"replies":[{"embeddable":true,"href":"https:\/\/moir.com.co\/web\/wp-json\/wp\/v2\/comments?post=15027"}],"version-history":[{"count":1,"href":"https:\/\/moir.com.co\/web\/wp-json\/wp\/v2\/posts\/15027\/revisions"}],"predecessor-version":[{"id":15029,"href":"https:\/\/moir.com.co\/web\/wp-json\/wp\/v2\/posts\/15027\/revisions\/15029"}],"wp:featuredmedia":[{"embeddable":true,"href":"https:\/\/moir.com.co\/web\/wp-json\/wp\/v2\/media\/15028"}],"wp:attachment":[{"href":"https:\/\/moir.com.co\/web\/wp-json\/wp\/v2\/media?parent=15027"}],"wp:term":[{"taxonomy":"category","embeddable":true,"href":"https:\/\/moir.com.co\/web\/wp-json\/wp\/v2\/categories?post=15027"},{"taxonomy":"post_tag","embeddable":true,"href":"https:\/\/moir.com.co\/web\/wp-json\/wp\/v2\/tags?post=15027"}],"curies":[{"name":"wp","href":"https:\/\/api.w.org\/{rel}","templated":true}]}}