{"id":15014,"date":"2018-05-02T14:52:07","date_gmt":"2018-05-02T14:52:07","guid":{"rendered":"https:\/\/moir.org.co\/web\/?p=15014"},"modified":"2018-05-02T14:52:07","modified_gmt":"2018-05-02T14:52:07","slug":"lo-que-grita-la-comuna-13","status":"publish","type":"post","link":"https:\/\/moir.com.co\/web\/lo-que-grita-la-comuna-13\/","title":{"rendered":"Lo que grita la comuna 13"},"content":{"rendered":"<p><strong><a href=\"http:\/\/lasillavacia.com\/users\/amaury-nunez-gonzalez\">Amaury N\u00fa\u00f1ez Gonz\u00e1lez<\/a>, Medell\u00edn, abril 30 de 2018<\/strong><\/p>\n<p>Seis muertos y tres heridos en 24 horas, balaceras, extorsiones, retenes, panfletos, un bus quemado en un barrio cercano, vacunas, toque de queda desde las siete de la noche. Los Habitantes de Socorro, La Pradera, Juan XXIII, La Quiebra y La Divisa est\u00e1n en medio del terror. La \u00faltima semana en la comuna 13 -San Javier- de Medell\u00edn recuerda sus peores tiempos.<\/p>\n<p>&nbsp;<\/p>\n<p><strong>La desestabilizaci\u00f3n<\/strong><\/p>\n<p>Se conoci\u00f3 la existencia de un plan para \u201cdesestabilizar\u201d Medell\u00edn, coordinado por las bandas criminales.\u00a0<a class=\"twitter-timeline-link\" href=\"https:\/\/twitter.com\/tobonvillada\/status\/990011047254855682\" target=\"_blank\" rel=\"nofollow noopener\">Una conversaci\u00f3n<\/a>\u00a0entre Edison Rojas, alias \u201cPichi gordo\u201d, cabecilla de La Oficina recluido en la c\u00e1rcel de m\u00e1xima seguridad de Itag\u00fc\u00ed, y Freyner Ram\u00edrez, alias \u201cCarlos Pesebre\u201d, confirma que van a \u201ctrabajar juntos en la misma direcci\u00f3n\u201d para \u201cquitarle popularidad al alcalde\u201d.<\/p>\n<p>Pesebre se encuentra recluido en la c\u00e1rcel de C\u00f3mbita, Boyac\u00e1, y su zona de influencia son las comunas 13 y 7, San Javier y Robledo. En la comuna seis -12 de octubre-, el mando de las bandas lo tiene Jos\u00e9 Leonardo Mu\u00f1oz, alias \u201cDouglas\u201d. Ambos est\u00e1n en el mismo patio, y desde all\u00ed coordinan, a trav\u00e9s de Pichi, robos, amenazas, extorsiones y cobro de vacunas.<\/p>\n<p>Tres cuartas partes de las organizaciones ilegales del \u00e1rea metropolitana est\u00e1n bajo el mando de Juan Carlos Mesa, alias \u201cTom\u201d, recluido en La Picota, quien es aliado del Clan del Golfo y jefe de las operaciones en el sector de Altavista. Contra sus dominios tambi\u00e9n dirige acciones la alianza, seg\u00fan\u00a0<a class=\"twitter-timeline-link\" href=\"https:\/\/www.bluradio.com\/medellin\/este-es-el-mundo-criminal-que-se-esta-enfrentado-en-medellin-176637-ie430\" target=\"_blank\" rel=\"nofollow noopener\">lo revel\u00f3 Blu Radio<\/a>, para hacerse con mayor control territorial.<\/p>\n<p>\u201cA m\u00ed no me asustan con r\u00e1fagas\u201d,\u00a0<a class=\"twitter-timeline-link\" href=\"https:\/\/www.bluradio.com\/medellin\/mi-no-me-asustan-con-rafagas-alcalde-de-medellin-bandas-176631-ie430\" target=\"_blank\" rel=\"nofollow noopener\">dijo<\/a>, verraco, el alcalde Federico Guti\u00e9rrez. Mientras se encontraba de viaje, su alcalde encargado, el secretario de gobierno Santiago G\u00f3mez, sentenci\u00f3: \u201cojal\u00e1 no se tuviera que llegar al punto de necesitar otra Operaci\u00f3n Ori\u00f3n en la 13\u201d. La preocupaci\u00f3n que despert\u00f3 la declaraci\u00f3n no es exagerada.<\/p>\n<p>&nbsp;<\/p>\n<p><strong>Ori\u00f3n<\/strong><\/p>\n<p>El 11 de agosto de 2002, el gobierno de \u00c1lvaro Uribe V\u00e9lez declar\u00f3 el Estado de Conmoci\u00f3n Interior. La comuna 13 de Medell\u00edn, para ese entonces con fuerte presencia de milicias urbanas de las Farc, el ELN y los Comandos Armados del Pueblo, fue escenario de cinco operaciones militares. Entre el 16 y 17 de octubre de 2002 llegaron a la zona 1.500 efectivos de la IV Brigada del Ej\u00e9rcito, el DAS, el Gaula y el CTI de la Fiscal\u00eda. El alcalde era Luis P\u00e9rez Guti\u00e9rrez, hoy gobernador de Antioquia, y el ministerio de defensa lo dirig\u00eda Marta Luc\u00eda Ram\u00edrez, hoy candidata vicepresidencial.<\/p>\n<p>No hay un balance un\u00edvoco, como es natural sobre un hecho del cual queda mucho por esclarecer. La operaci\u00f3n dej\u00f3 88 muertos, 200 heridos, 355 capturas, al menos 95 desaparecidos y 155 allanamientos. Y las v\u00edctimas civiles: un muerto, 36 heridos y ocho desaparecidos. Pasados cinco a\u00f1os, en 2007, hab\u00edan sido condenados solo dos de los 355 capturados en la operaci\u00f3n.<\/p>\n<p>La otra consecuencia fue la instalaci\u00f3n del bloque Cacique Nutibara en la zona. Paramilitarismo \u201ccuidando\u201d, vigilando, controlando, imponiendo su ley: lo \u201cpara\u201d en todo su esplendor. Una transferencia vivita del poder, con la anuencia, a la vez que ausencia, del Estado.<\/p>\n<p>Diego Fernando Murillo, alias \u201cDon Berna\u201d, ex paramilitar comandante de ese bloque,\u00a0<a class=\"twitter-timeline-link\" href=\"https:\/\/verdadabierta.com\/si-dice-la-verdad-don-berna-tendria-otra-oportunidad\/\" target=\"_blank\" rel=\"nofollow noopener\">declar\u00f3<\/a>\u00a0ante la Corte Federal del Distrito Sur de Nueva York que la operaci\u00f3n se produjo en alianza con la IV Brigada del Ej\u00e9rcito. Con el tiempo se conocer\u00eda la existencia de La Escombrera, un cementerio de 100 fosas comunes y 300 restos, seg\u00fan el mismo Don Berna.<\/p>\n<p><a class=\"twitter-timeline-link\" href=\"http:\/\/www.corteidh.or.cr\/docs\/casos\/articulos\/seriec_325_esp.pdf\" target=\"_blank\" rel=\"nofollow noopener\">En 2016 la Corte Interamericana de Derechos Humanos<\/a>, a trav\u00e9s de sentencia el 22 de noviembre, declar\u00f3 responsable al Estado colombiano por el manejo arbitrario del Estado de Excepci\u00f3n y la operaci\u00f3n en 2002, el asesinato de la defensora de Derechos Humanos Ana Teresa Yarce en 2004 y no dar garant\u00edas para el retorno de desplazados a la zona, m\u00e1s de 1.200.<\/p>\n<p>La operaci\u00f3n Ori\u00f3n es todo lo que no puede pasar ni repetirse: una violencia desbordada contra todo lo que se mueva (o se\u00f1ale un para) en un barrio de pobres, en su inmensa mayor\u00eda civiles.<\/p>\n<p>&nbsp;<\/p>\n<p><strong>Carne de ca\u00f1\u00f3n<\/strong><\/p>\n<p>J\u00f3venes del colegio a la esquina, de la barriada al combo, del l\u00e1piz al calibre 38. De acuerdo con cifras de la alcald\u00eda de Medell\u00edn, de un total de 214.820 bachilleres entre los 16 y 28 a\u00f1os que hay en la ciudad, el 44 por ciento asisten a la educaci\u00f3n superior. Pero en la comuna 13 la cobertura baja a 32 por ciento. En los barrios m\u00e1s pobres, teatro de toda clase de pandillas, la cobertura va del 24 al 29 por ciento.<\/p>\n<p>En Colombia la mitad de los desempleados tiene menos de 28 a\u00f1os y, seg\u00fan el Dane, el desempleo es del 9,4 por ciento mientras que\u00a0<a class=\"twitter-timeline-link\" href=\"https:\/\/www.dane.gov.co\/files\/investigaciones\/boletines\/ech\/juventud\/Bol_eje_juventud_dic17_feb18.pdf\" target=\"_blank\" rel=\"nofollow noopener\">en la juventud es del 17,7<\/a>\u00a0por ciento. Medell\u00edn es la sexta ciudad del pa\u00eds con mayor desempleo juvenil, con una tasa del 18 por ciento.<\/p>\n<p>De cada 100 colombianos en edad de trabajar 57 son j\u00f3venes, y el 21 por ciento de quienes tienen entre 14 y 28 a\u00f1os\u00a0<a class=\"twitter-timeline-link\" href=\"http:\/\/ail.ens.org.co\/informe-especial\/la-ens-presenta-x-informe-trabajo-decente-colombia-2007-2016-desigualdad-deficit-trabajo-digno-decente\/\" target=\"_blank\" rel=\"nofollow noopener\">ni estudia ni trabaja<\/a>. De cada 10 j\u00f3venes solo dos tendr\u00e1n pensi\u00f3n en el a\u00f1o 2050, seg\u00fan la\u00a0<a class=\"twitter-timeline-link\" href=\"http:\/\/www.repository.fedesarrollo.org.co\/bitstream\/handle\/11445\/2724\/LIB_2015_MCE_completo.pdf?sequence=5&amp;isAllowed=y\" target=\"_blank\" rel=\"nofollow noopener\">Misi\u00f3n Colombia Envejece<\/a>.<\/p>\n<p>Mike Davis, en su libro &#8220;Planeta de ciudades miseria&#8221;, habla de c\u00f3mo \u201cla pobreza urbana es la nueva cara de la inequidad\u201d, producto de una econom\u00eda que margina cada vez m\u00e1s a los pobres de la ciudad. Frente a esa sin salida, donde no hay ni estado ni asistencia social ni trabajo ni educaci\u00f3n, o son insuficientes, \u00bfqu\u00e9 pueden hacer los pobres?<\/p>\n<p>Hoy, en ese rechazo a la marginalidad de parte de quienes la padecen, crece el uso de dos v\u00edas: \u201cel repudio de la modernidad\u201d, de las formas modernas de civilizaci\u00f3n, o la \u201ctentativa de recuperar sus promesas reprimidas\u201d, lo que sus padres no pudieron, lo que ellos esperaron y que nadie -ni el Estado, ni los privados, ni la econom\u00eda- les ofreci\u00f3.<\/p>\n<p>Es com\u00fan que haya j\u00f3venes en los m\u00e1rgenes del mundo urbano (desde Estambul hasta Par\u00eds) que abracen \u201cel nihilismo religioso de la yihad salafista y gocen con la destrucci\u00f3n de los mayores s\u00edmbolos de la modernidad\u201d. Equiparable, como en otra cara de la misma moneda, con que en los mismos m\u00e1rgenes de subsistencia y abandono se lancen a la econom\u00eda ilegal del narcotr\u00e1fico, el gota a gota, las vacunas, la extorsi\u00f3n, las milicias y las consecuentes guerras urbanas.<\/p>\n<p>El debate m\u00e1s honesto, se sigue de\u00a0Davis, es abordar la violencia cotidiana que ejerce la exclusi\u00f3n econ\u00f3mica. No hay soluci\u00f3n a la vista con criminalizar a los marginados sin atacar las causas de la marginalidad. Suena a perogrullada, pero los que mandan lo tienen tan olvidado. No est\u00e1 en discusi\u00f3n que el monopolio de las armas sea del Estado, pero esa criminalizaci\u00f3n genera un futuro inacabable de guerras callejeras, aunada por la promesa de un nuevo mundo feliz que la econom\u00eda no ha cumplido. Y ni que decir de la pol\u00edtica, o de los pol\u00edticos.<\/p>\n<p><a class=\"twitter-atreply\" href=\"https:\/\/twitter.com\/AmauryNG\">@AmauryNG<\/a><\/p>\n","protected":false},"excerpt":{"rendered":"<p>Amaury N\u00fa\u00f1ez Gonz\u00e1lez, Medell\u00edn, abril 30 de 2018 Seis muertos y tres heridos en 24 horas, balaceras, extorsiones, retenes, panfletos, un bus quemado en un barrio cercano, vacunas, toque de queda desde las siete de la noche. Los Habitantes de Socorro, La Pradera, Juan XXIII, La Quiebra y La Divisa est\u00e1n en medio del terror. [&hellip;]<\/p>\n","protected":false},"author":1,"featured_media":15015,"comment_status":"open","ping_status":"open","sticky":false,"template":"","format":"standard","meta":{"advanced_seo_description":"","jetpack_seo_html_title":"","jetpack_seo_noindex":false,"_jetpack_memberships_contains_paid_content":false,"footnotes":""},"categories":[102,103,97,98,111],"tags":[],"class_list":["post-15014","post","type-post","status-publish","format-standard","has-post-thumbnail","hentry","category-economia","category-educacion","category-imperialismo-y-neoliberalismo","category-politica","category-vivienda-y-desarrollo-urbano"],"jetpack_featured_media_url":"https:\/\/i0.wp.com\/moir.com.co\/web\/wp-content\/uploads\/2018\/05\/comuna13medellin.jpeg?fit=259%2C194&ssl=1","jetpack-related-posts":[{"id":7328,"url":"https:\/\/moir.com.co\/web\/ciudad-innovadora-luz-en-la-calle-oscuridad-en-la-casa\/","url_meta":{"origin":15014,"position":0},"title":"Ciudad innovadora: luz en la calle, oscuridad en la casa","author":"admin","date":"marzo 3, 2013","format":false,"excerpt":"Medell\u00edn fue elegida la ciudad m\u00e1s innovadora del mundo por el Citigroup y The Wall Street Journal. De entrada, es extra\u00f1o que un banco acusado de corrupci\u00f3n y contertulio con los causantes de la crisis econ\u00f3mica internacional y el peri\u00f3dico de Rupert Murdoch, el magnate de las comunicaciones, otorguen premios\u2026","rel":"","context":"En \u00abTemas\u00bb","block_context":{"text":"Temas","link":"https:\/\/moir.com.co\/web\/category\/temas\/"},"img":{"alt_text":"","src":"","width":0,"height":0},"classes":[]},{"id":20244,"url":"https:\/\/moir.com.co\/web\/40-dias-duro-el-cese-de-ee-pp-de-medellin\/","url_meta":{"origin":15014,"position":1},"title":"40 D\u00cdAS DUR\u00d3 EL CESE DE EE.PP. DE MEDELL\u00cdN","author":"admin","date":"octubre 12, 2004","format":false,"excerpt":"Cinco contrapliegos utilizados como trampas arteras por las EE.PP. de Medell\u00edn, en un lapso de ocho a\u00f1os, maduraron las condiciones para que, finalmente, el 13 de junio, estallara el conflicto m\u00e1s vigoroso y duradero que haya librado el sindicato a trav\u00e9s de su combativa historia. Diecinueve d\u00edas despu\u00e9s de un\u2026","rel":"","context":"En \u00abTribuna Roja N\u00ba 27, primera quincena de agosto de 1977\u00bb","block_context":{"text":"Tribuna Roja N\u00ba 27, primera quincena de agosto de 1977","link":"https:\/\/moir.com.co\/web\/category\/tribuna-roja\/ediciones-1975-1979\/tribuna-roja-no-27-primera-quincena-de-agosto-de-1977\/"},"img":{"alt_text":"","src":"","width":0,"height":0},"classes":[]},{"id":8009,"url":"https:\/\/moir.com.co\/web\/diputado-jorge-gomez-respalda-movilizacion-de-transportadores-de-medellin-carlos-gaviria-en-el-evento-de-clara-lopez-con-pequenos-y-medianos-mineros\/","url_meta":{"origin":15014,"position":2},"title":"Diputado Jorge G\u00f3mez respalda movilizaci\u00f3n de transportadores de Medell\u00edn. Carlos Gaviria en el evento de Clara L\u00f3pez con peque\u00f1os y medianos mineros","author":"admin","date":"octubre 22, 2013","format":false,"excerpt":"El diputado del Polo Democr\u00e1tico Alternativo en Antioquia, Jorge G\u00f3mez respalda la movilizaci\u00f3n de la Asociaci\u00f3n de Transportadores Colectivo del Valle de Aburra y de la Mesa por el Derecho a la Ciudad en protesta por la expropiaci\u00f3n de las rutas para buses y flotas de las cuencas 3 y\u2026","rel":"","context":"En \u00abPolo Democr\u00e1tico Alternativo\u00bb","block_context":{"text":"Polo Democr\u00e1tico Alternativo","link":"https:\/\/moir.com.co\/web\/category\/polo-democratico-alternativo\/"},"img":{"alt_text":"","src":"","width":0,"height":0},"classes":[]},{"id":557,"url":"https:\/\/moir.com.co\/web\/a-los-companeros-de-la-ustc-medellin\/","url_meta":{"origin":15014,"position":3},"title":"A LOS COMPA\u00d1EROS DE LA USTC MEDELL\u00cdN","author":"admin","date":"agosto 11, 2004","format":false,"excerpt":"Compa\u00f1ero ROM\u00c1N HERN\u00c1NDEZ SIMBAQUEVA Presidente USTC Subdirectiva Medell\u00edn Apreciado compa\u00f1ero: Consciente de la importancia que para la soberan\u00eda econ\u00f3mica de nuestra naci\u00f3n revest\u00eda preservar a Telecom como empresa estrat\u00e9gica del Estado, adelant\u00e9 en el Senado de la Rep\u00fablica una serie de debates contra la pol\u00edtica oficial. Infortunadamente, por una serie\u2026","rel":"","context":"En \u00abJorge Enrique Robledo\u00bb","block_context":{"text":"Jorge Enrique Robledo","link":"https:\/\/moir.com.co\/web\/category\/jorge-enrique-robledo\/"},"img":{"alt_text":"","src":"","width":0,"height":0},"classes":[]},{"id":2861,"url":"https:\/\/moir.com.co\/web\/proyecto-de-ley-112-de-2007-camara-340-de-2008-senado-y-pobreza-de-los-usuarios\/","url_meta":{"origin":15014,"position":4},"title":"PROYECTO DE LEY 112 DE 2007 (C\u00c1MARA), 340 de 2008 (SENADO)  Y POBREZA DE LOS USUARIOS","author":"admin","date":"marzo 27, 2009","format":false,"excerpt":"Ponencia presentada por Javier Gaviria Betancur, Presidente de la Asociaci\u00f3n Antioque\u00f1a de Ligas de Usuarios de los Servicios P\u00fablicos Domiciliarios \u2013 ASULUS, en el Foro Nacional del 19 de marzo de 2009, convocado por el Senador Alexander L\u00f3pez, Sintraemsdes, Sintratel\u00e9fonos Bogot\u00e1, Sintraemcali y Atelca. Auditorio Luis Guillermo V\u00e9lez del Senado\u2026","rel":"","context":"Entrada similar","block_context":{"text":"Entrada similar","link":""},"img":{"alt_text":"","src":"","width":0,"height":0},"classes":[]},{"id":10181,"url":"https:\/\/moir.com.co\/web\/en-el-plan-de-desarrollo-de-medellin-no-existe-la-industria-cedetrabajo-antioquia\/","url_meta":{"origin":15014,"position":5},"title":"\u201cEn el Plan de Desarrollo de Medell\u00edn no existe la industria\u201d: Cedetrabajo Antioquia","author":"admin","date":"mayo 27, 2016","format":false,"excerpt":"En el Concejo de Medell\u00edn se debate el Plan de Desarrollo presentado por el Alcalde de la ciudad, Federico Guti\u00e9rrez. Son 635 p\u00e1ginas de buenas intenciones, de frases de caj\u00f3n y, especialmente, de continuidad en el modelo aplicado durante 25 a\u00f1os: internacionalizaci\u00f3n, emprendimiento e innovaci\u00f3n. Los discursos o planes de\u2026","rel":"","context":"En \u00abPronunciamientos de Organizaciones Sociales\u00bb","block_context":{"text":"Pronunciamientos de Organizaciones Sociales","link":"https:\/\/moir.com.co\/web\/category\/pronunciamientos-de-organizaciones-sociales\/"},"img":{"alt_text":"","src":"","width":0,"height":0},"classes":[]}],"jetpack_sharing_enabled":true,"_links":{"self":[{"href":"https:\/\/moir.com.co\/web\/wp-json\/wp\/v2\/posts\/15014","targetHints":{"allow":["GET"]}}],"collection":[{"href":"https:\/\/moir.com.co\/web\/wp-json\/wp\/v2\/posts"}],"about":[{"href":"https:\/\/moir.com.co\/web\/wp-json\/wp\/v2\/types\/post"}],"author":[{"embeddable":true,"href":"https:\/\/moir.com.co\/web\/wp-json\/wp\/v2\/users\/1"}],"replies":[{"embeddable":true,"href":"https:\/\/moir.com.co\/web\/wp-json\/wp\/v2\/comments?post=15014"}],"version-history":[{"count":1,"href":"https:\/\/moir.com.co\/web\/wp-json\/wp\/v2\/posts\/15014\/revisions"}],"predecessor-version":[{"id":15016,"href":"https:\/\/moir.com.co\/web\/wp-json\/wp\/v2\/posts\/15014\/revisions\/15016"}],"wp:featuredmedia":[{"embeddable":true,"href":"https:\/\/moir.com.co\/web\/wp-json\/wp\/v2\/media\/15015"}],"wp:attachment":[{"href":"https:\/\/moir.com.co\/web\/wp-json\/wp\/v2\/media?parent=15014"}],"wp:term":[{"taxonomy":"category","embeddable":true,"href":"https:\/\/moir.com.co\/web\/wp-json\/wp\/v2\/categories?post=15014"},{"taxonomy":"post_tag","embeddable":true,"href":"https:\/\/moir.com.co\/web\/wp-json\/wp\/v2\/tags?post=15014"}],"curies":[{"name":"wp","href":"https:\/\/api.w.org\/{rel}","templated":true}]}}