{"id":15011,"date":"2018-04-30T22:15:37","date_gmt":"2018-04-30T22:15:37","guid":{"rendered":"https:\/\/moir.org.co\/web\/?p=15011"},"modified":"2018-04-30T22:15:37","modified_gmt":"2018-04-30T22:15:37","slug":"hay-que-derrotar-la-corrupcion-es-ya-un-cancer-en-cartagena-munera","status":"publish","type":"post","link":"https:\/\/moir.com.co\/web\/hay-que-derrotar-la-corrupcion-es-ya-un-cancer-en-cartagena-munera\/","title":{"rendered":"\u2018Hay que derrotar la corrupci\u00f3n, es ya un c\u00e1ncer en Cartagena\u2019, M\u00fanera"},"content":{"rendered":"<p><strong>Entrevista de<\/strong>\u00a0<b>John Monta\u00f1o a David M\u00fanera, El Tiempo, Cartagena, abril 30 de 2018<\/b><\/p>\n<p><em>El exconcejal y abogado David M\u00fanera Cavad\u00eda busca alcanzar la Alcald\u00eda en elecciones at\u00edpicas.<\/em><\/p>\n<p id=\"p211634-m387-386-388\" class=\"contenido\"><b>Con una marcha contra la corrupci\u00f3n, en la cual lo acompa\u00f1\u00f3 el senador Jorge Enrique Robledo, el exconcejal y hoy candidato al primer cargo de la ciudad, David M\u00fanera Cavad\u00eda llam\u00f3 a los cartageneros a votar a conciencia y a no vender el futuro de Cartagena por 50.000 pesos o un tamal.<\/b><\/p>\n<p id=\"p211634-m434-2-435\" class=\"contenido\"><b>\u201cEstoy muy preocupado porque si no derrotamos la corrupci\u00f3n en estos momento tan grises y de decadencia que vive la ciudad, lo que estamos viendo es que la corrupci\u00f3n ya es un c\u00e1ncer, al cual las maquinarias le est\u00e1n metiendo toda la plata del mundo, y as\u00ed como lo hicieron con Dionisio V\u00e9lez y Manuel Vicente Duque, ellos tienen que recuperar su plata y con alt\u00edsimos r\u00e9ditos\u201d,<\/b>\u00a0se\u00f1al\u00f3 M\u00fanera, uno de los concejales considerado como destacado que ha tenido Cartagena en los \u00faltimos a\u00f1os.<\/p>\n<p>Limpio de esc\u00e1ndalos, el candidato del Polo Democr\u00e1tico, lider\u00f3 la marcha contra la corrupci\u00f3n en la que lo acompa\u00f1aron unas 1.000 personas que se tomaron la Avenida Venezuela entre la India Catalina y la Torre del Reloj.<\/p>\n<p><b>\u201cGran parte de los industriales de la ciudad financian campa\u00f1as para despu\u00e9s ser beneficiados. Los financistas son los de siempre: La Gata, el Turco Hilsaca, y ahora los Char tambi\u00e9n est\u00e1n financiando campa\u00f1as\u201d,<\/b>\u00a0sostuvo M\u00fanera .<\/p>\n<p>\u201cTambi\u00e9n financian los Garc\u00eda, los Montes, los Blel, Dayra, y Lidio Garc\u00eda, as\u00ed como Karen Cure que es de la misma l\u00ednea de La Gata o Los Curi: estas casas pol\u00edticas y financistas no tienen un solo candidato, tienen dos. El plan A y el plan B\u201d, sostuvo el candidato del Polo en la marcha contra los corruptos.<\/p>\n<p>M\u00fanera plantea que si en Cartagena no se le quitan el poder a las casas pol\u00edticas y al \u2018partido de los financistas\u2019, la ciudad seguir\u00e1 en crisis.<\/p>\n<p>El candidato argumenta que ha hecho una campa\u00f1a austera y sus reuniones son en casas de familia, siempre cercano a la gente y sus eventos est\u00e1n alejados de las grandes producciones y tarimas.<\/p>\n<p>\u201cMire como se est\u00e1n moviendo las maquinarias: a Quinto Guerra lo respalda la Unidad Nacional y gran parte de la bancada bolivarense. A Andr\u00e9s Betancourt lo respalda el exgobernador Juan Carlos Gossa\u00edn y Dayra Galvis\u201d, agrega.<\/p>\n<p>De hecho, la presentaci\u00f3n oficial del candidato conservador, Quinto Guerra, la hizo el senador m\u00e1s votado del partido liberal, Lidio Garc\u00eda.<\/p>\n<p><b>Hay que votas a conciencia\u00a0<\/b><\/p>\n<p><b>\u201cVotar bien y a conciencia\u201d, es el llamado que hace M\u00fanera a los cartageneros.<br \/>\n\u201cLa \u00fanica forma en que podemos derrotar las mafias de la burocracia y la contrataci\u00f3n, las mismas que se est\u00e1n quedando con los recursos p\u00fablicos, es votar a conciencia: \u00a1No se puede seguir vendiendo el voto!\u201d,<\/b>\u00a0dice el abogado y exconcejal.<\/p>\n<p>Y consecuente con su discurso, su plan de gobierno plantea una lucha frontal contra la corrupci\u00f3n, depurando la administraci\u00f3n p\u00fablica de cuotas burocr\u00e1ticas.<br \/>\n<b>\u201cTambi\u00e9n tenemos que atacar la pobreza. Tenemos 250.000 personas en la pobreza y 50.000 en la pobreza absoluta\u201d<\/b>, asegura.<\/p>\n<p>En su agenda est\u00e1 la educaci\u00f3n, sector en el que promete mayor inversi\u00f3n y erradicar los contratos que han desangrado a colegios y programas en la \u00faltima d\u00e9cada.<\/p>\n<p><b>\u201cOtro problema urgente es la inseguridad y ese tema est\u00e1 ligado con la soluci\u00f3n de los problemas sociales\u201d,\u00a0<\/b>expone.<\/p>\n<p>En temas de movilidad dice que le exigir\u00e1 a Transcaribe ampliar rutas y conectividad.<\/p>\n<p><b>\u201cVamos a revisar todas las concesiones, a eliminar los peajes, no podemos entregar el alumbrado p\u00fablico, y ojo con las ganancias millonarias que se est\u00e1 llevando Acuacar. Esos recursos que est\u00e1n en manos de consorcios deben ser para fortalecer las finanzas p\u00fablicas y as\u00ed recuperar la credibilidad y confianza en la administraci\u00f3n\u201d,<\/b>concluye.<\/p>\n","protected":false},"excerpt":{"rendered":"<p>Entrevista de\u00a0John Monta\u00f1o a David M\u00fanera, El Tiempo, Cartagena, abril 30 de 2018 El exconcejal y abogado David M\u00fanera Cavad\u00eda busca alcanzar la Alcald\u00eda en elecciones at\u00edpicas. Con una marcha contra la corrupci\u00f3n, en la cual lo acompa\u00f1\u00f3 el senador Jorge Enrique Robledo, el exconcejal y hoy candidato al primer cargo de la ciudad, David [&hellip;]<\/p>\n","protected":false},"author":1,"featured_media":15012,"comment_status":"open","ping_status":"open","sticky":false,"template":"","format":"standard","meta":{"advanced_seo_description":"","jetpack_seo_html_title":"","jetpack_seo_noindex":false,"_jetpack_memberships_contains_paid_content":false,"footnotes":""},"categories":[102,97,98,111],"tags":[],"class_list":["post-15011","post","type-post","status-publish","format-standard","has-post-thumbnail","hentry","category-economia","category-imperialismo-y-neoliberalismo","category-politica","category-vivienda-y-desarrollo-urbano"],"jetpack_featured_media_url":"https:\/\/i0.wp.com\/moir.com.co\/web\/wp-content\/uploads\/2018\/04\/davidmuneraet2018.jpeg?fit=950%2C475&ssl=1","jetpack-related-posts":[{"id":10364,"url":"https:\/\/moir.com.co\/web\/mientras-los-corruptos-andan-sueltos-la-procuraduria-se-dedica-a-perseguir-a-quienes-luchamos-por-hacer-cumplir-la-ley-ex-concejal-david-munera-cavadia\/","url_meta":{"origin":15011,"position":0},"title":"\u201cMientras los corruptos andan sueltos La Procuradur\u00eda se dedica a perseguir a quienes luchamos por hacer cumplir la Ley\u201d: Ex concejal David M\u00fanera Cavad\u00eda","author":"admin","date":"septiembre 7, 2016","format":false,"excerpt":"\u201cEl pasado 06 de septiembre de 2016 El Procurador Delegado de Vigilancia Administrativa, Gustavo Adolfo Castro Capera, me impuso una suspensi\u00f3n de seis meses, relacionada con mi actuaci\u00f3n como concejal de Cartagena al aprobar el Acuerdo 020 de 2015, que reglament\u00f3 la elecci\u00f3n del Contralor Distrital, mediante el cual se\u2026","rel":"","context":"En \u00abTemas\u00bb","block_context":{"text":"Temas","link":"https:\/\/moir.com.co\/web\/category\/temas\/"},"img":{"alt_text":"","src":"","width":0,"height":0},"classes":[]},{"id":13151,"url":"https:\/\/moir.com.co\/web\/robledo-castro-y-munera-los-candidatos-del-movimiento-de-integracion-comunitaria\/","url_meta":{"origin":15011,"position":1},"title":"Robledo, Castro y M\u00fanera, los candidatos del Movimiento de Integraci\u00f3n Comunitaria","author":"admin","date":"agosto 21, 2017","format":false,"excerpt":"http:\/\/revistametro.co\/, Cartagena, agosto 21 de 2017 Ante la serie de esc\u00e1ndalos de corrupci\u00f3n que se han destapado a lo largo y ancho del territorio nacional, de los cuales no escapan ni el Departamento de Bol\u00edvar ni el Distrito de Cartagena, los integrantes del Movimiento de Integraci\u00f3n Comunitaria -MIC \u2013 tomaron\u2026","rel":"","context":"En \u00abPol\u00edtica\u00bb","block_context":{"text":"Pol\u00edtica","link":"https:\/\/moir.com.co\/web\/category\/temas\/politica\/"},"img":{"alt_text":"","src":"https:\/\/i0.wp.com\/moir.com.co\/web\/wp-content\/uploads\/2017\/08\/robledocastromunera.jpg?fit=640%2C388&ssl=1&resize=350%2C200","width":350,"height":200,"srcset":"https:\/\/i0.wp.com\/moir.com.co\/web\/wp-content\/uploads\/2017\/08\/robledocastromunera.jpg?fit=640%2C388&ssl=1&resize=350%2C200 1x, https:\/\/i0.wp.com\/moir.com.co\/web\/wp-content\/uploads\/2017\/08\/robledocastromunera.jpg?fit=640%2C388&ssl=1&resize=525%2C300 1.5x"},"classes":[]},{"id":13718,"url":"https:\/\/moir.com.co\/web\/david-munera-candidato-a-la-alcaldia-de-cartagena\/","url_meta":{"origin":15011,"position":2},"title":"David M\u00fanera candidato a la alcald\u00eda de Cartagena","author":"admin","date":"noviembre 3, 2017","format":false,"excerpt":"Polo Democr\u00e1tico Alternativo, Cartagena, noviembre 2 de 2017 El Comit\u00e9 Ejecutivo de la Coordinadora departamental del Polo Democr\u00e1tico Alternativo en Bol\u00edvar, teniendo en cuenta que se declar\u00f3 la vacancia de la alcald\u00eda de Cartagena, motivo por el cual se van a convocar elecciones at\u00edpicas para designar el titular de ese\u2026","rel":"","context":"En \u00abPol\u00edtica\u00bb","block_context":{"text":"Pol\u00edtica","link":"https:\/\/moir.com.co\/web\/category\/temas\/politica\/"},"img":{"alt_text":"","src":"https:\/\/i0.wp.com\/moir.com.co\/web\/wp-content\/uploads\/2017\/11\/davidmuneracandidatoalcalde.jpg?fit=900%2C1200&ssl=1&resize=350%2C200","width":350,"height":200,"srcset":"https:\/\/i0.wp.com\/moir.com.co\/web\/wp-content\/uploads\/2017\/11\/davidmuneracandidatoalcalde.jpg?fit=900%2C1200&ssl=1&resize=350%2C200 1x, https:\/\/i0.wp.com\/moir.com.co\/web\/wp-content\/uploads\/2017\/11\/davidmuneracandidatoalcalde.jpg?fit=900%2C1200&ssl=1&resize=525%2C300 1.5x, https:\/\/i0.wp.com\/moir.com.co\/web\/wp-content\/uploads\/2017\/11\/davidmuneracandidatoalcalde.jpg?fit=900%2C1200&ssl=1&resize=700%2C400 2x"},"classes":[]},{"id":7140,"url":"https:\/\/moir.com.co\/web\/concejal-munera-denuncia-corrupcion-de-funcionarios-en-cartagena\/","url_meta":{"origin":15011,"position":3},"title":"Concejal M\u00fanera denuncia corrupci\u00f3n de funcionarios en Cartagena","author":"admin","date":"enero 9, 2013","format":false,"excerpt":"\u201cComo concejal del Distrito de Cartagena solicito y exijo a los Organismos de Control \u2013Personer\u00eda y Procurador\u00eda Provincial- que asuman de oficio las investigaciones sobre los funcionarios p\u00fablicos que presuntamente vienen exigiendo dineros para otorgar los permisos para los espect\u00e1culos en Cartagena. Me reafirmo en que la Administraci\u00f3n del Alcalde\u2026","rel":"","context":"En \u00abPolo Democr\u00e1tico Alternativo\u00bb","block_context":{"text":"Polo Democr\u00e1tico Alternativo","link":"https:\/\/moir.com.co\/web\/category\/polo-democratico-alternativo\/"},"img":{"alt_text":"","src":"","width":0,"height":0},"classes":[]},{"id":15131,"url":"https:\/\/moir.com.co\/web\/ccon-el-gabinete-de-quinto-ganaron-las-castas-politicas-sere-un-veedor-de-los-intereses-de-la-ciudad-david-alfonso-munera-cavadia\/","url_meta":{"origin":15011,"position":4},"title":"&#8220;Con el gabinete de Quinto ganaron las castas pol\u00edticas&#8221;. &#8220;Ser\u00e9 un veedor de los intereses de la ciudad&#8221;, David Alfonso M\u00fanera Cavad\u00eda","author":"admin","date":"mayo 19, 2018","format":false,"excerpt":"Oficina de prensa del David M\u00fanera, excandidato a la alcald\u00eda de Cartagena, mayo 18 de 2018 \"Como lo expres\u00f3 su lema de campa\u00f1a: \"Con Quinto ganamos todos\", el gabinete del nuevo alcalde de Cartagena, Antonio Quinto Guerra Varela, fue milim\u00e9tricamente repartido entre las diferentes casas pol\u00edticas y financieras de Cartagena,\u2026","rel":"","context":"En \u00abEconom\u00eda\u00bb","block_context":{"text":"Econom\u00eda","link":"https:\/\/moir.com.co\/web\/category\/temas\/economia\/"},"img":{"alt_text":"","src":"","width":0,"height":0},"classes":[]},{"id":13390,"url":"https:\/\/moir.com.co\/web\/carta-abierta-de-david-munera-a-alcalde-sergio-londono-pidiendo-retiro-de-director-de-edurbe\/","url_meta":{"origin":15011,"position":5},"title":"Carta Abierta de David M\u00fanera a alcalde Sergio Londo\u00f1o, pidiendo retiro de Director de Edurbe","author":"admin","date":"septiembre 27, 2017","format":false,"excerpt":"David M\u00fanera, Cartagena, septiembre 26 de 2017 Se\u00f1or SERGIO LONDO\u00d1O ZUREK ALCALDE (E) DE CARTAGENA DE INDIAS La ciudad \u00a0 Atento Saludo DAVID ALFONSO MUNERA CAVADIA, identificado con la c\u00e9dula de ciudadan\u00eda No 9.090.782, vecino de esta ciudad, me permito manifestarle que desde hace varios d\u00edas los medios de comunicaciones\u2026","rel":"","context":"En \u00abImperialismo y Neoliberalismo\u00bb","block_context":{"text":"Imperialismo y Neoliberalismo","link":"https:\/\/moir.com.co\/web\/category\/temas\/imperialismo-y-neoliberalismo\/"},"img":{"alt_text":"","src":"","width":0,"height":0},"classes":[]}],"jetpack_sharing_enabled":true,"_links":{"self":[{"href":"https:\/\/moir.com.co\/web\/wp-json\/wp\/v2\/posts\/15011","targetHints":{"allow":["GET"]}}],"collection":[{"href":"https:\/\/moir.com.co\/web\/wp-json\/wp\/v2\/posts"}],"about":[{"href":"https:\/\/moir.com.co\/web\/wp-json\/wp\/v2\/types\/post"}],"author":[{"embeddable":true,"href":"https:\/\/moir.com.co\/web\/wp-json\/wp\/v2\/users\/1"}],"replies":[{"embeddable":true,"href":"https:\/\/moir.com.co\/web\/wp-json\/wp\/v2\/comments?post=15011"}],"version-history":[{"count":1,"href":"https:\/\/moir.com.co\/web\/wp-json\/wp\/v2\/posts\/15011\/revisions"}],"predecessor-version":[{"id":15013,"href":"https:\/\/moir.com.co\/web\/wp-json\/wp\/v2\/posts\/15011\/revisions\/15013"}],"wp:featuredmedia":[{"embeddable":true,"href":"https:\/\/moir.com.co\/web\/wp-json\/wp\/v2\/media\/15012"}],"wp:attachment":[{"href":"https:\/\/moir.com.co\/web\/wp-json\/wp\/v2\/media?parent=15011"}],"wp:term":[{"taxonomy":"category","embeddable":true,"href":"https:\/\/moir.com.co\/web\/wp-json\/wp\/v2\/categories?post=15011"},{"taxonomy":"post_tag","embeddable":true,"href":"https:\/\/moir.com.co\/web\/wp-json\/wp\/v2\/tags?post=15011"}],"curies":[{"name":"wp","href":"https:\/\/api.w.org\/{rel}","templated":true}]}}