{"id":15009,"date":"2018-04-30T21:39:50","date_gmt":"2018-04-30T21:39:50","guid":{"rendered":"https:\/\/moir.org.co\/web\/?p=15009"},"modified":"2018-04-30T21:39:50","modified_gmt":"2018-04-30T21:39:50","slug":"una-cruzada-contra-la-corrupcion-munera","status":"publish","type":"post","link":"https:\/\/moir.com.co\/web\/una-cruzada-contra-la-corrupcion-munera\/","title":{"rendered":"Una cruzada contra la corrupci\u00f3n: M\u00fanera"},"content":{"rendered":"<p><strong>Jos\u00e9 Arlex Arias, Cartagena, abril 30 de 2018<\/strong><\/p>\n<p>El 20 de este mes fueron detenidos por la Fiscal\u00eda varios funcionarios y exfuncionarios de Cartagena, entre quienes se destacan el concejal del partido Conservador, Rodrigo Ra\u00fal Reyes Pereira, quien al momento del colapso del edificio Blas de Lezo II era alcalde de la Localidad 2, Pedro Buend\u00eda Elles, quien tambi\u00e9n era alcalde de la Localidad 3, y Jorge Luis Cudris P\u00e1jaro, funcionario de esa misma alcald\u00eda. La Fiscal\u00eda indic\u00f3 que habr\u00edan omitido sus funciones de control urban\u00edstico y permitido la construcci\u00f3n de edificios con licencias falsas a cambio, presuntamente, de coimas, seg\u00fan revelaron los medios de comunicaci\u00f3n. Con este hecho, el Concejo de Cartagena qued\u00f3 reducido a siete integrantes y la ciudad hundida en su peor crisis administrativa, mientras que los actos de corrupci\u00f3n parecen no detenerse. Esa misma semana, el Sindicato \u00danico de Trabajadores de la Educaci\u00f3n \u2013SUDEB\u2013 revel\u00f3 el documento: &#8220;Contratos celebrados por la entidad: Alcald\u00eda Mayor de Cartagena &#8211; Secretar\u00eda de Educaci\u00f3n: Municipio: Cartagena. Desde 2018\/01\/01 hasta 2018\/04\/16: Se encontraron (219) Contratos por $88.899.334.310&#8221;. La legalidad de dichos contratos deben definirla los organismos de control y vigilancia, pero la esencia, la pertinencia, la racionalidad y la conveniencia de los mismos s\u00ed son dignas, por lo menos de un intenso debate, ya que el propio SUDEB ha venido revelando: 1) El estado de decaimiento en que se encuentra cerca del 50% de la infraestructura de las Instituciones Educativas; 2) que los estudiantes no han tenido acceso al Programa de Alimentaci\u00f3n Escolar \u2013PAE\u2013; y 3) el desorden administrativo.<\/p>\n<p>&nbsp;<\/p>\n<p>No se trata de descalificar a los profesionales contratados por \u00d3rdenes de Prestaci\u00f3n de Servicios, aunque s\u00ed deber\u00eda haber un m\u00e9todo de vinculaci\u00f3n transparente, donde estos trabajadores tengan contratos a t\u00e9rmino indefinido y dejen de ser objetivos de los politiqueros. Esta contrataci\u00f3n de servicios se hizo de forma directa, con excepci\u00f3n de unas cinco, que fueron por licitaci\u00f3n, quedando una concentraci\u00f3n de contratos en unas cinco personas, que figuran como representantes de diferentes organizaciones o fundaciones, y particularmente en una sola persona, con unos 91 contratos por un valor cercano a 56 mil millones de pesos. Los objetivos dejan mucho a la imaginaci\u00f3n: &#8220;Apoyar los procesos t\u00e9cnicos en la planeaci\u00f3n, ejecuci\u00f3n, control, verificaci\u00f3n en la operaci\u00f3n del programa de alimentaci\u00f3n escolar PAE&#8221;, &#8220;prestaci\u00f3n de servicios profesionales&#8230; en la supervisi\u00f3n del programa de alimentaci\u00f3n escolar \u2013PAE\u2013&#8230; en labores de asesor\u00eda financiera&#8221;; &#8220;asesor\u00eda jur\u00eddica de las actividades del proyecto fortalecimiento de la infraestructura&#8221;; &#8220;la planeaci\u00f3n, ejecuci\u00f3n, control, verificaci\u00f3n en la operaci\u00f3n del programa de alimentaci\u00f3n escolar&#8230;&#8221;; &#8220;asesoramiento especializado para el acompa\u00f1amiento al fortalecimiento de los sistemas institucionales de evaluaci\u00f3n a estudiantes&#8221;; &#8220;apoyo a la supervisi\u00f3n de los contratos de prestaci\u00f3n de servicio educativo&#8230;&#8221;; &#8220;fortalecimiento de la gesti\u00f3n misional de la Secretar\u00eda de Educaci\u00f3n Distrital en el marco del proyecto Saber m\u00e1s, Saber mejor&#8230;&#8221;; &#8220;promoci\u00f3n e implementaci\u00f3n de estrategias de desarrollo pedag\u00f3gico&#8230;&#8221;; &#8220;prestaci\u00f3n del servicio p\u00fablico&#8230; del proyecto Ampliaci\u00f3n de la cobertura educativa&#8221;. Lo dice el doctor David M\u00fanera, candidato a la alcald\u00eda: Esta es una Cruzada contra la corrupci\u00f3n. \u00a1El despilfarro y el caos tambi\u00e9n son corrupci\u00f3n!<\/p>\n","protected":false},"excerpt":{"rendered":"<p>Jos\u00e9 Arlex Arias, Cartagena, abril 30 de 2018 El 20 de este mes fueron detenidos por la Fiscal\u00eda varios funcionarios y exfuncionarios de Cartagena, entre quienes se destacan el concejal del partido Conservador, Rodrigo Ra\u00fal Reyes Pereira, quien al momento del colapso del edificio Blas de Lezo II era alcalde de la Localidad 2, Pedro [&hellip;]<\/p>\n","protected":false},"author":1,"featured_media":14873,"comment_status":"open","ping_status":"open","sticky":false,"template":"","format":"standard","meta":{"advanced_seo_description":"","jetpack_seo_html_title":"","jetpack_seo_noindex":false,"_jetpack_memberships_contains_paid_content":false,"footnotes":""},"categories":[102,103,97,98,109,111],"tags":[],"class_list":["post-15009","post","type-post","status-publish","format-standard","has-post-thumbnail","hentry","category-economia","category-educacion","category-imperialismo-y-neoliberalismo","category-politica","category-sindical","category-vivienda-y-desarrollo-urbano"],"jetpack_featured_media_url":"https:\/\/i0.wp.com\/moir.com.co\/web\/wp-content\/uploads\/2018\/04\/davidmuneraalcalde.jpg?fit=720%2C480&ssl=1","jetpack-related-posts":[{"id":14779,"url":"https:\/\/moir.com.co\/web\/a-cartagena-tenemos-que-reconstruirla-david-munera\/","url_meta":{"origin":15009,"position":0},"title":"&#8220;A Cartagena tenemos que reconstruirla&#8221;: David M\u00fanera","author":"admin","date":"marzo 23, 2018","format":false,"excerpt":"Entrevista de El Universal, Cartagena, marzo 22 de 2018 El abogado y profesor universitario se ha destacado por ser un ac\u00e9rrimo cr\u00edtico de los hechos de corrupci\u00f3n en la ciudad. Fue concejal en el periodo de 2012 a 2015 y participa como analista pol\u00edtico en medios locales. 1. \u00bfCu\u00e1l es\u2026","rel":"","context":"En \u00abEconom\u00eda\u00bb","block_context":{"text":"Econom\u00eda","link":"https:\/\/moir.com.co\/web\/category\/temas\/economia\/"},"img":{"alt_text":"","src":"","width":0,"height":0},"classes":[]},{"id":14303,"url":"https:\/\/moir.com.co\/web\/en-los-desalojos-de-las-construcciones-ilegales-la-actuacion-de-las-autoridades-va-contra-las-victimas\/","url_meta":{"origin":15009,"position":1},"title":"En los desalojos de las construcciones ilegales la actuaci\u00f3n de las autoridades va contra las v\u00edctimas","author":"admin","date":"enero 22, 2018","format":false,"excerpt":"Comit\u00e9 Ejecutivo Polo Bol\u00edvar, Cartagena, enero 21 de 2018 Despu\u00e9s del desplome del edificio Blas de Lezo II, que dej\u00f3 un saldo de 21 personas muertas, v\u00edctimas inocentes de las actuaciones corruptas de funcionarios p\u00fablicos y algunos actores del sector privado, Cartagena fue invadido por las autoridades nacionales, en una\u2026","rel":"","context":"En \u00abEconom\u00eda\u00bb","block_context":{"text":"Econom\u00eda","link":"https:\/\/moir.com.co\/web\/category\/temas\/economia\/"},"img":{"alt_text":"","src":"","width":0,"height":0},"classes":[]},{"id":9211,"url":"https:\/\/moir.com.co\/web\/concejal-munera-pide-que-se-investigue-conducta-del-alcalde-de-cartagena\/","url_meta":{"origin":15009,"position":2},"title":"Concejal M\u00fanera pide que se investigue conducta del alcalde de Cartagena","author":"admin","date":"marzo 16, 2015","format":false,"excerpt":"\u201cVOY A PEDIR A LOS ORGANISMOS DE CONTROL QUE SE INVESTIGUE LA CONDUCTA DEL ALCALDE DE CARTAGENA, DIONISIO V\u00c9LEZ, POR LA OMISI\u00d3N EN SUS DEBERES Y OBLIGACIONES COMO PRIMER MANDATARIO DE LA CIUDAD\u201d: concejal David M\u00fanera En la sesi\u00f3n de hoy el Concejo Distrital discuti\u00f3 la situaci\u00f3n de provisionalidad en\u2026","rel":"","context":"En \u00abTemas\u00bb","block_context":{"text":"Temas","link":"https:\/\/moir.com.co\/web\/category\/temas\/"},"img":{"alt_text":"","src":"","width":0,"height":0},"classes":[]},{"id":12314,"url":"https:\/\/moir.com.co\/web\/modelo-corrupcion-vidas-inmoladas\/","url_meta":{"origin":15009,"position":3},"title":"Modelo + corrupci\u00f3n = vidas inmoladas","author":"admin","date":"mayo 8, 2017","format":false,"excerpt":"Jos\u00e9 Arlex Arias, La Verdad, Cartagena, mayo 8 de 2017 En el marco de la conmemoraci\u00f3n del D\u00eda Universal de los Trabajadores, que toma como referencia las protestas de los obreros de Chicago en 1886, por la consecuci\u00f3n de un r\u00e9gimen de ocho horas de trabajo, ocho horas de descanso\u2026","rel":"","context":"En \u00abEconom\u00eda\u00bb","block_context":{"text":"Econom\u00eda","link":"https:\/\/moir.com.co\/web\/category\/temas\/economia\/"},"img":{"alt_text":"","src":"","width":0,"height":0},"classes":[]},{"id":7140,"url":"https:\/\/moir.com.co\/web\/concejal-munera-denuncia-corrupcion-de-funcionarios-en-cartagena\/","url_meta":{"origin":15009,"position":4},"title":"Concejal M\u00fanera denuncia corrupci\u00f3n de funcionarios en Cartagena","author":"admin","date":"enero 9, 2013","format":false,"excerpt":"\u201cComo concejal del Distrito de Cartagena solicito y exijo a los Organismos de Control \u2013Personer\u00eda y Procurador\u00eda Provincial- que asuman de oficio las investigaciones sobre los funcionarios p\u00fablicos que presuntamente vienen exigiendo dineros para otorgar los permisos para los espect\u00e1culos en Cartagena. Me reafirmo en que la Administraci\u00f3n del Alcalde\u2026","rel":"","context":"En \u00abPolo Democr\u00e1tico Alternativo\u00bb","block_context":{"text":"Polo Democr\u00e1tico Alternativo","link":"https:\/\/moir.com.co\/web\/category\/polo-democratico-alternativo\/"},"img":{"alt_text":"","src":"","width":0,"height":0},"classes":[]},{"id":6539,"url":"https:\/\/moir.com.co\/web\/atentado-urbanistico-contra-cartagena\/","url_meta":{"origin":15009,"position":5},"title":"Atentado urban\u00edstico contra Cartagena","author":"admin","date":"mayo 16, 2012","format":false,"excerpt":"\u201cTal y como van las cosas, con la decisi\u00f3n de permitir la construcci\u00f3n de edificios de 15 pisos en Chambac\u00fa, el empresario, Carlos Mattos, realizar\u00e1 su controversial proyecto\u201d, denunci\u00f3 el concejal del Polo Democr\u00e1tico Alternativo, David M\u00fanera Cavad\u00eda. En la sesi\u00f3n de hoy del concejo distrital de Cartagena, la Secretaria\u2026","rel":"","context":"En \u00abPolo Democr\u00e1tico Alternativo\u00bb","block_context":{"text":"Polo Democr\u00e1tico Alternativo","link":"https:\/\/moir.com.co\/web\/category\/polo-democratico-alternativo\/"},"img":{"alt_text":"","src":"","width":0,"height":0},"classes":[]}],"jetpack_sharing_enabled":true,"_links":{"self":[{"href":"https:\/\/moir.com.co\/web\/wp-json\/wp\/v2\/posts\/15009","targetHints":{"allow":["GET"]}}],"collection":[{"href":"https:\/\/moir.com.co\/web\/wp-json\/wp\/v2\/posts"}],"about":[{"href":"https:\/\/moir.com.co\/web\/wp-json\/wp\/v2\/types\/post"}],"author":[{"embeddable":true,"href":"https:\/\/moir.com.co\/web\/wp-json\/wp\/v2\/users\/1"}],"replies":[{"embeddable":true,"href":"https:\/\/moir.com.co\/web\/wp-json\/wp\/v2\/comments?post=15009"}],"version-history":[{"count":1,"href":"https:\/\/moir.com.co\/web\/wp-json\/wp\/v2\/posts\/15009\/revisions"}],"predecessor-version":[{"id":15010,"href":"https:\/\/moir.com.co\/web\/wp-json\/wp\/v2\/posts\/15009\/revisions\/15010"}],"wp:featuredmedia":[{"embeddable":true,"href":"https:\/\/moir.com.co\/web\/wp-json\/wp\/v2\/media\/14873"}],"wp:attachment":[{"href":"https:\/\/moir.com.co\/web\/wp-json\/wp\/v2\/media?parent=15009"}],"wp:term":[{"taxonomy":"category","embeddable":true,"href":"https:\/\/moir.com.co\/web\/wp-json\/wp\/v2\/categories?post=15009"},{"taxonomy":"post_tag","embeddable":true,"href":"https:\/\/moir.com.co\/web\/wp-json\/wp\/v2\/tags?post=15009"}],"curies":[{"name":"wp","href":"https:\/\/api.w.org\/{rel}","templated":true}]}}