{"id":15006,"date":"2018-04-30T21:31:33","date_gmt":"2018-04-30T21:31:33","guid":{"rendered":"https:\/\/moir.org.co\/web\/?p=15006"},"modified":"2018-04-30T21:31:33","modified_gmt":"2018-04-30T21:31:33","slug":"el-pais-de-las-piramides","status":"publish","type":"post","link":"https:\/\/moir.com.co\/web\/el-pais-de-las-piramides\/","title":{"rendered":"El pa\u00eds de las Pir\u00e1mides"},"content":{"rendered":"<p><strong>Libardo G\u00f3mez S\u00e1nchez, Neiva, abril 30 de 2018<\/strong><\/p>\n<p>Apenas han transcurrido diez \u00a0a\u00f1os desde que el gobierno decidi\u00f3 intervenir la pir\u00e1mide de DMG y sus copias, que se apropiaron del ahorro de miles de ingenuos e improvisados inversionistas, tal parece que la gente no aprende la lecci\u00f3n; si los datos de las encuestas coinciden con el resultado electoral el pr\u00f3ximo 27 de mayo, no tendremos m\u00e1s remedio que aceptar que los colombianos estamos acostumbrados a\u00a0\u00a0 ignorar el sabio adagio que reza: \u201cde eso tan bueno no dan tanto\u201d. Las elecciones presidenciales se convertir\u00edan en la Pir\u00e1mide de mayores proporciones en mucho tiempo.<\/p>\n<p>&nbsp;<\/p>\n<p>Los candidatos del establecimiento, en especial, Duque y Vargas Lleras prometen que arreglaran el pa\u00eds\u00a0 ahora s\u00ed, lo que en ocho a\u00f1os cada uno, no hicieron Uribe ni Santos y para eso mantienen el modelo de Libre Comercio; prebendas para el capital extranjero, en grado sumo si es explotando nuestros recursos naturales; concesiones del territorio a granel; subasta a menos precio de las pocas empresas del Estado que a\u00fan nos quedan; salud y educaci\u00f3n de pacotilla; subsidios mientras el desfalcado erario lo permita y garrote si alguien se atreve a reclamar.<\/p>\n<p>&nbsp;<\/p>\n<p>Pero por otro lado, el candidato de la Colombia Humana que se presenta como el cambio que tanto esperan los atribulados ciudadanos de las ciudades y el campo, ofrece sin sonrojarse: educaci\u00f3n gratuita, paneles solares en todas las casas, generaci\u00f3n de energ\u00eda sin consecuencias ambientales y hasta propuso comprar los ingenios azucareros en problemas de Ardila Lule, ahora apretado por las importaciones de edulcorantes, etanol , sanciones de las superindustria y comercio y campa\u00f1as mundiales contra el consumo de az\u00facar; as\u00ed hasta el magnate de las gaseosas podr\u00eda pensar en darle el voto; sin embargo los recursos econ\u00f3micos que se requieren para poder cumplir con estos ofrecimientos no los tiene la hacienda p\u00fablica\u00a0 quebrada; Chavez lo pudo hacer en Venezuela mientras tuvo precio del petr\u00f3leo por las nubes, pero cuando le correspondi\u00f3 a Maduro administrar sin esa bonanza todo se vino al suelo.<\/p>\n<p>&nbsp;<\/p>\n<p>Contrasta con el programa de Fajardo que plantea incrementar el presupuesto de educaci\u00f3n con lo que se le quite a la corrupci\u00f3n; revisi\u00f3n de los compromisos de los TLC para medir sus impactos; energ\u00eda incluso con petr\u00f3leo mientras se avanza en las alternativas; trato diferencial a la peque\u00f1a y mediana empresa\u00a0 del campo y la ciudad; control a los monopolios; educaci\u00f3n y ciencia como ejes del desarrollo, en un proyecto de largo alcance para transformar esta naci\u00f3n.<\/p>\n","protected":false},"excerpt":{"rendered":"<p>Libardo G\u00f3mez S\u00e1nchez, Neiva, abril 30 de 2018 Apenas han transcurrido diez \u00a0a\u00f1os desde que el gobierno decidi\u00f3 intervenir la pir\u00e1mide de DMG y sus copias, que se apropiaron del ahorro de miles de ingenuos e improvisados inversionistas, tal parece que la gente no aprende la lecci\u00f3n; si los datos de las encuestas coinciden con [&hellip;]<\/p>\n","protected":false},"author":1,"featured_media":15007,"comment_status":"open","ping_status":"open","sticky":false,"template":"","format":"standard","meta":{"advanced_seo_description":"","jetpack_seo_html_title":"","jetpack_seo_noindex":false,"_jetpack_memberships_contains_paid_content":false,"footnotes":""},"categories":[102,97,98],"tags":[],"class_list":["post-15006","post","type-post","status-publish","format-standard","has-post-thumbnail","hentry","category-economia","category-imperialismo-y-neoliberalismo","category-politica"],"jetpack_featured_media_url":"https:\/\/i0.wp.com\/moir.com.co\/web\/wp-content\/uploads\/2018\/04\/duquepetrovargasLl.jpeg?fit=290%2C174&ssl=1","jetpack-related-posts":[{"id":2593,"url":"https:\/\/moir.com.co\/web\/las-medidas-de-emergencia-social-sobre-las-piramides-son-una-cortina-de-humo-para-ocultar-la-responsabilidad-del-gobierno\/","url_meta":{"origin":15006,"position":0},"title":"LAS MEDIDAS DE EMERGENCIA SOCIAL SOBRE LAS PIRAMIDES SON UNA CORTINA DE HUMO PARA OCULTAR LA RESPONSABILIDAD DEL GOBIERNO","author":"admin","date":"noviembre 18, 2008","format":false,"excerpt":"Oficina de Prensa Senador Jorge Enrique Robledo, Bogot\u00e1, 18 de noviembre de 2008 Al exigir que el ministro de Hacienda renuncie por el grave problema de las pir\u00e1mides, el senador Jorge Enrique Robledo afirm\u00f3 hoy en la Comisi\u00f3n Quinta que toda la responsabilidad recae sobre el gobierno nacional, en persona\u2026","rel":"","context":"En \u00abJorge Enrique Robledo\u00bb","block_context":{"text":"Jorge Enrique Robledo","link":"https:\/\/moir.com.co\/web\/category\/jorge-enrique-robledo\/"},"img":{"alt_text":"","src":"","width":0,"height":0},"classes":[]},{"id":2606,"url":"https:\/\/moir.com.co\/web\/las-piramides-y-la-culpa-de-uribe\/","url_meta":{"origin":15006,"position":1},"title":"LAS \u2018PIR\u00c1MIDES\u2019 Y LA CULPA DE URIBE","author":"admin","date":"noviembre 29, 2008","format":false,"excerpt":"Jorge Enrique Robledo, Bogot\u00e1, 28 de noviembre de 2008 Sobre las \u2018pir\u00e1mides\u2019 hay que empezar por decir que todo indica que las p\u00e9rdidas que sufrir\u00e1n los que invirtieron en ellas ser\u00e1n enormes, as\u00ed con astucia el gobierno insin\u00fae que una vez llenen unos cuantos papeles les devolver\u00e1 los dineros a\u2026","rel":"","context":"En \u00abJorge Enrique Robledo\u00bb","block_context":{"text":"Jorge Enrique Robledo","link":"https:\/\/moir.com.co\/web\/category\/jorge-enrique-robledo\/"},"img":{"alt_text":"","src":"","width":0,"height":0},"classes":[]},{"id":2583,"url":"https:\/\/moir.com.co\/web\/el-gobierno-es-el-culpable-por-el-desastre-de-las-piramides-dice-el-senador-robledo\/","url_meta":{"origin":15006,"position":2},"title":"EL GOBIERNO ES EL CULPABLE POR EL DESASTRE DE LAS PIR\u00c1MIDES, DICE EL SENADOR ROBLEDO","author":"admin","date":"noviembre 14, 2008","format":false,"excerpt":"Oficina de Prensa Senador Jorge Enrique Robledo, Bogot\u00e1, 14 de noviembre de 2008 El senador Robledo responsabiliz\u00f3 al gobierno nacional y al propio presidente de la Rep\u00fablica, doctor \u00c1lvaro Uribe V\u00e9lez, de las inmensas p\u00e9rdidas que decenas de miles de familias colombianas est\u00e1n sufriendo por cuenta de las llamadas pir\u00e1mides.\u2026","rel":"","context":"En \u00abJorge Enrique Robledo\u00bb","block_context":{"text":"Jorge Enrique Robledo","link":"https:\/\/moir.com.co\/web\/category\/jorge-enrique-robledo\/"},"img":{"alt_text":"","src":"","width":0,"height":0},"classes":[]},{"id":3759,"url":"https:\/\/moir.com.co\/web\/ais-las-verdaderas-piramides\/","url_meta":{"origin":15006,"position":3},"title":"AIS. Las Verdaderas Piramides","author":"admin","date":"noviembre 14, 2009","format":false,"excerpt":"","rel":"","context":"En \u00abVideos\u00bb","block_context":{"text":"Videos","link":"https:\/\/moir.com.co\/web\/category\/multimedia\/videos\/"},"img":{"alt_text":"","src":"","width":0,"height":0},"classes":[]},{"id":2627,"url":"https:\/\/moir.com.co\/web\/el-gobierno-es-el-responsable-en-cabeza-del-presidente-de-la-republica\/","url_meta":{"origin":15006,"position":4},"title":"EL GOBIERNO ES EL RESPONSABLE,  EN CABEZA DEL PRESIDENTE DE LA REP\u00daBLICA","author":"admin","date":"diciembre 18, 2008","format":false,"excerpt":"Intervenci\u00f3n del senador Jorge Enrique Robledo en nombre del Polo Democr\u00e1tico Alternativo, sobre los decretos de Emergencia Social en el caso de las pir\u00e1mides, plenaria del Senado, 16 de diciembre de 2008. Sobre este caso de las pir\u00e1mides y la situaci\u00f3n del gobierno, lo primero es se\u00f1alar que estamos ante\u2026","rel":"","context":"En \u00abJorge Enrique Robledo\u00bb","block_context":{"text":"Jorge Enrique Robledo","link":"https:\/\/moir.com.co\/web\/category\/jorge-enrique-robledo\/"},"img":{"alt_text":"","src":"","width":0,"height":0},"classes":[]},{"id":3718,"url":"https:\/\/moir.com.co\/web\/suben-de-45-a-46-aportantes-a-campanas-de-uribe-beneficiados-por-ais-y-de-36-mil-a-46-mil-millones-lo-recibido-en-las-piramides\/","url_meta":{"origin":15006,"position":5},"title":"Suben de 45 a 46 aportantes a campa\u00f1as de Uribe beneficiados por AIS y de 36 mil a 46 mil millones lo recibido en las pir\u00e1mides","author":"admin","date":"noviembre 3, 2009","format":false,"excerpt":"El senador del Polo exige que la sea entregada la misteriosa acta que, seg\u00fan dicen, revivi\u00f3 los tres proyectos declarados \u201cno elegibles\u201d Nuevas investigaciones hechas por el senador Jorge Enrique Robledo han comprobado que tres empresas controladas por Corficolombiana y por el banquero Luis Carlos Sarmiento Angulo recibieron por AIS,\u2026","rel":"","context":"En \u00abJorge Enrique Robledo\u00bb","block_context":{"text":"Jorge Enrique Robledo","link":"https:\/\/moir.com.co\/web\/category\/jorge-enrique-robledo\/"},"img":{"alt_text":"","src":"","width":0,"height":0},"classes":[]}],"jetpack_sharing_enabled":true,"_links":{"self":[{"href":"https:\/\/moir.com.co\/web\/wp-json\/wp\/v2\/posts\/15006","targetHints":{"allow":["GET"]}}],"collection":[{"href":"https:\/\/moir.com.co\/web\/wp-json\/wp\/v2\/posts"}],"about":[{"href":"https:\/\/moir.com.co\/web\/wp-json\/wp\/v2\/types\/post"}],"author":[{"embeddable":true,"href":"https:\/\/moir.com.co\/web\/wp-json\/wp\/v2\/users\/1"}],"replies":[{"embeddable":true,"href":"https:\/\/moir.com.co\/web\/wp-json\/wp\/v2\/comments?post=15006"}],"version-history":[{"count":1,"href":"https:\/\/moir.com.co\/web\/wp-json\/wp\/v2\/posts\/15006\/revisions"}],"predecessor-version":[{"id":15008,"href":"https:\/\/moir.com.co\/web\/wp-json\/wp\/v2\/posts\/15006\/revisions\/15008"}],"wp:featuredmedia":[{"embeddable":true,"href":"https:\/\/moir.com.co\/web\/wp-json\/wp\/v2\/media\/15007"}],"wp:attachment":[{"href":"https:\/\/moir.com.co\/web\/wp-json\/wp\/v2\/media?parent=15006"}],"wp:term":[{"taxonomy":"category","embeddable":true,"href":"https:\/\/moir.com.co\/web\/wp-json\/wp\/v2\/categories?post=15006"},{"taxonomy":"post_tag","embeddable":true,"href":"https:\/\/moir.com.co\/web\/wp-json\/wp\/v2\/tags?post=15006"}],"curies":[{"name":"wp","href":"https:\/\/api.w.org\/{rel}","templated":true}]}}