{"id":14997,"date":"2018-04-26T20:15:19","date_gmt":"2018-04-26T20:15:19","guid":{"rendered":"https:\/\/moir.org.co\/web\/?p=14997"},"modified":"2018-04-26T20:15:19","modified_gmt":"2018-04-26T20:15:19","slug":"carta-de-robledo-a-minhacienda-se-debe-suspender-el-decreto-2150-de-2017-que-acabaria-a-miles-de-entidades-sin-animo-de-lucro-esal","status":"publish","type":"post","link":"https:\/\/moir.com.co\/web\/carta-de-robledo-a-minhacienda-se-debe-suspender-el-decreto-2150-de-2017-que-acabaria-a-miles-de-entidades-sin-animo-de-lucro-esal\/","title":{"rendered":"Carta de Robledo a MinHacienda. Se debe suspender el Decreto 2150 de 2017, que acabar\u00eda a miles de Entidades Sin \u00c1nimo de Lucro (ESAL)"},"content":{"rendered":"<p><strong>Jorge Enrique Robledo, Bogot\u00e1, abril 26 de 2018<\/strong><\/p>\n<p>Carta del senador Jorge Enrique Robledo al Ministro de Hacienda Mauricio C\u00e1rdenas en la que solicita suspender el Decreto 2150 de 2017, que acabar\u00eda a miles de Entidades Sin \u00c1nimo de Lucro (ESAL).<\/p>\n<p>&nbsp;<\/p>\n<p class=\"gde-text\"><a class=\"gde-link\" href=\"https:\/\/jorgerobledo.com\/wp-content\/uploads\/2018\/04\/MINHACIENDA-SUSPENSIO%CC%81N-DECRETOS-ESAL-ABR.25.18.pdf\"><iframe class=\"gde-frame\" src=\"https:\/\/docs.google.com\/viewer?url=https%3A%2F%2Fjorgerobledo.com%2Fwp-content%2Fuploads%2F2018%2F04%2FMINHACIENDA-SUSPENSIO%CC%81N-DECRETOS-ESAL-ABR.25.18.pdf&amp;hl=es&amp;embedded=true\" width=\"300\" height=\"150\" scrolling=\"no\" data-mce-fragment=\"1\"><\/iframe>Descargar (PDF, 313KB)<\/a><\/p>\n<div id=\"jp-relatedposts\" class=\"jp-relatedposts\"><\/div>\n","protected":false},"excerpt":{"rendered":"<p>Jorge Enrique Robledo, Bogot\u00e1, abril 26 de 2018 Carta del senador Jorge Enrique Robledo al Ministro de Hacienda Mauricio C\u00e1rdenas en la que solicita suspender el Decreto 2150 de 2017, que acabar\u00eda a miles de Entidades Sin \u00c1nimo de Lucro (ESAL). &nbsp; Descargar (PDF, 313KB)<\/p>\n","protected":false},"author":1,"featured_media":0,"comment_status":"open","ping_status":"open","sticky":false,"template":"","format":"standard","meta":{"advanced_seo_description":"","jetpack_seo_html_title":"","jetpack_seo_noindex":false,"_jetpack_memberships_contains_paid_content":false,"footnotes":""},"categories":[102,97,4,98],"tags":[],"class_list":["post-14997","post","type-post","status-publish","format-standard","hentry","category-economia","category-imperialismo-y-neoliberalismo","category-jorge-enrique-robledo","category-politica"],"jetpack_featured_media_url":"","jetpack-related-posts":[{"id":15017,"url":"https:\/\/moir.com.co\/web\/las-entidades-sin-animo-de-lucro-estan-en-peligro\/","url_meta":{"origin":14997,"position":0},"title":"Las entidades sin \u00e1nimo de lucro est\u00e1n en peligro","author":"admin","date":"mayo 2, 2018","format":false,"excerpt":"Dar\u00edo Arenas Villegas, Manizales, abril 30 de 2018 Un decreto nocivo La\u00a0Reforma Tributaria de 2016\u00a0aument\u00f3 los impuestos indirectos y regresivos, se los disminuy\u00f3 a grandes empresas e hizo que los hogares de clases bajas y medias tuvieran que\u00a0destinar 50.000 pesos adicionales cada mes para el pago de tributos. Pero adem\u00e1s,\u2026","rel":"","context":"En \u00abEconom\u00eda\u00bb","block_context":{"text":"Econom\u00eda","link":"https:\/\/moir.com.co\/web\/category\/temas\/economia\/"},"img":{"alt_text":"","src":"","width":0,"height":0},"classes":[]},{"id":11000,"url":"https:\/\/moir.com.co\/web\/golpe-mortal-de-la-reforma-tributaria-a-casi-todas-las-esal-senador-robledo\/","url_meta":{"origin":14997,"position":1},"title":"Golpe mortal de la Reforma Tributaria a casi todas las ESAL: Senador Robledo","author":"admin","date":"noviembre 13, 2016","format":false,"excerpt":"Oficina de prensa del senador Jorge Enrique Robledo, Bogot\u00e1, noviembre 12 de 2016 Viola el derecho de asociaci\u00f3n; otra raz\u00f3n para hundir la Reforma Tributaria. Es muy grave lo que la Reforma Tributaria hace en contra de casi todas las Entidades Sin \u00c1nimo de Lucro, ESAL, se\u00f1al\u00f3 el senador Jorge\u2026","rel":"","context":"En \u00abEconom\u00eda\u00bb","block_context":{"text":"Econom\u00eda","link":"https:\/\/moir.com.co\/web\/category\/temas\/economia\/"},"img":{"alt_text":"","src":"https:\/\/i0.wp.com\/moir.com.co\/web\/wp-content\/uploads\/2016\/11\/reformatributariarobledo.jpg?fit=960%2C720&ssl=1&resize=350%2C200","width":350,"height":200,"srcset":"https:\/\/i0.wp.com\/moir.com.co\/web\/wp-content\/uploads\/2016\/11\/reformatributariarobledo.jpg?fit=960%2C720&ssl=1&resize=350%2C200 1x, https:\/\/i0.wp.com\/moir.com.co\/web\/wp-content\/uploads\/2016\/11\/reformatributariarobledo.jpg?fit=960%2C720&ssl=1&resize=525%2C300 1.5x, https:\/\/i0.wp.com\/moir.com.co\/web\/wp-content\/uploads\/2016\/11\/reformatributariarobledo.jpg?fit=960%2C720&ssl=1&resize=700%2C400 2x"},"classes":[]},{"id":17196,"url":"https:\/\/moir.com.co\/web\/certificacion-para-la-permanencia-en-el-regimen-especial-de-la-fundacion-moir\/","url_meta":{"origin":14997,"position":2},"title":"Certificaci\u00f3n para la permanencia en el r\u00e9gimen especial de la Fundaci\u00f3n Moir","author":"admin","date":"marzo 25, 2019","format":false,"excerpt":"GUSTAVO TRIANA SUAREZ CERTIFICACION En mi calidad de Representante Legal de la Entidad Sin \u00c1nimo de Lucro -ESAL- Fundaci\u00f3n Moir, Nit. 900.149.781 - 1, certifico que cumpli\u00f3 con las disposiciones para permanecer en el R\u00e9gimen Tributario Especial, por el a\u00f1o gravable 2018, establecidas en el T\u00edtulo VI del Libro Primero\u2026","rel":"","context":"En \u00ablegal\u00bb","block_context":{"text":"legal","link":"https:\/\/moir.com.co\/web\/category\/legal\/"},"img":{"alt_text":"","src":"","width":0,"height":0},"classes":[]},{"id":14808,"url":"https:\/\/moir.com.co\/web\/las-entidades-sin-animo-de-lucro-en-jaque\/","url_meta":{"origin":14997,"position":3},"title":"Las entidades sin \u00e1nimo de lucro en jaque","author":"admin","date":"abril 2, 2018","format":false,"excerpt":"Dar\u00edo Arenas Villegas, Manizales, marzo 29 de 2018 Los colombianos seguimos padeciendo los efectos de la reforma tributaria de 2016. Adem\u00e1s de profundizar la inicua estructura tributaria del pa\u00eds, basada en impuestos indirectos y regresivos como el IVA, la reforma ha propiciado que los hogares m\u00e1s pobres y de clase\u2026","rel":"","context":"En \u00abEconom\u00eda\u00bb","block_context":{"text":"Econom\u00eda","link":"https:\/\/moir.com.co\/web\/category\/temas\/economia\/"},"img":{"alt_text":"","src":"","width":0,"height":0},"classes":[]},{"id":10895,"url":"https:\/\/moir.com.co\/web\/en-diez-puntos-la-peor-reforma-tributaria-robledo\/","url_meta":{"origin":14997,"position":4},"title":"En diez puntos la peor Reforma Tributaria: Robledo","author":"admin","date":"noviembre 7, 2016","format":"video","excerpt":"1. El arte de desplumar al ganso: Robledo http:\/\/bit.ly\/2ftlqmZ (video 1:17) 2. \u00bfImpuestos regresivos o progresivos?: Robledo http:\/\/bit.ly\/2f7wHdX (Video 2:18) 3.- Reforma Tributaria contra los sectores populares y las clases medias: Robledo http:\/\/bit.ly\/2ftmMxY (Video 2:30) 4.- Impuestos regresivos contra las pymes: Robledo http:\/\/bit.ly\/2eD8sUk (Video 2:51) 5.- Reforma Tributaria ataca a\u2026","rel":"","context":"En \u00abAgro\u00bb","block_context":{"text":"Agro","link":"https:\/\/moir.com.co\/web\/category\/temas\/agro\/"},"img":{"alt_text":"","src":"","width":0,"height":0},"classes":[]},{"id":17198,"url":"https:\/\/moir.com.co\/web\/certificacion-del-cumplimiento-de-requisitos\/","url_meta":{"origin":14997,"position":5},"title":"Fundaci\u00f3n Moir: Certificaci\u00f3n del cumplimiento de requisitos","author":"admin","date":"marzo 25, 2019","format":false,"excerpt":"GUSTAVO TRIANA SUAREZ CERTIFICACION En mi calidad de representante legal de la Fundaci\u00f3n Moir, Nit. 900.149.781 \u2013 1, entidad sin \u00e1nimo de lucro, certifico que cumpli\u00f3 con las disposiciones vigentes para permanecer en el R\u00e9gimen Tributario Especial, por el a\u00f1o gravable 2019, establecidas en el T\u00edtulo VI del Libro Primero\u2026","rel":"","context":"En \u00ablegal\u00bb","block_context":{"text":"legal","link":"https:\/\/moir.com.co\/web\/category\/legal\/"},"img":{"alt_text":"","src":"","width":0,"height":0},"classes":[]}],"jetpack_sharing_enabled":true,"_links":{"self":[{"href":"https:\/\/moir.com.co\/web\/wp-json\/wp\/v2\/posts\/14997","targetHints":{"allow":["GET"]}}],"collection":[{"href":"https:\/\/moir.com.co\/web\/wp-json\/wp\/v2\/posts"}],"about":[{"href":"https:\/\/moir.com.co\/web\/wp-json\/wp\/v2\/types\/post"}],"author":[{"embeddable":true,"href":"https:\/\/moir.com.co\/web\/wp-json\/wp\/v2\/users\/1"}],"replies":[{"embeddable":true,"href":"https:\/\/moir.com.co\/web\/wp-json\/wp\/v2\/comments?post=14997"}],"version-history":[{"count":1,"href":"https:\/\/moir.com.co\/web\/wp-json\/wp\/v2\/posts\/14997\/revisions"}],"predecessor-version":[{"id":14998,"href":"https:\/\/moir.com.co\/web\/wp-json\/wp\/v2\/posts\/14997\/revisions\/14998"}],"wp:attachment":[{"href":"https:\/\/moir.com.co\/web\/wp-json\/wp\/v2\/media?parent=14997"}],"wp:term":[{"taxonomy":"category","embeddable":true,"href":"https:\/\/moir.com.co\/web\/wp-json\/wp\/v2\/categories?post=14997"},{"taxonomy":"post_tag","embeddable":true,"href":"https:\/\/moir.com.co\/web\/wp-json\/wp\/v2\/tags?post=14997"}],"curies":[{"name":"wp","href":"https:\/\/api.w.org\/{rel}","templated":true}]}}