{"id":14990,"date":"2018-04-26T14:59:09","date_gmt":"2018-04-26T14:59:09","guid":{"rendered":"https:\/\/moir.org.co\/web\/?p=14990"},"modified":"2018-04-26T14:59:09","modified_gmt":"2018-04-26T14:59:09","slug":"primero-de-mayo-2018-y-el-fin-del-gobierno-neoliberal-de-santos","status":"publish","type":"post","link":"https:\/\/moir.com.co\/web\/primero-de-mayo-2018-y-el-fin-del-gobierno-neoliberal-de-santos\/","title":{"rendered":"Primero de Mayo 2018 y el fin del gobierno neoliberal de Santos"},"content":{"rendered":"<p><strong>Comando Departamental Unitario del Atl\u00e1ntico, Barranquilla, abril 26 de 2018<\/strong><\/p>\n<p>La conmemoraci\u00f3n del Primero de Mayo cada a\u00f1o tiene una connotaci\u00f3n internacional por su origen en la hist\u00f3rica huelga de los obreros de Chicago, EEUU, en procura de las ocho horas de trabajo en 1886, la cual ilumin\u00f3 el camino de los trabajadores del mundo entero. Este derecho de jornada laboral se abri\u00f3 pas\u00f3 en el mundo, como los de asociaci\u00f3n, huelga y contrataci\u00f3n colectiva, pero las pol\u00edticas de la globalizaci\u00f3n neoliberal en los \u00faltimos a\u00f1os los han venido cercenando, al punto que la tercerizaci\u00f3n y la informalidad laboral campean por doquier.<\/p>\n<p>La situaci\u00f3n mundial est\u00e1 tirante por las contradicciones de las pueblos y naciones del mundo que enfrentan la ofensiva, en primer lugar de Trump, personaje que representa el complejo militar industrial estadounidense que impone el contenido de la pol\u00edtica imperial, sea cual fuere el primer mandatario, y que ha mostrado sin ambages su pol\u00edtica proteccionista, antes enmascarada por los tratados de libre comercio. Al imponer mayores aranceles a la importaci\u00f3n de acero y aluminio y a otros bienes, agudiza contradicciones con otras potencias como Rusia y China, e incluso con sus aliados estrat\u00e9gicos de Europa y otros continentes. Algunos l\u00edderes de la industria colombiana pusieron el grito en el cielo al verse afectados por esas medidas. Asimismo debe resaltarse los avances de naciones como Siria, Ir\u00e1n e Iraq en la defensa de su soberan\u00eda nacional y las dificultades que padece el pueblo palestino producto de la ocupaci\u00f3n y represi\u00f3n israel\u00ed, respaldada por los gringos.<\/p>\n<p>En el plano nacional llega a su final el gobierno neoliberal de Santos que deja tras de s\u00ed un pa\u00eds sometido a la f\u00e9rula norteamericana que se entromete en nuestros asuntos internos, como la marcha de la econom\u00eda con el libre comercio, y en todas las pol\u00edticas medulares del pa\u00eds, llegando al culmen de la abyecci\u00f3n al declararse en la revista Semana como \u201cun pronorteamericano\u201d, lo cual en un pa\u00eds serio habr\u00eda sido destituido por traici\u00f3n a la patria. En el sector agrario se ha llegado a la importaci\u00f3n en 2017 de m\u00e1s de trece millones de toneladas de alimentos que antes se produc\u00edan por nuestros campesinos, ind\u00edgenas y empresarios nacionales. Contin\u00faa el debilitamiento industrial con su secuela de desempleo. La deuda externa alcanza los 150.000 millones de d\u00f3lares, ya impagables. Colombia est\u00e1 considerado como uno de los pa\u00edses m\u00e1s corruptos del mundo, mencionando solo los casos de Odebrecht, Reficar, Saludcoop, Triple A y Electricaribe. El movimiento estudiantil rechaza la pol\u00edtica privatizadora de la Universidad P\u00fablica y exige el financiamiento estatal.Frente a esta situaci\u00f3n y las elecciones presidenciales, las centrales obreras se han declarado a favor de los candidatos alternativos y en contra de quienes representan el continuismo como son Iv\u00e1n Duque y Germ\u00e1n Vargas, ambos entrampados con dineros turbios de Odebrecht.<\/p>\n<p>En lo local los conflictos sociales se presentan por doquier, lo mismo que la resistencia civil de la poblaci\u00f3n. Casos como el exagerado aumento del predial en Barranquilla en promedio del 48%, los atropellos contra comerciantes de Barranquillita y habitantes de barrios aleda\u00f1os en peligro de ser desalojados por un alcalde con intereses comerciales de su familia que se deb\u00eda declarar impedido en estos casos para que se designe un alcalde ad hoc, los despojos y desfalcos en la Triple A del patrimonio accionario del Distrito, el p\u00e9simo servicio de Electricaribe a trav\u00e9s de Gas Natural Fenosa y el detrimento cometido en contra del erario y los usuarios m\u00e1s necesitados, el proyecto de v\u00edas en La Cordialidad que afecta a miles de ciudadanos y comerciantes sin haber sido concertado, la falta de soluci\u00f3n a los miles de afectados de Campo Alegre con sus casas destruidas que fueron construidas por una empresa del alcalde Char y otras firmas, la persecuci\u00f3n a los comerciantes informales sin soluciones a la vista. Se cierne una amenaza de reforma pensional regresiva impulsada por Fedesarrollo, Anif y otros sectores con el cuento de ampliar cobertura, para aumentar la edad a los 67 a\u00f1os, gravar las pensiones, acabar la sustituci\u00f3n pensional, acabar Colpensiones y que la inmensa mayor\u00eda se pensione con el salario m\u00ednimo. Las recomendaciones de Santos y su comisi\u00f3n del gasto son: recortes en salud, ICBF, Sena; racionalizar los reg\u00edmenes del magisterio, lo que es una ofensiva contra el mundo del trabajo y los derechos sociales en Colombia que muestra la catadura reaccionaria del gobierno de turno.<\/p>\n<p>El Comando Departamental Unitario del Atl\u00e1ntico de nuevo encabeza la conmemoraci\u00f3n de este d\u00eda hist\u00f3rico del 1\u00b0 de Mayo en las calles, ratifica la oposici\u00f3n al gobierno de Santos, respalda el proceso de paz alcanzado en La Habana y el proceso que se realiza con otros sectores insurgentes en la b\u00fasqueda de una salida negociada al conflicto interno, apoya las m\u00faltiples luchas que adelantan diferentes sectores sociales en el departamento, la Costa y el pa\u00eds que deben ser articuladas para que confluyan en un gran torrente que m\u00e1s temprano que tarde dar\u00e1 al traste con tanta inequidad.<\/p>\n<p><strong>Comando Departamental Unitario Atl\u00e1ntico, CUT, UTRAL-CGT, CTC, Frente Amplio C\u00edvico por Barranquilla, Polo Democr\u00e1tico Alternativo, Frente Unido del Atl\u00e1ntico, Comit\u00e9 de Impulso a la lucha pensional (Cilpa), Movimientos Estudiantiles del Atl\u00e1ntico<\/strong>.<\/p>\n","protected":false},"excerpt":{"rendered":"<p>Comando Departamental Unitario del Atl\u00e1ntico, Barranquilla, abril 26 de 2018 La conmemoraci\u00f3n del Primero de Mayo cada a\u00f1o tiene una connotaci\u00f3n internacional por su origen en la hist\u00f3rica huelga de los obreros de Chicago, EEUU, en procura de las ocho horas de trabajo en 1886, la cual ilumin\u00f3 el camino de los trabajadores del mundo [&hellip;]<\/p>\n","protected":false},"author":1,"featured_media":14991,"comment_status":"open","ping_status":"open","sticky":false,"template":"","format":"standard","meta":{"advanced_seo_description":"","jetpack_seo_html_title":"","jetpack_seo_noindex":false,"_jetpack_memberships_contains_paid_content":false,"footnotes":""},"categories":[102,97,105,98,109],"tags":[],"class_list":["post-14990","post","type-post","status-publish","format-standard","has-post-thumbnail","hentry","category-economia","category-imperialismo-y-neoliberalismo","category-internacional-articulos-de-actualidad","category-politica","category-sindical"],"jetpack_featured_media_url":"https:\/\/i0.wp.com\/moir.com.co\/web\/wp-content\/uploads\/2018\/04\/1mayo2018.jpeg?fit=299%2C168&ssl=1","jetpack-related-posts":[{"id":9109,"url":"https:\/\/moir.com.co\/web\/el-derecho-de-huelga-derecho-fundamental-de-los-trabajadores\/","url_meta":{"origin":14990,"position":0},"title":"El derecho de huelga, derecho fundamental de los trabajadores","author":"admin","date":"febrero 19, 2015","format":false,"excerpt":"Lejos est\u00e1 de la cultura de la mayor\u00eda de Colombiano y m\u00e1s lejos todav\u00eda de quienes gobiernan a Colombia, que los trabajadores, como principales creadores de la riqueza, tienen unos derechos fundamentales, consagrados por el Derecho Internacional a lo largo de casi tres siglos de luchas en el mundo, a\u2026","rel":"","context":"En \u00abTemas\u00bb","block_context":{"text":"Temas","link":"https:\/\/moir.com.co\/web\/category\/temas\/"},"img":{"alt_text":"","src":"","width":0,"height":0},"classes":[]},{"id":14387,"url":"https:\/\/moir.com.co\/web\/trabajadores-tercerizados-de-indupalma-tienen-razon-en-su-huelga-robledo\/","url_meta":{"origin":14990,"position":1},"title":"Trabajadores tercerizados de Indupalma tienen raz\u00f3n en su huelga: Robledo","author":"admin","date":"enero 31, 2018","format":false,"excerpt":"Oficina de prensa del senador Jorge Enrique Robledo, Bogot\u00e1, enero 31 de 2018 1.200 trabajadores tercerizados se declararon en huelga. Indupalma ha sido sancionada por el Ministerio del Trabajo. La empresa debe contratar directamente a sus trabajadores. El senador Jorge Enrique Robledo manifest\u00f3 su respaldo a los m\u00e1s de 1.200\u2026","rel":"","context":"En \u00abEconom\u00eda\u00bb","block_context":{"text":"Econom\u00eda","link":"https:\/\/moir.com.co\/web\/category\/temas\/economia\/"},"img":{"alt_text":"","src":"https:\/\/i0.wp.com\/moir.com.co\/web\/wp-content\/uploads\/2018\/01\/indupalmahuelga2018.jpg?fit=768%2C408&ssl=1&resize=350%2C200","width":350,"height":200,"srcset":"https:\/\/i0.wp.com\/moir.com.co\/web\/wp-content\/uploads\/2018\/01\/indupalmahuelga2018.jpg?fit=768%2C408&ssl=1&resize=350%2C200 1x, https:\/\/i0.wp.com\/moir.com.co\/web\/wp-content\/uploads\/2018\/01\/indupalmahuelga2018.jpg?fit=768%2C408&ssl=1&resize=525%2C300 1.5x, https:\/\/i0.wp.com\/moir.com.co\/web\/wp-content\/uploads\/2018\/01\/indupalmahuelga2018.jpg?fit=768%2C408&ssl=1&resize=700%2C400 2x"},"classes":[]},{"id":17387,"url":"https:\/\/moir.com.co\/web\/1-de-mayo-por-soberania-paz-y-empleo-digno\/","url_meta":{"origin":14990,"position":2},"title":"1\u00b0 de Mayo: por Soberan\u00eda, Paz y Empleo Digno","author":"admin","date":"abril 30, 2019","format":false,"excerpt":"Barranquilla, abril 30 de 2019 Desde hace 133 a\u00f1os, la clase obrera de casi todos los pa\u00edses del mundo conmemora el Primero de Mayo como el d\u00eda internacional de los trabajadores, recuerda la perfidia criminal de la gran burgues\u00eda norteamericana, evoca las heroicas huelgas de 1886, rinde sentido homenaje a\u2026","rel":"","context":"En \u00abEconom\u00eda\u00bb","block_context":{"text":"Econom\u00eda","link":"https:\/\/moir.com.co\/web\/category\/temas\/economia\/"},"img":{"alt_text":"","src":"","width":0,"height":0},"classes":[]},{"id":5556,"url":"https:\/\/moir.com.co\/web\/1-de-mayo-hace-125-anos-la-clase-obrera-irrumpio-en-la-palestra-mundial\/","url_meta":{"origin":14990,"position":3},"title":"1 de mayo: hace 125 a\u00f1os la clase obrera irrumpi\u00f3 en la palestra mundial","author":"admin","date":"abril 28, 2011","format":false,"excerpt":"A finales del siglo diecinueve, las movilizaciones obreras por la jornada de ocho horas, conmovieron los pa\u00edses industrializados, en especial al m\u00e1s pujante de todos, Estados Unidos, justo cuando \u00e9ste se convert\u00eda en potencia imperial al servicio del capital financiero y de los monopolios. La lucha por la reducci\u00f3n de\u2026","rel":"","context":"En \u00abTemas\u00bb","block_context":{"text":"Temas","link":"https:\/\/moir.com.co\/web\/category\/temas\/"},"img":{"alt_text":"","src":"","width":0,"height":0},"classes":[]},{"id":9344,"url":"https:\/\/moir.com.co\/web\/1-de-mayo-2015-por-paz-y-contra-el-plan-nacional-de-desarrollo-viva-la-movilizacion-y-el-paro\/","url_meta":{"origin":14990,"position":4},"title":"1\u00b0 de mayo 2015. Por paz y contra el plan nacional de desarrollo. Viva la movilizaci\u00f3n y el paro","author":"admin","date":"abril 30, 2015","format":false,"excerpt":"El magisterio colombiano, con el portentoso paro nacional indefinido orientado por Fecode, engalana hoy la conmemoraci\u00f3n del d\u00eda internacional de la clase obrera, en este marco de lucha y movilizaci\u00f3n sin precedentes, los trabajadores colombianos rendimos homenaje a los m\u00e1rtires de Chicago. A pesar del tiempo que ha pasado desde\u2026","rel":"","context":"En \u00abPronunciamientos de Organizaciones Sociales\u00bb","block_context":{"text":"Pronunciamientos de Organizaciones Sociales","link":"https:\/\/moir.com.co\/web\/category\/pronunciamientos-de-organizaciones-sociales\/"},"img":{"alt_text":"","src":"","width":0,"height":0},"classes":[]},{"id":513,"url":"https:\/\/moir.com.co\/web\/manifiesto-primero-de-mayo-2003\/","url_meta":{"origin":14990,"position":5},"title":"MANIFIESTO PRIMERO DE MAYO 2003","author":"admin","date":"agosto 9, 2004","format":false,"excerpt":"CUT, CGTD, CTC, CPC; abril 29 de 2003 Hoy, tal vez con la mayor contundencia y amplitud de participaci\u00f3n de los \u00faltimos veinte a\u00f1os, los trabajadores y los pueblos del mundo celebran su fiesta internacional, la efem\u00e9rides que cada a\u00f1o se encarga de recordar que detr\u00e1s de cada derecho laboral,\u2026","rel":"","context":"En \u00abPronunciamientos de Organizaciones Sociales\u00bb","block_context":{"text":"Pronunciamientos de Organizaciones Sociales","link":"https:\/\/moir.com.co\/web\/category\/pronunciamientos-de-organizaciones-sociales\/"},"img":{"alt_text":"","src":"","width":0,"height":0},"classes":[]}],"jetpack_sharing_enabled":true,"_links":{"self":[{"href":"https:\/\/moir.com.co\/web\/wp-json\/wp\/v2\/posts\/14990","targetHints":{"allow":["GET"]}}],"collection":[{"href":"https:\/\/moir.com.co\/web\/wp-json\/wp\/v2\/posts"}],"about":[{"href":"https:\/\/moir.com.co\/web\/wp-json\/wp\/v2\/types\/post"}],"author":[{"embeddable":true,"href":"https:\/\/moir.com.co\/web\/wp-json\/wp\/v2\/users\/1"}],"replies":[{"embeddable":true,"href":"https:\/\/moir.com.co\/web\/wp-json\/wp\/v2\/comments?post=14990"}],"version-history":[{"count":1,"href":"https:\/\/moir.com.co\/web\/wp-json\/wp\/v2\/posts\/14990\/revisions"}],"predecessor-version":[{"id":14992,"href":"https:\/\/moir.com.co\/web\/wp-json\/wp\/v2\/posts\/14990\/revisions\/14992"}],"wp:featuredmedia":[{"embeddable":true,"href":"https:\/\/moir.com.co\/web\/wp-json\/wp\/v2\/media\/14991"}],"wp:attachment":[{"href":"https:\/\/moir.com.co\/web\/wp-json\/wp\/v2\/media?parent=14990"}],"wp:term":[{"taxonomy":"category","embeddable":true,"href":"https:\/\/moir.com.co\/web\/wp-json\/wp\/v2\/categories?post=14990"},{"taxonomy":"post_tag","embeddable":true,"href":"https:\/\/moir.com.co\/web\/wp-json\/wp\/v2\/tags?post=14990"}],"curies":[{"name":"wp","href":"https:\/\/api.w.org\/{rel}","templated":true}]}}