{"id":14953,"date":"2018-04-23T16:20:13","date_gmt":"2018-04-23T16:20:13","guid":{"rendered":"https:\/\/moir.org.co\/web\/?p=14953"},"modified":"2018-04-23T16:20:13","modified_gmt":"2018-04-23T16:20:13","slug":"debates-y-realidades","status":"publish","type":"post","link":"https:\/\/moir.com.co\/web\/debates-y-realidades\/","title":{"rendered":"Debates y realidades"},"content":{"rendered":"<p><strong>Libardo G\u00f3mez S\u00e1nchez, Neiva, abril 23 de 2018<\/strong><\/p>\n<p>Los debates de los candidatos a la presidencia copan buena parte de la atenci\u00f3n p\u00fablica, sin embargo, las limitaciones de tiempo, los formatos, el tipo de preguntas y el condicionamiento de los temas, as\u00ed como las acusaciones v\u00e1lidas o infundadas, reducen la posibilidad de conocer exactamente qu\u00e9 pa\u00eds es el que pretenden construir con los programas que inscribieron para postularse; salvo registrar el dominio y conocimiento de algunos temas, la pol\u00e9mica permite lucirse al que tiene facilidad de expresi\u00f3n, dominio de c\u00e1maras, sin que podamos enterarnos a cabalidad de las implicaciones de sus propuestas, esto solo es posible estudiando con rigor sus programas.<\/p>\n<p>&nbsp;<\/p>\n<p>Su lectura permite aclarar que el \u00fanico candidato comprometido con modificar el modelo econ\u00f3mico y social, que nos ha gobernado durante las \u00faltimas tres d\u00e9cadas es Sergio Fajardo, incluye la renegociaci\u00f3n de los Tratados de Libre Comercio, mientras los dem\u00e1s insisten en pretender avanzar en los condicionamientos de estos acuerdos, que han socavado al agro y a la precaria industria nacional, aseguran el perverso sistema de salud y educaci\u00f3n y son normas supraconstitucionales porque rebasan las leyes internas protegiendo el inter\u00e9s for\u00e1neo y afectando el propio.<\/p>\n<p>&nbsp;<\/p>\n<p>Duque y Lleras no ocultan su prop\u00f3sito de continuar con el modelo, \u00a0insisten en el saqueo de los recursos energ\u00e9ticos; persisten en la fallida tesis del desarrollo con capital extranjero, asegur\u00e1ndole enormes beneficios que afectan los nuestros; entregando el mercado interno a las importaciones que paga trabajo for\u00e1neo y reduce opciones de empleo a los colombianos. La Colombia Humana reduce su propuesta a crear un impuesto ambiental, con el que supuestamente contrarresta los efectos de los Tratados, como si estos solo se refirieran a aranceles, obviando sus alcances en propiedad intelectual, protecci\u00f3n a la inversi\u00f3n, compras al sector p\u00fablico, trato de naci\u00f3n m\u00e1s favorecida y trato nacional a extranjeros entre otras. En lo relativo al agro incluye solo la variable tierra y cr\u00e9dito cuando tecnolog\u00eda, los costos de producci\u00f3n, la seguridad del mercado y precio se convirtieron en componentes vitales en su viabilidad, los paros agrarios desde los noventa confirman esta realidad; la propuesta de los aguacates es la teor\u00eda de dedicarnos a cultivar tropicales renunciando a producir la dieta b\u00e1sica: trigo, ma\u00edz, arroz y oleaginosas, tal como lo conciben las multinacionales que dominan los mercados; la liquidaci\u00f3n de la Federaci\u00f3n de Cafeteros amenaza la garant\u00eda de compra para los caficultores, coincide con el precepto neoliberal de socavar la institucionalidad y reducir el estado para facilitarle la labor al gran capital. Si queremos cambios de verdad con Fajardo se puede.<\/p>\n","protected":false},"excerpt":{"rendered":"<p>Libardo G\u00f3mez S\u00e1nchez, Neiva, abril 23 de 2018 Los debates de los candidatos a la presidencia copan buena parte de la atenci\u00f3n p\u00fablica, sin embargo, las limitaciones de tiempo, los formatos, el tipo de preguntas y el condicionamiento de los temas, as\u00ed como las acusaciones v\u00e1lidas o infundadas, reducen la posibilidad de conocer exactamente qu\u00e9 [&hellip;]<\/p>\n","protected":false},"author":1,"featured_media":14892,"comment_status":"open","ping_status":"open","sticky":false,"template":"","format":"standard","meta":{"advanced_seo_description":"","jetpack_seo_html_title":"","jetpack_seo_noindex":false,"_jetpack_memberships_contains_paid_content":false,"footnotes":""},"categories":[114,102,97,98],"tags":[],"class_list":["post-14953","post","type-post","status-publish","format-standard","has-post-thumbnail","hentry","category-agro","category-economia","category-imperialismo-y-neoliberalismo","category-politica"],"jetpack_featured_media_url":"https:\/\/i0.wp.com\/moir.com.co\/web\/wp-content\/uploads\/2018\/04\/fajardopresidente.png?fit=390%2C390&ssl=1","jetpack-related-posts":[{"id":5967,"url":"https:\/\/moir.com.co\/web\/programa-radial-de-tribuna-magisterial-septiembre-25-de-2011\/","url_meta":{"origin":14953,"position":0},"title":"Programa Radial de Tribuna Magisterial, septiembre 25 de 2011","author":"admin","date":"septiembre 27, 2011","format":false,"excerpt":"La emisi\u00f3n del 25 de septiembre se inici\u00f3 con la lectura del art\u00edculo \"Candidato al desnudo\" del senador Jorge Enrique Robledo, a manera de editorial. En su espacio para la ciencia, el profesor Guillermo Guevara habl\u00f3 sobre: Educaci\u00f3n, Ciencia y Tecnolog\u00eda: Colombia en la Sima. La profesora Leonora Gonz\u00e1lez, presidenta\u2026","rel":"","context":"En \u00abTribuna Magisterial\u00bb","block_context":{"text":"Tribuna Magisterial","link":"https:\/\/moir.com.co\/web\/category\/tribuna-magisterial\/"},"img":{"alt_text":"","src":"","width":0,"height":0},"classes":[]},{"id":1400,"url":"https:\/\/moir.com.co\/web\/jorge-enrique-robledo-el-acierto-del-presidente\/","url_meta":{"origin":14953,"position":1},"title":"JORGE ENRIQUE ROBLEDO: EL ACIERTO DEL PRESIDENTE","author":"admin","date":"mayo 11, 2006","format":false,"excerpt":"Una vez conocido el fen\u00f3meno pol\u00edtico en el que se viene convirtiendo la candidatura presidencial de Carlos Gaviria, fen\u00f3meno que en buena medida se explica por sus concepciones y la coherencia y fondo de sus an\u00e1lisis, es bien probable que el Presidente Uribe, tan propenso al error como Fernando Londo\u00f1o\u2026","rel":"","context":"En \u00abTemas\u00bb","block_context":{"text":"Temas","link":"https:\/\/moir.com.co\/web\/category\/temas\/"},"img":{"alt_text":"","src":"","width":0,"height":0},"classes":[]},{"id":5941,"url":"https:\/\/moir.com.co\/web\/programa-radial-de-tribuna-magisterial-septiembre-18-de-2011\/","url_meta":{"origin":14953,"position":2},"title":"Programa Radial de Tribuna Magisterial, septiembre 18 de 2011","author":"admin","date":"septiembre 20, 2011","format":false,"excerpt":"La emisi\u00f3n del 18 de septiembre se inici\u00f3 con el editorial del Director, sobre las razones por las cuales votar\u00e1 el 30 de octubre por Aurelio Su\u00e1rez, candidato del Polo a la alcald\u00eda de Bogot\u00e1. Durante la primera parte del programa intervinieron Samuel Orozco, docente de la Escuela Rural de\u2026","rel":"","context":"En \u00abTribuna Magisterial\u00bb","block_context":{"text":"Tribuna Magisterial","link":"https:\/\/moir.com.co\/web\/category\/tribuna-magisterial\/"},"img":{"alt_text":"","src":"","width":0,"height":0},"classes":[]},{"id":6752,"url":"https:\/\/moir.com.co\/web\/programa-radial-tribuna-magisterial-agosto-12-de-2012\/","url_meta":{"origin":14953,"position":3},"title":"Programa Radial Tribuna Magisterial, agosto 12 de 2012","author":"admin","date":"agosto 12, 2012","format":false,"excerpt":"El programa radial inicia con la presentaci\u00f3n del audio del programa de campa\u00f1a de Tribuna Magisterial para la ADE, que tambi\u00e9n se encuentra en YOUTUBE http:\/\/youtu.be\/I-0jSUQPbu0. Continu\u00f3 con la intervenci\u00f3n de Mar\u00eda Antonieta Cano, candidata a la Junta Directiva de la ADE, # 24; V\u00edctor Beltr\u00e1n, candidato al Congreso de\u2026","rel":"","context":"En \u00abTribuna Magisterial\u00bb","block_context":{"text":"Tribuna Magisterial","link":"https:\/\/moir.com.co\/web\/category\/tribuna-magisterial\/"},"img":{"alt_text":"","src":"","width":0,"height":0},"classes":[]},{"id":9427,"url":"https:\/\/moir.com.co\/web\/programa-radial-de-tribuna-magisterial-mayo-31-de-2015\/","url_meta":{"origin":14953,"position":4},"title":"Programa Radial de Tribuna Magisterial, mayo 31 de 2015","author":"admin","date":"junio 2, 2015","format":false,"excerpt":"En el programa del 31 de mayo de 2015 se entrevist\u00f3 a Francisco Torres del Comit\u00e9 Ejecutivo de FECODE, quien dio un informe completo sobre los avances de los acuerdos firmados con el Ministerio de Educaci\u00f3n el pasado 7 de Mayo frente al nuevo modelo de ascenso y reubicaci\u00f3n salarial\u2026","rel":"","context":"En \u00abTribuna Magisterial\u00bb","block_context":{"text":"Tribuna Magisterial","link":"https:\/\/moir.com.co\/web\/category\/tribuna-magisterial\/"},"img":{"alt_text":"","src":"","width":0,"height":0},"classes":[]},{"id":4311,"url":"https:\/\/moir.com.co\/web\/la-maquinaria-estatal-quiere-destruirnos\/","url_meta":{"origin":14953,"position":5},"title":"\u201cLa maquinaria estatal quiere destruirnos\u201d","author":"admin","date":"abril 25, 2010","format":false,"excerpt":"Gustavo Petro, candidato del Polo, dice que Juan Manuel Santos quiere ganar en primera vuelta, y que por eso \u201dbusca destruir a Noem\u00ed\u201d. Las \u00fanicas encuestas que verdaderamente cuentan para Gustavo Petro Urrego, el candidato presidencial del Polo Democr\u00e1tico, son las que realiza su propio partido, para consumo interno. Esas\u2026","rel":"","context":"En \u00abRevista de Prensa\u00bb","block_context":{"text":"Revista de Prensa","link":"https:\/\/moir.com.co\/web\/category\/prensa\/revista-de-prensa\/"},"img":{"alt_text":"","src":"","width":0,"height":0},"classes":[]}],"jetpack_sharing_enabled":true,"_links":{"self":[{"href":"https:\/\/moir.com.co\/web\/wp-json\/wp\/v2\/posts\/14953","targetHints":{"allow":["GET"]}}],"collection":[{"href":"https:\/\/moir.com.co\/web\/wp-json\/wp\/v2\/posts"}],"about":[{"href":"https:\/\/moir.com.co\/web\/wp-json\/wp\/v2\/types\/post"}],"author":[{"embeddable":true,"href":"https:\/\/moir.com.co\/web\/wp-json\/wp\/v2\/users\/1"}],"replies":[{"embeddable":true,"href":"https:\/\/moir.com.co\/web\/wp-json\/wp\/v2\/comments?post=14953"}],"version-history":[{"count":1,"href":"https:\/\/moir.com.co\/web\/wp-json\/wp\/v2\/posts\/14953\/revisions"}],"predecessor-version":[{"id":14954,"href":"https:\/\/moir.com.co\/web\/wp-json\/wp\/v2\/posts\/14953\/revisions\/14954"}],"wp:featuredmedia":[{"embeddable":true,"href":"https:\/\/moir.com.co\/web\/wp-json\/wp\/v2\/media\/14892"}],"wp:attachment":[{"href":"https:\/\/moir.com.co\/web\/wp-json\/wp\/v2\/media?parent=14953"}],"wp:term":[{"taxonomy":"category","embeddable":true,"href":"https:\/\/moir.com.co\/web\/wp-json\/wp\/v2\/categories?post=14953"},{"taxonomy":"post_tag","embeddable":true,"href":"https:\/\/moir.com.co\/web\/wp-json\/wp\/v2\/tags?post=14953"}],"curies":[{"name":"wp","href":"https:\/\/api.w.org\/{rel}","templated":true}]}}