{"id":14950,"date":"2018-04-23T16:12:10","date_gmt":"2018-04-23T16:12:10","guid":{"rendered":"https:\/\/moir.org.co\/web\/?p=14950"},"modified":"2018-04-23T16:12:10","modified_gmt":"2018-04-23T16:12:10","slug":"la-agresion-gringa-y-el-sueno-americano","status":"publish","type":"post","link":"https:\/\/moir.com.co\/web\/la-agresion-gringa-y-el-sueno-americano\/","title":{"rendered":"La agresi\u00f3n gringa y el sue\u00f1o americano"},"content":{"rendered":"<p><strong>Jos\u00e9 Arlex Arias, Cartagena, abril 23 de 2018<\/strong><\/p>\n<p>El 13 de este mes, como siempre tratando de justificar su actitud a nombre de &#8220;su democracia&#8221;, Estados Unidos lanz\u00f3 una nueva agresi\u00f3n contra otro pa\u00eds; en este caso repite ataques contra Siria. En toda la historia de la humanidad, las guerras y agresiones entre pa\u00edses se han dado para las potencias defender sus intereses y las posiciones geopol\u00edticas y en el caso de Siria se repite con tr\u00e1gicas consecuencias para su poblaci\u00f3n, con cerca de medio mill\u00f3n de muertos y cinco millones de refugiados, lo cual de por s\u00ed es el arrasamiento a toda una civilizaci\u00f3n, con sus propias costumbres y formas de vivir. Las grandes potencias se disputan estos territorios por la necesidad de recomponer la tasa interna de retorno de sus empresas y multinacionales, am\u00e9n de la repartici\u00f3n de los recursos de la naci\u00f3n sometida. De esta manera esas potencias logran solventar ciertas crisis econ\u00f3micas.<\/p>\n<p>&nbsp;<\/p>\n<p>El profesor de econom\u00eda Jay Shambaugh public\u00f3 en BBC Mundo del 11 de diciembre de 2017 que en el a\u00f1o 2016 hab\u00eda casi\u00a0<strong>41 millones de<\/strong> estadounidenses<strong> \u2013es decir, el <\/strong>13% de su poblaci\u00f3n\u2013 en la pobreza, de los cuales <strong>13,3 millones eran ni\u00f1os y 4,6 millones, mayores de 65 a\u00f1os. As\u00ed mismo, BBC Mundo public\u00f3 el 20 de noviembre de 2017 un art\u00edculo de \u00c1ngel Berm\u00fadez, titulado: &#8220;<\/strong>6 indicadores en los que EEUU est\u00e1 al nivel de los pa\u00edses subdesarrollados&#8221;, que se refieren a: 1) Esperanza de vida, que es de 79,2 a\u00f1os, ocupando el <strong>puesto 40 del mundo, por detr\u00e1s de <\/strong>Chile, Costa Rica y Cuba. 2) Mortalidad infantil: en EEUU es de 5,6, <strong>lugar 44 del mundo, superado por <\/strong>Cuba, Bosnia Herzegovina y Croacia y <strong>en el pen\u00faltimo lugar<\/strong> entre los 35 pa\u00edses con econom\u00edas avanzadas<strong>, solo por delante de Ruman\u00eda<\/strong><strong>. <\/strong>3) En Mortalidad materna, su <strong>tasa es de 26,5<\/strong>, siendo superior a la de Costa Rica (24,3), China (17,7), Vietnam (15,6) o L\u00edbano (15,3). 4) Tasa de homicidios: r<strong>egistra 4,88 asesinatos por cada 100.000 ciudadanos,<\/strong>\u00a0puesto 59 del mundo, superior a la del resto de pa\u00edses industrializados y de pa\u00edses como Albania (2,28), Bangladesh (2,51) y Chile (3,59). 5). Embarazos adolescentes: registra una tasa de 21 nacimientos por cada 1.000 mujeres entre 15 y 19 a\u00f1os de edad, en el puesto 68 en el mundo, en contraste con Jap\u00f3n (4), Alemania (6) o Francia (9), u otros como T\u00fanez (7), Sri Lanka (14) o Serbia (19). 6) Educaci\u00f3n: en el Programa Internacional para Evaluaci\u00f3n de Competencias, (PIAAC), entre pa\u00edses de la Organizaci\u00f3n para la Cooperaci\u00f3n y el Desarrollo Econ\u00f3mico (OCDE), EEUU ocup\u00f3 el puesto 21 entre 23; adem\u00e1s, tiene 16 millones de personas que no saben leer y seg\u00fan el informe de la universidad de Temple y el centro Wisconsin HOPE Lab, el 36% de los estudiantes universitarios ni com\u00edan lo suficiente ni ten\u00edan acceso a una vivienda segura.<\/p>\n<p>&nbsp;<\/p>\n<p>Esta crisis de EEUU los lleva a buscar soluciones allende de sus fronteras y as\u00ed podemos entender su agresi\u00f3n militar a: Granada (1983), Panam\u00e1 (1989), Irak (1991 y 2003), Somalia (1993), Yugoslavia (1995 y 1999), Afganist\u00e1n (1998 y 2001), Sud\u00e1n (1998), Pakist\u00e1n (2002) y Libia (2011), entre otros, siempre con el supuesto de la defensa de la democracia. Mientras las tropas gringas buscan recomponer la tasa de utilidades a sus multinacionales, \u00a1el pueblo sigue con el sue\u00f1o americano!<\/p>\n","protected":false},"excerpt":{"rendered":"<p>Jos\u00e9 Arlex Arias, Cartagena, abril 23 de 2018 El 13 de este mes, como siempre tratando de justificar su actitud a nombre de &#8220;su democracia&#8221;, Estados Unidos lanz\u00f3 una nueva agresi\u00f3n contra otro pa\u00eds; en este caso repite ataques contra Siria. En toda la historia de la humanidad, las guerras y agresiones entre pa\u00edses se [&hellip;]<\/p>\n","protected":false},"author":1,"featured_media":14951,"comment_status":"open","ping_status":"open","sticky":false,"template":"","format":"standard","meta":{"advanced_seo_description":"","jetpack_seo_html_title":"","jetpack_seo_noindex":false,"_jetpack_memberships_contains_paid_content":false,"footnotes":""},"categories":[102,97,105,98],"tags":[],"class_list":["post-14950","post","type-post","status-publish","format-standard","has-post-thumbnail","hentry","category-economia","category-imperialismo-y-neoliberalismo","category-internacional-articulos-de-actualidad","category-politica"],"jetpack_featured_media_url":"https:\/\/i0.wp.com\/moir.com.co\/web\/wp-content\/uploads\/2018\/04\/eeuuatacasiria.jpeg?fit=289%2C175&ssl=1","jetpack-related-posts":[{"id":7873,"url":"https:\/\/moir.com.co\/web\/posicion-de-la-republica-arabe-siria-frente-a-la-agresion-norteamericana\/","url_meta":{"origin":14950,"position":0},"title":"Posici\u00f3n de la Rep\u00fablica \u00c1rabe Siria frente a la agresi\u00f3n norteamericana","author":"admin","date":"septiembre 5, 2013","format":false,"excerpt":"Desde el inicio de la crisis en Siria y a lo largo de dos a\u00f1os y medio, los Estados Unidos de Am\u00e9rica, sus aliados internacionales y regionales y en especial Arabia Saudita, Turqu\u00eda y Qatar y sus instrumentos terroristas armados dieron inicio a la matanza del pueblo sirio y la\u2026","rel":"","context":"En \u00abTemas\u00bb","block_context":{"text":"Temas","link":"https:\/\/moir.com.co\/web\/category\/temas\/"},"img":{"alt_text":"","src":"","width":0,"height":0},"classes":[]},{"id":9816,"url":"https:\/\/moir.com.co\/web\/la-guerra-en-siria\/","url_meta":{"origin":14950,"position":1},"title":"La guerra en Siria","author":"admin","date":"diciembre 7, 2015","format":false,"excerpt":"La guerra en Siria, que llega a su cuarto a\u00f1o, es una guerra de desgaste que ha devastado parte del pa\u00eds. No todo lo han destruido. Parte de la infraestructura econ\u00f3mica se mantiene intacta y en pleno funcionamiento, especialmente los pozos petroleros, oleoductos y refiner\u00edas, cuya producci\u00f3n, como ya es\u2026","rel":"","context":"En \u00abTemas\u00bb","block_context":{"text":"Temas","link":"https:\/\/moir.com.co\/web\/category\/temas\/"},"img":{"alt_text":"","src":"","width":0,"height":0},"classes":[]},{"id":12106,"url":"https:\/\/moir.com.co\/web\/la-guerra-de-trump\/","url_meta":{"origin":14950,"position":2},"title":"La guerra de Trump","author":"admin","date":"abril 12, 2017","format":false,"excerpt":"Atilio Bor\u00f3n,\u00a0librered.net, abril 11 de 2017 Acosado por sucesivas derrotas en el Congreso \u2013el rechazo a su proyecto de eliminar el Obamacare- y en la Justicia, por el tema de los vetos a la inmigraci\u00f3n de pa\u00edses musulmanes, Donald Trump apel\u00f3 a un recurso tan viejo como efectivo: iniciar una\u2026","rel":"","context":"En \u00abImperialismo y Neoliberalismo\u00bb","block_context":{"text":"Imperialismo y Neoliberalismo","link":"https:\/\/moir.com.co\/web\/category\/temas\/imperialismo-y-neoliberalismo\/"},"img":{"alt_text":"","src":"https:\/\/i0.wp.com\/moir.com.co\/web\/wp-content\/uploads\/2017\/04\/trumpguerra.jpg?fit=800%2C445&ssl=1&resize=350%2C200","width":350,"height":200,"srcset":"https:\/\/i0.wp.com\/moir.com.co\/web\/wp-content\/uploads\/2017\/04\/trumpguerra.jpg?fit=800%2C445&ssl=1&resize=350%2C200 1x, https:\/\/i0.wp.com\/moir.com.co\/web\/wp-content\/uploads\/2017\/04\/trumpguerra.jpg?fit=800%2C445&ssl=1&resize=525%2C300 1.5x, https:\/\/i0.wp.com\/moir.com.co\/web\/wp-content\/uploads\/2017\/04\/trumpguerra.jpg?fit=800%2C445&ssl=1&resize=700%2C400 2x"},"classes":[]},{"id":7650,"url":"https:\/\/moir.com.co\/web\/el-abrazo-del-oso\/","url_meta":{"origin":14950,"position":3},"title":"El abrazo del oso","author":"admin","date":"junio 17, 2013","format":false,"excerpt":"La historia de las relaciones exteriores de Colombia desde principios del siglo pasado deja al descubierto su alineamiento desembozado con los intereses de los Estados Unidos, naci\u00f3n que en los albores del siglo XX se perfilaba como una nueva potencia imperial y como tal desmembr\u00f3 la integridad territorial de nuestro\u2026","rel":"","context":"En \u00abTemas\u00bb","block_context":{"text":"Temas","link":"https:\/\/moir.com.co\/web\/category\/temas\/"},"img":{"alt_text":"","src":"","width":0,"height":0},"classes":[]},{"id":10607,"url":"https:\/\/moir.com.co\/web\/las-claves-de-la-guerra-de-siria\/","url_meta":{"origin":14950,"position":4},"title":"Las claves de la guerra de Siria","author":"admin","date":"octubre 16, 2016","format":false,"excerpt":"Juan Manuel Olarieta, LibreRed, octubre 15 de 2016 La Guerra de Siria fue desencadenada a comienzos de 2011 por el imperialismo dentro de la campa\u00f1a de la Primavera \u00c1rabe que tiene por objeto cambiar la correlaci\u00f3n de fuerzas en Oriente Medio y el norte de \u00c1frica y proceder a un\u2026","rel":"","context":"En \u00abImperialismo y Neoliberalismo\u00bb","block_context":{"text":"Imperialismo y Neoliberalismo","link":"https:\/\/moir.com.co\/web\/category\/temas\/imperialismo-y-neoliberalismo\/"},"img":{"alt_text":"","src":"https:\/\/i0.wp.com\/moir.com.co\/web\/wp-content\/uploads\/2016\/10\/siria2.jpg?fit=800%2C445&ssl=1&resize=350%2C200","width":350,"height":200,"srcset":"https:\/\/i0.wp.com\/moir.com.co\/web\/wp-content\/uploads\/2016\/10\/siria2.jpg?fit=800%2C445&ssl=1&resize=350%2C200 1x, https:\/\/i0.wp.com\/moir.com.co\/web\/wp-content\/uploads\/2016\/10\/siria2.jpg?fit=800%2C445&ssl=1&resize=525%2C300 1.5x, https:\/\/i0.wp.com\/moir.com.co\/web\/wp-content\/uploads\/2016\/10\/siria2.jpg?fit=800%2C445&ssl=1&resize=700%2C400 2x"},"classes":[]},{"id":19734,"url":"https:\/\/moir.com.co\/web\/el-pueblo-palestino-resiste-la-agresion-fascista-de-israel\/","url_meta":{"origin":14950,"position":5},"title":"EL PUEBLO PALESTINO RESISTE LA AGRESI\u00d3N FASCISTA DE ISRAEL","author":"admin","date":"agosto 9, 2004","format":false,"excerpt":"Francisco Valderrama Mutis Yasser Arafat, confinado desde marzo de 2001 en la Mukata, casa de gobierno de la Autoridad Nacional Palestina, en Ramala, representa la voluntad de resistencia y el alma del pueblo palestino. Todos los esfuerzos de la alianza Sharon-Estados Unidos se han orientado a quebrantar su voluntad y\u2026","rel":"","context":"En \u00abTribuna Roja N\u00ba 93, octubre 8 de 2003\u00bb","block_context":{"text":"Tribuna Roja N\u00ba 93, octubre 8 de 2003","link":"https:\/\/moir.com.co\/web\/category\/tribuna-roja\/ediciones-2000-2004\/tribuna-roja-no-93-octubre-8-de-2003\/"},"img":{"alt_text":"","src":"","width":0,"height":0},"classes":[]}],"jetpack_sharing_enabled":true,"_links":{"self":[{"href":"https:\/\/moir.com.co\/web\/wp-json\/wp\/v2\/posts\/14950","targetHints":{"allow":["GET"]}}],"collection":[{"href":"https:\/\/moir.com.co\/web\/wp-json\/wp\/v2\/posts"}],"about":[{"href":"https:\/\/moir.com.co\/web\/wp-json\/wp\/v2\/types\/post"}],"author":[{"embeddable":true,"href":"https:\/\/moir.com.co\/web\/wp-json\/wp\/v2\/users\/1"}],"replies":[{"embeddable":true,"href":"https:\/\/moir.com.co\/web\/wp-json\/wp\/v2\/comments?post=14950"}],"version-history":[{"count":1,"href":"https:\/\/moir.com.co\/web\/wp-json\/wp\/v2\/posts\/14950\/revisions"}],"predecessor-version":[{"id":14952,"href":"https:\/\/moir.com.co\/web\/wp-json\/wp\/v2\/posts\/14950\/revisions\/14952"}],"wp:featuredmedia":[{"embeddable":true,"href":"https:\/\/moir.com.co\/web\/wp-json\/wp\/v2\/media\/14951"}],"wp:attachment":[{"href":"https:\/\/moir.com.co\/web\/wp-json\/wp\/v2\/media?parent=14950"}],"wp:term":[{"taxonomy":"category","embeddable":true,"href":"https:\/\/moir.com.co\/web\/wp-json\/wp\/v2\/categories?post=14950"},{"taxonomy":"post_tag","embeddable":true,"href":"https:\/\/moir.com.co\/web\/wp-json\/wp\/v2\/tags?post=14950"}],"curies":[{"name":"wp","href":"https:\/\/api.w.org\/{rel}","templated":true}]}}