{"id":14928,"date":"2018-04-17T20:04:19","date_gmt":"2018-04-17T20:04:19","guid":{"rendered":"https:\/\/moir.org.co\/web\/?p=14928"},"modified":"2018-04-17T20:04:19","modified_gmt":"2018-04-17T20:04:19","slug":"cartel-de-productores-de-cafe-contra-cartel-de-las-transnacionales","status":"publish","type":"post","link":"https:\/\/moir.com.co\/web\/cartel-de-productores-de-cafe-contra-cartel-de-las-transnacionales\/","title":{"rendered":"\u00bfCartel de productores de Caf\u00e9 contra Cartel de las transnacionales?"},"content":{"rendered":"<p><strong>Aurelio Su\u00e1rez Montoya, Bogot\u00e1, abril 14 de 2018<\/strong><\/p>\n<p>La palabra CARTEL ha venido a menos. Desde el inicio del narcotr\u00e1fico, al identificar \u201cel de Cali\u201d o \u201cel de Medell\u00edn\u201d y, recientemente en las repugnantes corruptelas en C\u00f3rdoba o en la Justicia, se reforz\u00f3 cierta connotaci\u00f3n criminal de esta palabra.<\/p>\n<p>Sin embargo, el significado original se refiere a la asociaci\u00f3n de un reducido grupo de agentes \u2013con cierto grado de concentraci\u00f3n sobre la oferta de un producto- que conviene entre s\u00ed las condiciones de venta, los plazos y formas de pago, las cantidades ofrecidas y hasta la distribuci\u00f3n de\u00a0 los mercados de venta. Aunque se afirma que hoy impera el \u201clibre comercio\u201d, los carteles, desde finales del siglo XIX, operan como una base de la vida econ\u00f3mica, incluyendo hasta la concertaci\u00f3n en la repartici\u00f3n de ganancias.<\/p>\n<p>La econom\u00eda cafetera global es cada vez m\u00e1s desigual contra los pa\u00edses productores. Las grandes compa\u00f1\u00edas y los fondos financieros han conformado un verdadero CARTEL: 80% del mercado norteamericano y alem\u00e1n, tanto en el caf\u00e9 tostado como en el soluble, est\u00e1 en manos de tres compa\u00f1\u00edas; hace 25 a\u00f1os, del valor total del consumo final en taza, a los productores les correspond\u00eda el 15% y ahora menos del 10%; grupos financieros muy fuertes -como J&amp;D- abarcan la compra anticipada de cosechas; la comercializaci\u00f3n al por mayor; la transformaci\u00f3n industrial y la venta en cadenas propias de cafeter\u00edas en las principales \u00e1reas de consumo y sin olvidar que las cotizaciones a futuro en las bolsas de valores amplifican los efectos vol\u00e1tiles de la especulaci\u00f3n burs\u00e1til.<\/p>\n<p>Esas condiciones han llevado a que el precio internacional promedio del caf\u00e9 colombiano, en d\u00f3lares corrientes, se haya ubicado en lo corrido del siglo entre 1,3 y 1,4 d\u00f3lares por libra y los caficultores quedan dependiendo para subsistir \u2013 como est\u00e1 pasando &#8211; del valor del d\u00f3lar mientras los costos al productor crecen en espiral. \u00a0As\u00ed mismo, dentro de la mayor afectaci\u00f3n para el caf\u00e9 de Colombia, la resoluci\u00f3n 420 de 2004 de la OIC, urdida por Estados Unidos para retornar a esta organizaci\u00f3n, que hab\u00eda dejado en 1989 y consentida con el visto bueno de Gabriel Silva y del gobierno de Uribe, permiti\u00f3 el comercio global sin cumplir requisitos de calidad: apenas 50% del volumen transado\u00a0 reporta registro de humedad y dureza.<\/p>\n<p>No contento Estados Unidos con tanta inequidad, Trump decidi\u00f3, despu\u00e9s de hacer y deshacer, abandonar la OIC y as\u00ed firmas como KGF, Sara Lee, Starbucks, Dunkin&#8217; Donuts\u00a0y otras tendr\u00e1n m\u00e1s libertad en el proceso sistem\u00e1tico emprendido contra 25 millones de campesinos que elaboran el 94% del producto mundial.<\/p>\n<p>\u00bfQu\u00e9 hacer? Como las naciones petroleras en la OPEP, y tal como voceros de Dignidad Cafetera lo esbozaron en el Foro Mundial de Medell\u00edn en julio de 2017, debe mirarse si es la hora de formar el CARTEL de los 43 pa\u00edses cafeteros contra el transnacional ya establecido, el mismo que amenaza la sostenibilidad de m\u00e1s de 100 millones de personas que viven directamente del grano.<\/p>\n<p class=\" IL_IC_MIN\">La Federaci\u00f3n Nacional de Cafeteros ha de liderar dicha agrupaci\u00f3n como justa respuesta y, al contrario de lo propuesto por Petro en el Tolima donde reiter\u00f3 que la soluci\u00f3n era acabarla, este es el momento de dicha instituci\u00f3n. El asunto tiene enormes dimensiones y exige respuestas globales y contundentes, no \u201cf\u00f3rmulas ingeniosas\u201d, individualistas, que echar\u00edan a perder a la industria cafetera nacional, sin garant\u00eda de compra, sin defensa a merced del CARTEL transnacional.<\/p>\n","protected":false},"excerpt":{"rendered":"<p>Aurelio Su\u00e1rez Montoya, Bogot\u00e1, abril 14 de 2018 La palabra CARTEL ha venido a menos. Desde el inicio del narcotr\u00e1fico, al identificar \u201cel de Cali\u201d o \u201cel de Medell\u00edn\u201d y, recientemente en las repugnantes corruptelas en C\u00f3rdoba o en la Justicia, se reforz\u00f3 cierta connotaci\u00f3n criminal de esta palabra. Sin embargo, el significado original se [&hellip;]<\/p>\n","protected":false},"author":1,"featured_media":14929,"comment_status":"open","ping_status":"open","sticky":false,"template":"","format":"standard","meta":{"advanced_seo_description":"","jetpack_seo_html_title":"","jetpack_seo_noindex":false,"_jetpack_memberships_contains_paid_content":false,"footnotes":""},"categories":[114,79,102,97,105,98],"tags":[],"class_list":["post-14928","post","type-post","status-publish","format-standard","has-post-thumbnail","hentry","category-agro","category-aurelio-suarez-montoya","category-economia","category-imperialismo-y-neoliberalismo","category-internacional-articulos-de-actualidad","category-politica"],"jetpack_featured_media_url":"https:\/\/i0.wp.com\/moir.com.co\/web\/wp-content\/uploads\/2018\/04\/federacionnalcafeteros.png?fit=207%2C189&ssl=1","jetpack-related-posts":[{"id":10759,"url":"https:\/\/moir.com.co\/web\/vender-el-20-de-la-eeb-es-mucho-peor-negocio-que-la-venta-de-isagen-aurelio-suarez\/","url_meta":{"origin":14928,"position":0},"title":"Vender el 20% de la EEB es mucho peor negocio que la venta de Isagen: Aurelio Su\u00e1rez","author":"admin","date":"octubre 24, 2016","format":"video","excerpt":"","rel":"","context":"En \u00abAurelio Su\u00e1rez Montoya\u00bb","block_context":{"text":"Aurelio Su\u00e1rez Montoya","link":"https:\/\/moir.com.co\/web\/category\/bitacoras\/aurelio-suarez-montoya\/"},"img":{"alt_text":"","src":"","width":0,"height":0},"classes":[]},{"id":13753,"url":"https:\/\/moir.com.co\/web\/rueda-de-prensa-de-aurelio-suarez-montoya-en-pereira\/","url_meta":{"origin":14928,"position":1},"title":"Rueda de prensa de Aurelio Su\u00e1rez Montoya en Pereira","author":"admin","date":"noviembre 7, 2017","format":"video","excerpt":"Rueda de prensa con uno de los economistas m\u00e1s importantes del pa\u00eds, Aurelio Su\u00e1rez, hablar\u00e1 sobre temas de relevancia para el departamento de Risaralda. Pereira, noviembre 5 de 2017","rel":"","context":"En \u00abAgro\u00bb","block_context":{"text":"Agro","link":"https:\/\/moir.com.co\/web\/category\/temas\/agro\/"},"img":{"alt_text":"","src":"","width":0,"height":0},"classes":[]},{"id":14351,"url":"https:\/\/moir.com.co\/web\/video-alarmante-incremento-de-la-desigualdad-economica-en-el-mundo-aurelio-suarez-montoya\/","url_meta":{"origin":14928,"position":2},"title":"Video: Alarmante incremento de la desigualdad econ\u00f3mica en el mundo, Aurelio Su\u00e1rez Montoya","author":"admin","date":"enero 29, 2018","format":"video","excerpt":"Bogot\u00e1, enero 29 de 2018","rel":"","context":"En \u00abAurelio Su\u00e1rez Montoya\u00bb","block_context":{"text":"Aurelio Su\u00e1rez Montoya","link":"https:\/\/moir.com.co\/web\/category\/bitacoras\/aurelio-suarez-montoya\/"},"img":{"alt_text":"","src":"","width":0,"height":0},"classes":[]},{"id":17295,"url":"https:\/\/moir.com.co\/web\/video-intervencion-de-aurelio-suarez-montoya-en-la-audiencia-el-agro-en-crisis\/","url_meta":{"origin":14928,"position":3},"title":"Video: Intervenci\u00f3n de Aurelio Su\u00e1rez Montoya en la audiencia &#8220;El agro en crisis&#8221;","author":"admin","date":"abril 14, 2019","format":"video","excerpt":"Bogot\u00e1, abril 13 de 2019","rel":"","context":"En \u00abAgro\u00bb","block_context":{"text":"Agro","link":"https:\/\/moir.com.co\/web\/category\/temas\/agro\/"},"img":{"alt_text":"","src":"","width":0,"height":0},"classes":[]},{"id":13410,"url":"https:\/\/moir.com.co\/web\/video-intervencion-de-aurelio-suarez-montoya-en-el-foro-por-la-financiacion-de-la-educacion-convocado-por-fecode\/","url_meta":{"origin":14928,"position":4},"title":"Video: Intervenci\u00f3n de Aurelio Su\u00e1rez Montoya en el Foro por la Financiaci\u00f3n de la Educaci\u00f3n convocado por Fecode","author":"admin","date":"septiembre 29, 2017","format":"video","excerpt":"Bogot\u00e1, septiembre 26 de 2017","rel":"","context":"En \u00abAurelio Su\u00e1rez Montoya\u00bb","block_context":{"text":"Aurelio Su\u00e1rez Montoya","link":"https:\/\/moir.com.co\/web\/category\/bitacoras\/aurelio-suarez-montoya\/"},"img":{"alt_text":"","src":"","width":0,"height":0},"classes":[]},{"id":17331,"url":"https:\/\/moir.com.co\/web\/video-intervencion-de-aurelio-suarez-montoya-en-la-audiencia-publica-s-o-s-por-la-industria-textil-confecciones\/","url_meta":{"origin":14928,"position":5},"title":"Video: Intervenci\u00f3n de Aurelio Su\u00e1rez Montoya en la audiencia p\u00fablica: &#8220;S.O.S por la industria textil confecciones&#8221;","author":"admin","date":"abril 23, 2019","format":"video","excerpt":"Bogot\u00e1, abril 22 de 2019","rel":"","context":"En \u00abAurelio Su\u00e1rez Montoya\u00bb","block_context":{"text":"Aurelio Su\u00e1rez Montoya","link":"https:\/\/moir.com.co\/web\/category\/bitacoras\/aurelio-suarez-montoya\/"},"img":{"alt_text":"","src":"","width":0,"height":0},"classes":[]}],"jetpack_sharing_enabled":true,"_links":{"self":[{"href":"https:\/\/moir.com.co\/web\/wp-json\/wp\/v2\/posts\/14928","targetHints":{"allow":["GET"]}}],"collection":[{"href":"https:\/\/moir.com.co\/web\/wp-json\/wp\/v2\/posts"}],"about":[{"href":"https:\/\/moir.com.co\/web\/wp-json\/wp\/v2\/types\/post"}],"author":[{"embeddable":true,"href":"https:\/\/moir.com.co\/web\/wp-json\/wp\/v2\/users\/1"}],"replies":[{"embeddable":true,"href":"https:\/\/moir.com.co\/web\/wp-json\/wp\/v2\/comments?post=14928"}],"version-history":[{"count":1,"href":"https:\/\/moir.com.co\/web\/wp-json\/wp\/v2\/posts\/14928\/revisions"}],"predecessor-version":[{"id":14930,"href":"https:\/\/moir.com.co\/web\/wp-json\/wp\/v2\/posts\/14928\/revisions\/14930"}],"wp:featuredmedia":[{"embeddable":true,"href":"https:\/\/moir.com.co\/web\/wp-json\/wp\/v2\/media\/14929"}],"wp:attachment":[{"href":"https:\/\/moir.com.co\/web\/wp-json\/wp\/v2\/media?parent=14928"}],"wp:term":[{"taxonomy":"category","embeddable":true,"href":"https:\/\/moir.com.co\/web\/wp-json\/wp\/v2\/categories?post=14928"},{"taxonomy":"post_tag","embeddable":true,"href":"https:\/\/moir.com.co\/web\/wp-json\/wp\/v2\/tags?post=14928"}],"curies":[{"name":"wp","href":"https:\/\/api.w.org\/{rel}","templated":true}]}}