{"id":14925,"date":"2018-04-17T17:05:34","date_gmt":"2018-04-17T17:05:34","guid":{"rendered":"https:\/\/moir.org.co\/web\/?p=14925"},"modified":"2018-04-17T17:05:34","modified_gmt":"2018-04-17T17:05:34","slug":"la-impunidad-de-la-inmunidad","status":"publish","type":"post","link":"https:\/\/moir.com.co\/web\/la-impunidad-de-la-inmunidad\/","title":{"rendered":"La impunidad de la inmunidad"},"content":{"rendered":"<p><strong>Jos\u00e9 Arlex Arias, Cartagena, abril 16 de 2018<\/strong><\/p>\n<p>El siete de este mes se entreg\u00f3 ante las autoridades Luiz In\u00e1cio Lula da Silva, el presidente m\u00e1s popular de Brasil, para cumplir una condena de m\u00e1s de doce a\u00f1os de c\u00e1rcel por corrupci\u00f3n. Por esta causa han sido procesados o condenados presidentes y expresidentes, algunos se encuentran o estuvieron presos: el dominicano Salvador Blanco; el exdictador boliviano Luis Garc\u00eda Meza; el exdictador chileno Augusto Pinochet, quien muri\u00f3 procesado; el exdictador Rafael Videla y Carlos Menem, argentinos; los uruguayos Gregorio \u00c1lvarez y Juan Bordaberry; el venezolano Carlos Andr\u00e9s P\u00e9rez; el &#8220;hombre fuerte&#8221; de Panam\u00e1, Manuel Antonio Noriega; los paraguayos Luis Gonz\u00e1lez M\u00e1cchi y Juan Carlos Wasmosy; el nicarag\u00fcense Arnoldo Alem\u00e1n Lacayo; los costarricenses Rafael \u00c1ngel Calder\u00f3n y Miguel \u00c1ngel Rodr\u00edguez, y los peruanos Alberto Fujimori, Alejandro Toledo y Ollanta Humala, entre otros.<\/p>\n<p>&nbsp;<\/p>\n<p>\u00bfUsted ha visto un presidente colombiano condenado o preso? Seguro que no lo va a ver, porque la Constituci\u00f3n establece que &#8220;el presidente de la Rep\u00fablica, durante el per\u00edodo para el que sea elegido, o quien se halle encargado de la Presidencia, no podr\u00e1 ser perseguido ni juzgado por delitos, sino en virtud de acusaci\u00f3n de la C\u00e1mara de Representantes y cuando el Senado haya declarado que hay lugar a formaci\u00f3n de causa&#8221;; esto es lo que se conoce como inmunidad. Como es el presidente quien, a trav\u00e9s de canonj\u00edas y &#8220;mermelada&#8221; engrasa a los congresistas, entonces ser\u00e1 muy dif\u00edcil que veamos a un presidente o expresidente preso, a pesar de las denuncias de corrupci\u00f3n como de los dineros que financian sus campa\u00f1as pol\u00edticas; tal es el caso de Odebrecht a Juan Manuel Santos y Germ\u00e1n Vargas Lleras y a las de los uribistas Oscar Iv\u00e1n Zuluaga y Carlos Holmes Trujillo. Un origen pol\u00edtico tambi\u00e9n tiene el Consejo Nacional Electoral, encargado de las investigaciones por delitos electorales, que a pesar de las contundentes pruebas precluy\u00f3 la investigaci\u00f3n de Zuluaga y se hacen los locos con la de Santos. Y de forma similar sucede con la Comisi\u00f3n de Acusaciones de la C\u00e1mara de Representantes, encargada de investigar al presidente, al fiscal general y a los magistrados de la Corte Constitucional, la Corte Suprema de Justicia, el Consejo de Estado y el Consejo Superior de la Judicatura.<\/p>\n<p>&nbsp;<\/p>\n<p>Con datos a noviembre de 2013, de 1.227 procesos que reposan en la Comisi\u00f3n de Acusaciones de la C\u00e1mara de Representantes, 276 eran en contra de \u00c1lvaro Uribe V\u00e9lez, siendo quien ten\u00eda el mayor n\u00famero de investigaciones pendientes; le segu\u00edan los exfiscales generales Mario Iguar\u00e1n y Luis Camilo Osorio, con 72 y 44 procesos, respectivamente y el actual presidente, Juan Manuel Santos, con 25. Por otra parte, la Corporaci\u00f3n Excelencia en la Justicia se\u00f1al\u00f3 que desde 2012 hasta 2014 recibieron 3.496 denuncias, de las cuales 1.957 fueron archivadas y 1.538 casos estaban sin resolver. Solo dos casos en la historia han terminado en acusaciones: en 1959 al general Gustavo Rojas Pinilla y m\u00e1s reciente al entonces presidente de la Corte Constitucional, Jorge Ignacio Pretelt.\u00a0Por \u00faltimo, cabe recordar que aunque la inmunidad parlamentaria fue eliminada en 1991, el gobierno de Uribe quiso revivirla en 2009 a trav\u00e9s de su ministro del Interior y Justicia, Fabio Valencia Cossio, investigado por parapol\u00edtica. \u00a1La impunidad viene de los &#8220;altos&#8221; dirigentes!<\/p>\n","protected":false},"excerpt":{"rendered":"<p>Jos\u00e9 Arlex Arias, Cartagena, abril 16 de 2018 El siete de este mes se entreg\u00f3 ante las autoridades Luiz In\u00e1cio Lula da Silva, el presidente m\u00e1s popular de Brasil, para cumplir una condena de m\u00e1s de doce a\u00f1os de c\u00e1rcel por corrupci\u00f3n. Por esta causa han sido procesados o condenados presidentes y expresidentes, algunos se [&hellip;]<\/p>\n","protected":false},"author":1,"featured_media":14577,"comment_status":"open","ping_status":"open","sticky":false,"template":"","format":"standard","meta":{"advanced_seo_description":"","jetpack_seo_html_title":"","jetpack_seo_noindex":false,"_jetpack_memberships_contains_paid_content":false,"footnotes":""},"categories":[102,97,98],"tags":[],"class_list":["post-14925","post","type-post","status-publish","format-standard","has-post-thumbnail","hentry","category-economia","category-imperialismo-y-neoliberalismo","category-politica"],"jetpack_featured_media_url":"https:\/\/i0.wp.com\/moir.com.co\/web\/wp-content\/uploads\/2018\/02\/cesargaviriasantosodebrecht.jpeg?fit=259%2C194&ssl=1","jetpack-related-posts":[{"id":20463,"url":"https:\/\/moir.com.co\/web\/declaracion-contra-el-atropello-de-la-urss\/","url_meta":{"origin":14925,"position":0},"title":"DECLARACI\u00d3N CONTRA EL ATROPELLO DE LA URSS","author":"admin","date":"noviembre 26, 2004","format":false,"excerpt":"Hace cinco a\u00f1os, el 27 de diciembre de 1979, la Uni\u00f3n Sovi\u00e9tica invadi\u00f3 a Afganist\u00e1n, un peque\u00f1o pa\u00eds asi\u00e1tico de apenas 16 millones de habitantes y con una superficie equivalente a la mitad de Colombia, en lo que constituy\u00f3 la primera intervenci\u00f3n militar directa de la URSS contra una naci\u00f3n\u2026","rel":"","context":"En \u00abTribuna Roja N\u00ba 50, Bogot\u00e1, febrero de 1985\u00bb","block_context":{"text":"Tribuna Roja N\u00ba 50, Bogot\u00e1, febrero de 1985","link":"https:\/\/moir.com.co\/web\/category\/tribuna-roja\/ediciones-1985-1989\/tribuna-roja-no-50-bogota-febrero-de-1985\/"},"img":{"alt_text":"","src":"","width":0,"height":0},"classes":[]},{"id":6712,"url":"https:\/\/moir.com.co\/web\/somos-polo-somos-alternativa\/","url_meta":{"origin":14925,"position":1},"title":"Somos Polo, somos Alternativa","author":"admin","date":"julio 31, 2012","format":false,"excerpt":"En carta dirigida a la militancia polista, unos 500 dirigentes nacionales, regionales, sindicales y sociales del Polo Democr\u00e1tico Alternativo reafirman su compromiso con el Partido, su Ideario de Unidad que denominan \u201cnuestro acuerdo sustancial\u201d y el car\u00e1cter civilista, democr\u00e1tico, pluralista, pluri\u00e9tnico y pluricultural del Polo. En la misiva, se hace\u2026","rel":"","context":"En \u00abPolo Democr\u00e1tico Alternativo\u00bb","block_context":{"text":"Polo Democr\u00e1tico Alternativo","link":"https:\/\/moir.com.co\/web\/category\/polo-democratico-alternativo\/"},"img":{"alt_text":"","src":"","width":0,"height":0},"classes":[]},{"id":1208,"url":"https:\/\/moir.com.co\/web\/carlos-gaviria-diaz-candidato-de-la-democracia-la-soberania-y-el-trabajo\/","url_meta":{"origin":14925,"position":2},"title":"CARLOS GAVIRIA D\u00cdAZ, CANDIDATO DE LA DEMOCRACIA, LA SOBERAN\u00cdA Y EL TRABAJO","author":"admin","date":"julio 25, 2005","format":false,"excerpt":"Dirigentes sindicales apoyan candidatura de Carlos Gaviria D\u00edaz Bogot\u00e1, agosto 1 de 2005 El avance de la dominaci\u00f3n del pa\u00eds por los Estados Unidos ha tra\u00eddo consecuencias nefastas para las gentes laboriosas de Colombia, que han sido lanzadas por millones a vivir en las peores condiciones de atraso y miseria.\u2026","rel":"","context":"Entrada similar","block_context":{"text":"Entrada similar","link":""},"img":{"alt_text":"","src":"","width":0,"height":0},"classes":[]},{"id":20033,"url":"https:\/\/moir.com.co\/web\/el-18-de-abril-contra-el-mandato-de-hambre-vote-por-el-moir\/","url_meta":{"origin":14925,"position":3},"title":"EL 18 DE ABRIL: CONTRA EL MANDATO DE HAMBRE VOTE POR EL MOIR","author":"admin","date":"agosto 29, 2004","format":false,"excerpt":"Vamos a elecciones en 22 departamentos 4 intendencias y centenares de municipios Las siguientes son las principales cabezas de las listas unitarias del MOIR ANTIOQUIA Asamblea: Jaime Zuluaga Pineda Amparo Espa\u00f1a Alonso Berrio Guillermo Escobar Hernando Pinz\u00f3n Gonzalo Mej\u00eda Concejo de Medell\u00edn: Amilcar Acosta Mar\u00eda Teresa Arango Gabriel Fonnegra Luis\u2026","rel":"","context":"En \u00abTribuna Roja N\u00ba 22, primera quincena de abril 1976\u00bb","block_context":{"text":"Tribuna Roja N\u00ba 22, primera quincena de abril 1976","link":"https:\/\/moir.com.co\/web\/category\/tribuna-roja\/ediciones-1975-1979\/tribuna-roja-no-22-primera-quincena-de-abril-1976\/"},"img":{"alt_text":"","src":"","width":0,"height":0},"classes":[]},{"id":9534,"url":"https:\/\/moir.com.co\/web\/foro-por-la-defensa-del-sector-del-azucar-y-la-panela-congrega-mas-de-4-500-lideres-en-cali\/","url_meta":{"origin":14925,"position":4},"title":"Foro por la defensa del sector del az\u00facar y la panela congrega m\u00e1s de 4.500 l\u00edderes en Cali","author":"admin","date":"julio 22, 2015","format":false,"excerpt":"Empresarios, trabajadores, l\u00edderes sociales y dirigentes pol\u00edticos de diferentes tendencias se unen para enfrentar las consecuencias del libre comercio. 180.000 empleos amenazados por el TPP y la desprotecci\u00f3n del agro. Con el objetivo de defender los empleos que genera la cadena productiva del az\u00facar y la panela en Colombia y\u2026","rel":"","context":"En \u00abJorge Enrique Robledo\u00bb","block_context":{"text":"Jorge Enrique Robledo","link":"https:\/\/moir.com.co\/web\/category\/jorge-enrique-robledo\/"},"img":{"alt_text":"","src":"","width":0,"height":0},"classes":[]},{"id":3863,"url":"https:\/\/moir.com.co\/web\/robledo-escabezara-la-lista-del-polo-al-senado\/","url_meta":{"origin":14925,"position":5},"title":"Robledo escabezar\u00e1 la lista del Polo al senado","author":"admin","date":"diciembre 14, 2009","format":false,"excerpt":"Decisi\u00f3n un\u00e1nime del Polo. Listado completo de los inscritos. El senador Jorge Enrique Robledo se declar\u00f3 \u201chonrado\u201d al comentar la decisi\u00f3n un\u00e1nime del Polo Democr\u00e1tico Alternativo de escogerlo como el n\u00famero uno de la lista de ese partido al senado de la rep\u00fablica en las elecciones del 14 de marzo\u2026","rel":"","context":"En \u00abJorge Enrique Robledo\u00bb","block_context":{"text":"Jorge Enrique Robledo","link":"https:\/\/moir.com.co\/web\/category\/jorge-enrique-robledo\/"},"img":{"alt_text":"","src":"","width":0,"height":0},"classes":[]}],"jetpack_sharing_enabled":true,"_links":{"self":[{"href":"https:\/\/moir.com.co\/web\/wp-json\/wp\/v2\/posts\/14925","targetHints":{"allow":["GET"]}}],"collection":[{"href":"https:\/\/moir.com.co\/web\/wp-json\/wp\/v2\/posts"}],"about":[{"href":"https:\/\/moir.com.co\/web\/wp-json\/wp\/v2\/types\/post"}],"author":[{"embeddable":true,"href":"https:\/\/moir.com.co\/web\/wp-json\/wp\/v2\/users\/1"}],"replies":[{"embeddable":true,"href":"https:\/\/moir.com.co\/web\/wp-json\/wp\/v2\/comments?post=14925"}],"version-history":[{"count":1,"href":"https:\/\/moir.com.co\/web\/wp-json\/wp\/v2\/posts\/14925\/revisions"}],"predecessor-version":[{"id":14926,"href":"https:\/\/moir.com.co\/web\/wp-json\/wp\/v2\/posts\/14925\/revisions\/14926"}],"wp:featuredmedia":[{"embeddable":true,"href":"https:\/\/moir.com.co\/web\/wp-json\/wp\/v2\/media\/14577"}],"wp:attachment":[{"href":"https:\/\/moir.com.co\/web\/wp-json\/wp\/v2\/media?parent=14925"}],"wp:term":[{"taxonomy":"category","embeddable":true,"href":"https:\/\/moir.com.co\/web\/wp-json\/wp\/v2\/categories?post=14925"},{"taxonomy":"post_tag","embeddable":true,"href":"https:\/\/moir.com.co\/web\/wp-json\/wp\/v2\/tags?post=14925"}],"curies":[{"name":"wp","href":"https:\/\/api.w.org\/{rel}","templated":true}]}}