{"id":14900,"date":"2018-04-13T15:25:15","date_gmt":"2018-04-13T15:25:15","guid":{"rendered":"https:\/\/moir.org.co\/web\/?p=14900"},"modified":"2018-04-13T15:25:15","modified_gmt":"2018-04-13T15:25:15","slug":"predial-en-barranquilla-hasta-500-mas-alto-que-en-bogota","status":"publish","type":"post","link":"https:\/\/moir.com.co\/web\/predial-en-barranquilla-hasta-500-mas-alto-que-en-bogota\/","title":{"rendered":"Predial en Barranquilla hasta 500% m\u00e1s alto que en Bogot\u00e1"},"content":{"rendered":"<p><strong>Norman Alarc\u00f3n Rodas, Barranquilla, abril 13 de 2018<\/strong><\/p>\n<p>Los cobros del impuesto predial en Barranquilla para el a\u00f1o 2018 han causado indignaci\u00f3n en amplios sectores ciudadanos que han visto unos incrementos por las nubes, cuando la situaci\u00f3n econ\u00f3mica por la que atraviesa la inmensa mayor\u00eda de la poblaci\u00f3n no es de ninguna bonanza: desempleo cr\u00f3nico, informalidad laboral del 56% seg\u00fan cifras del Dane, necesidades b\u00e1sicas insatisfechas en buena parte de los sures de la ciudad, esc\u00e1ndalos de corrupci\u00f3n multimillonarios en Triple A y Electricaribe, sectores importantes de la oferta cultural cerrada (Teatro Amira de la Rosa, Parque Cultural del Caribe), amenazas de desplazamiento a miles de comerciantes de los mercados de Barranquillita y barrios aleda\u00f1os para ofrecer a inversionistas criollos y for\u00e1neos nichos comerciales e inmobiliarios con crecidas ganancias.<\/p>\n<p>El Concejo de Barranquilla le aprob\u00f3 al alcalde Char el presupuesto de ingresos y gastos del 2018, que contempla escandalosas alzas del 47% en el impuesto predial, cuyo recaudo efectivo en 2017 fue de $247.000 millones, para llevarlo en 2018 a $364.000 millones. El expediente utilizado para este tremendo golpe a los bolsillos de los barranquilleros fue el de la actualizaci\u00f3n catastral, cuando hace menos de cinco a\u00f1os ya se hab\u00eda impuesto otra y sin tener en cuenta que el gobierno nacional autoriz\u00f3 un incremento del tres por ciento en dicho gravamen. El fondo del asunto no estriba en nuevas obras o que la ciudad vale m\u00e1s, ya que se han cobrado dos valorizaciones ilegales (como lo determin\u00f3 el Tribunal Administrativo del Atl\u00e1ntico), sino la abultada deuda distrital con la banca que lo tiene en calificaci\u00f3n AA con perspectiva negativa en Standard &amp;Poor.<\/p>\n<p>Al comparar las tarifas con Bogot\u00e1, seg\u00fan los milajes, queda al desnudo que Barranquilla es una de las ciudades donde se pagan los tributos m\u00e1s altos. Veamos dichas tarifas y su aplicaci\u00f3n pr\u00e1ctica en cada ciudad, de acuerdo con la informaci\u00f3n de la Secretar\u00eda de Hacienda de Bogot\u00e1 (<a href=\"http:\/\/www.shd.gov.co\/shd\/predial-como-se-calcula\">http:\/\/www.shd.gov.co\/shd\/predial-como-se-calcula<\/a>) y la de Barranquilla.<\/p>\n<p>Estrato 1 en Bogot\u00e1 hasta $83.593.001 paga el uno por mil, o sea que un predio en Bogot\u00e1 de un valor catastral de $80.000.000 paga de predial $80.000. Pero en Barranquilla el mismo predio de $80.000.000 en estrato uno paga el cinco por mil, es decir, $400.000, lo que equivale a un 500% del predio de Bogot\u00e1.<\/p>\n<p>Estrato 2 en Bogot\u00e1, entre un rango de $83.593.001 a $105.468.000 de valor catastral tiene una tarifas de tres por mil, o sea que un predio en Bogot\u00e1 de valor catastral de $100.000.000 tiene que pagar $300.000. Pero en Barranquilla el mismo predio de $100.000.000 paga el 5,6 por mil, es decir, $560.000, lo que significa un 186,66% del de Bogot\u00e1.<\/p>\n<p>Estrato 3 en Bogot\u00e1, un predio con valor catastral hasta $105.468.000 millones tiene una tarifa de tres por mil, o sea, $316.404 de predial, cuando en Barranquilla ese mismo predio tiene una tarifa de siete por mil, es decir, $738.276 que equivale a un 233,33 por ciento del de la capital del pa\u00eds.<\/p>\n<p>Frente a esta iniquidad manifiesta, los contribuyentes de la Arenosa tienen toda la justificaci\u00f3n para hacer los reclamos del caso y la movilizaci\u00f3n social en caso de no ser atendidos.<\/p>\n","protected":false},"excerpt":{"rendered":"<p>Norman Alarc\u00f3n Rodas, Barranquilla, abril 13 de 2018 Los cobros del impuesto predial en Barranquilla para el a\u00f1o 2018 han causado indignaci\u00f3n en amplios sectores ciudadanos que han visto unos incrementos por las nubes, cuando la situaci\u00f3n econ\u00f3mica por la que atraviesa la inmensa mayor\u00eda de la poblaci\u00f3n no es de ninguna bonanza: desempleo cr\u00f3nico, [&hellip;]<\/p>\n","protected":false},"author":1,"featured_media":14901,"comment_status":"open","ping_status":"open","sticky":false,"template":"","format":"standard","meta":{"advanced_seo_description":"","jetpack_seo_html_title":"","jetpack_seo_noindex":false,"_jetpack_memberships_contains_paid_content":false,"footnotes":""},"categories":[102,97,98,111],"tags":[],"class_list":["post-14900","post","type-post","status-publish","format-standard","has-post-thumbnail","hentry","category-economia","category-imperialismo-y-neoliberalismo","category-politica","category-vivienda-y-desarrollo-urbano"],"jetpack_featured_media_url":"https:\/\/i0.wp.com\/moir.com.co\/web\/wp-content\/uploads\/2018\/04\/barranquillapredial.jpeg?fit=950%2C475&ssl=1","jetpack-related-posts":[{"id":14370,"url":"https:\/\/moir.com.co\/web\/la-alcabala-predial-en-barranquilla\/","url_meta":{"origin":14900,"position":0},"title":"La alcabala predial en Barranquilla","author":"admin","date":"enero 31, 2018","format":false,"excerpt":"Aurelio Su\u00e1rez Montoya, Bogot\u00e1, enero 31 de 2018 Gran inconformismo ocasiona el alza del impuesto predial en Barranquilla. No es para menos: mientras que en 2017 el recaudo efectivo por ese concepto fue de $247 mil millones, para 2018 se ha proyectado, seg\u00fan el presupuesto de Hacienda, en $364 mil\u2026","rel":"","context":"En \u00abAurelio Su\u00e1rez Montoya\u00bb","block_context":{"text":"Aurelio Su\u00e1rez Montoya","link":"https:\/\/moir.com.co\/web\/category\/bitacoras\/aurelio-suarez-montoya\/"},"img":{"alt_text":"","src":"https:\/\/i0.wp.com\/moir.com.co\/web\/wp-content\/uploads\/2018\/01\/barranquillaaurelio.jpeg?fit=650%2C466&ssl=1&resize=350%2C200","width":350,"height":200,"srcset":"https:\/\/i0.wp.com\/moir.com.co\/web\/wp-content\/uploads\/2018\/01\/barranquillaaurelio.jpeg?fit=650%2C466&ssl=1&resize=350%2C200 1x, https:\/\/i0.wp.com\/moir.com.co\/web\/wp-content\/uploads\/2018\/01\/barranquillaaurelio.jpeg?fit=650%2C466&ssl=1&resize=525%2C300 1.5x"},"classes":[]},{"id":7387,"url":"https:\/\/moir.com.co\/web\/rechazo-a-la-actualizacion-catastral-y-a-los-incrementos-desmedidos-del-predial-en-barranquilla\/","url_meta":{"origin":14900,"position":1},"title":"Rechazo a la actualizaci\u00f3n catastral y a los incrementos desmedidos del predial en Barranquilla","author":"admin","date":"marzo 19, 2013","format":false,"excerpt":"El Frente Amplio C\u00edvico por el Rescate de Barranquilla, reunido en asamblea general el jueves 14 de marzo de 2013, teniendo en cuenta el clamor generalizado de la ciudadan\u00eda barranquillera que se encuentra angustiada por los aumentos desmedidos del impuesto predial y por la actualizaci\u00f3n catastral realizada por el Instituto\u2026","rel":"","context":"En \u00abPronunciamientos de Organizaciones Sociales\u00bb","block_context":{"text":"Pronunciamientos de Organizaciones Sociales","link":"https:\/\/moir.com.co\/web\/category\/pronunciamientos-de-organizaciones-sociales\/"},"img":{"alt_text":"","src":"","width":0,"height":0},"classes":[]},{"id":18640,"url":"https:\/\/moir.com.co\/web\/pdd-de-barranquilla-2020-2023-alzas-de-impuestos-especulacion-financiera-y-privatizaciones\/","url_meta":{"origin":14900,"position":2},"title":"PDD de Barranquilla 2020-2023: Alzas de impuestos, especulaci\u00f3n financiera y privatizaciones","author":"admin","date":"mayo 12, 2020","format":false,"excerpt":"Norman Alarc\u00f3n Rodas, Barranquilla, mayo 11 de 2020 Las 426 p\u00e1ginas del proyecto de Plan de Desarrollo Distrital de Barranquilla marcan la ruta del cuatrenio 2020-2023 en armon\u00eda con \u201cel Plan Nacional de Desarrollo 2018-2022 (PND) del Gobierno Duque\u201d y con los planes de desarrollo desde 2008 hasta nuestros d\u00edas,\u2026","rel":"","context":"En \u00abEconom\u00eda\u00bb","block_context":{"text":"Econom\u00eda","link":"https:\/\/moir.com.co\/web\/category\/temas\/economia\/"},"img":{"alt_text":"","src":"","width":0,"height":0},"classes":[]},{"id":7473,"url":"https:\/\/moir.com.co\/web\/polo-respalda-planton-contra-el-igac-en-barranquilla\/","url_meta":{"origin":14900,"position":3},"title":"Polo respalda plant\u00f3n contra el IGAC en Barranquilla","author":"admin","date":"abril 16, 2013","format":false,"excerpt":"La ciudadan\u00eda de Barranquilla se halla indignada por el c\u00famulo de atropellos que recibe a diario como producto de las pol\u00edticas oficiales y que ha llegado a un nivel sin precedentes con los elevados cobros del impuesto predial en la vigencia del presente a\u00f1o y la actualizaci\u00f3n catastral impuesta por\u2026","rel":"","context":"En \u00abPolo Democr\u00e1tico Alternativo\u00bb","block_context":{"text":"Polo Democr\u00e1tico Alternativo","link":"https:\/\/moir.com.co\/web\/category\/polo-democratico-alternativo\/"},"img":{"alt_text":"","src":"","width":0,"height":0},"classes":[]},{"id":8344,"url":"https:\/\/moir.com.co\/web\/acerca-de-la-adopcion-del-pot-de-barranquilla-por-decreto-no-hay-impuestos-sin-representacion\/","url_meta":{"origin":14900,"position":4},"title":"Acerca de la adopci\u00f3n del POT de barranquilla por decreto: no hay impuestos sin representaci\u00f3n","author":"admin","date":"abril 1, 2014","format":false,"excerpt":"En el siglo XVIII, en plena confrontaci\u00f3n por la independencia de los Estados Unidos respecto de Inglaterra, se acu\u00f1\u00f3 la consigna \u201cimpuestos sin representaci\u00f3n son tiran\u00eda\u201d, lo cual se refer\u00eda a los tributos que impon\u00eda la metr\u00f3poli inglesa a sus s\u00fabditos en Norteam\u00e9rica para sostener sus guerras en Europa, sin\u2026","rel":"","context":"En \u00abTemas\u00bb","block_context":{"text":"Temas","link":"https:\/\/moir.com.co\/web\/category\/temas\/"},"img":{"alt_text":"","src":"","width":0,"height":0},"classes":[]},{"id":13820,"url":"https:\/\/moir.com.co\/web\/agresion-impositiva-a-la-vista\/","url_meta":{"origin":14900,"position":5},"title":"Agresi\u00f3n impositiva a la vista","author":"admin","date":"noviembre 14, 2017","format":false,"excerpt":"Norman Alarc\u00f3n Rodas, Barranquilla, noviembre 14 de 2017 La pasada administraci\u00f3n de Elsa Noguera adopt\u00f3 por decreto el Plan de Ordenamiento Territorial 2012-2032, salt\u00e1ndose al Concejo Distrital y fijando como uno de sus objetivos afinar los instrumentos tributarios para recaudar billones de pesos con el objeto de adelantar sus planes\u2026","rel":"","context":"En \u00abEconom\u00eda\u00bb","block_context":{"text":"Econom\u00eda","link":"https:\/\/moir.com.co\/web\/category\/temas\/economia\/"},"img":{"alt_text":"","src":"","width":0,"height":0},"classes":[]}],"jetpack_sharing_enabled":true,"_links":{"self":[{"href":"https:\/\/moir.com.co\/web\/wp-json\/wp\/v2\/posts\/14900","targetHints":{"allow":["GET"]}}],"collection":[{"href":"https:\/\/moir.com.co\/web\/wp-json\/wp\/v2\/posts"}],"about":[{"href":"https:\/\/moir.com.co\/web\/wp-json\/wp\/v2\/types\/post"}],"author":[{"embeddable":true,"href":"https:\/\/moir.com.co\/web\/wp-json\/wp\/v2\/users\/1"}],"replies":[{"embeddable":true,"href":"https:\/\/moir.com.co\/web\/wp-json\/wp\/v2\/comments?post=14900"}],"version-history":[{"count":1,"href":"https:\/\/moir.com.co\/web\/wp-json\/wp\/v2\/posts\/14900\/revisions"}],"predecessor-version":[{"id":14902,"href":"https:\/\/moir.com.co\/web\/wp-json\/wp\/v2\/posts\/14900\/revisions\/14902"}],"wp:featuredmedia":[{"embeddable":true,"href":"https:\/\/moir.com.co\/web\/wp-json\/wp\/v2\/media\/14901"}],"wp:attachment":[{"href":"https:\/\/moir.com.co\/web\/wp-json\/wp\/v2\/media?parent=14900"}],"wp:term":[{"taxonomy":"category","embeddable":true,"href":"https:\/\/moir.com.co\/web\/wp-json\/wp\/v2\/categories?post=14900"},{"taxonomy":"post_tag","embeddable":true,"href":"https:\/\/moir.com.co\/web\/wp-json\/wp\/v2\/tags?post=14900"}],"curies":[{"name":"wp","href":"https:\/\/api.w.org\/{rel}","templated":true}]}}