{"id":14889,"date":"2018-04-13T14:29:16","date_gmt":"2018-04-13T14:29:16","guid":{"rendered":"https:\/\/moir.org.co\/web\/?p=14889"},"modified":"2018-04-13T14:29:16","modified_gmt":"2018-04-13T14:29:16","slug":"alcaldia-no-puede-transferir-recursos-del-plan-de-drenajes-pluviales-a-edurbe-david-munera-candidato-a-la-alcaldia-de-cartragena","status":"publish","type":"post","link":"https:\/\/moir.com.co\/web\/alcaldia-no-puede-transferir-recursos-del-plan-de-drenajes-pluviales-a-edurbe-david-munera-candidato-a-la-alcaldia-de-cartragena\/","title":{"rendered":"Alcald\u00eda no puede transferir recursos del Plan de Drenajes Pluviales a Edurbe, David M\u00fanera, candidato a la Alcald\u00eda de Cartragena"},"content":{"rendered":"<p><strong>Cartagena, abril 11 de 2018<\/strong><\/p>\n<p>El Tribunal Administrativo de Bol\u00edvar tom\u00f3 una importante decisi\u00f3n mediante la cual invalid\u00f3 el Acuerdo No.023 de 2016,\u00a0del Concejo Distrital de Cartagena, que facultaba al Alcalde para transferir a la Empresa de Desarrollo Urbano de Bol\u00edvar, Edurbe, los recursos del Sistema General de Participaci\u00f3n de Prop\u00f3sito General-Libre Inversi\u00f3n- para las obras del Plan de Drenajes Pluviales, que en su\u00a0 etapa inicial, a ejecutar en 3 a\u00f1os, costar\u00eda $300 mil millones, con la intervenci\u00f3n de 29 kil\u00f3metros de los 26 canales pluviales que afectan con inundaciones a cerca de 88 barrios y cuyo proyecto total costar\u00eda $1,5 billones.<\/p>\n<p>&nbsp;<\/p>\n<p>&#8220;En la sentencia el Alto Tribunal acoge mi tesis, defendida cuando fui el \u00fanico Concejal que no le aprob\u00e9 al exalcalde Dionisio V\u00e9lez, el Acuerdo que lo facult\u00f3 para endeudar a la ciudad con vigencia futuras por $250 mil millones. Lo \u00a0mismo le advert\u00ed al actual Concejo, en Audiencia P\u00fablica, cuando se discuti\u00f3 la entrega a Edurbe de tales recursos. Dijo el Tribunal que el Concejo de Cartagena no pod\u00eda autorizar las transferencias a Edurbe sin el cumplimiento de los requisitos de la Ley 819 de 2003\u00a0 y sus decretos reglamentarios\u00a0 en el sentido de que carec\u00edan de facultades para comprometer vigencias futuras. Adem\u00e1s, el comprometimiento de vigencias superaba el periodo de gobierno del alcalde Distrital&#8221;, reivindic\u00f3 el .Candidato a la Alcald\u00eda, David M\u00fanera Cavad\u00eda.<\/p>\n<p>&nbsp;<\/p>\n<p>&#8220;Tambi\u00e9n como en el caso de Dionisio V\u00e9lez, le advert\u00ed al Concejo actual, que adem\u00e1s tampoco se cumpl\u00eda con el Marco Fiscal de mediano plazo y no se garantiz\u00f3 la exigencia de los estudios t\u00e9cnicos que incluyeran la definici\u00f3n de obras prioritarias y la ingenier\u00eda de detalle. Por la falta de esta rigurosidad es que solicit\u00e9 a las autoridades investigar las inversiones programas con el empr\u00e9stito de $250 mil millones de Dionisio V\u00e9lez y le volv\u00ed a advertir a los Concejales que Edurbe ten\u00eda un pasado tenebroso en incumplimientos de contrataci\u00f3n y no era prenda de garant\u00eda para semejante inversi\u00f3n&#8221;, agreg\u00f3 el doctor M\u00fanera Cavad\u00eda.<\/p>\n<p>&nbsp;<\/p>\n<p>&#8220;Celebro que el Tribunal Administrativo de Bol\u00edvar haya actuado conforme a la Ley y ayude a ponerle freno a las actuaciones ilegales que ayudan a que los recursos de la ciudad sean feriados. Yo seguir\u00e9 en mi cruzada contra la corrupci\u00f3n y les aseguro que si soy elegido como Alcalde de Cartagena derrotar\u00e9 cualquier tipo de pr\u00e1ctica corrupta&#8221;, concluy\u00f3 el doctor David M\u00fanera Cavad\u00eda.<\/p>\n","protected":false},"excerpt":{"rendered":"<p>Cartagena, abril 11 de 2018 El Tribunal Administrativo de Bol\u00edvar tom\u00f3 una importante decisi\u00f3n mediante la cual invalid\u00f3 el Acuerdo No.023 de 2016,\u00a0del Concejo Distrital de Cartagena, que facultaba al Alcalde para transferir a la Empresa de Desarrollo Urbano de Bol\u00edvar, Edurbe, los recursos del Sistema General de Participaci\u00f3n de Prop\u00f3sito General-Libre Inversi\u00f3n- para las [&hellip;]<\/p>\n","protected":false},"author":1,"featured_media":14873,"comment_status":"open","ping_status":"open","sticky":false,"template":"","format":"standard","meta":{"advanced_seo_description":"","jetpack_seo_html_title":"","jetpack_seo_noindex":false,"_jetpack_memberships_contains_paid_content":false,"footnotes":""},"categories":[102,97,98,111],"tags":[],"class_list":["post-14889","post","type-post","status-publish","format-standard","has-post-thumbnail","hentry","category-economia","category-imperialismo-y-neoliberalismo","category-politica","category-vivienda-y-desarrollo-urbano"],"jetpack_featured_media_url":"https:\/\/i0.wp.com\/moir.com.co\/web\/wp-content\/uploads\/2018\/04\/davidmuneraalcalde.jpg?fit=720%2C480&ssl=1","jetpack-related-posts":[{"id":12581,"url":"https:\/\/moir.com.co\/web\/carta-abierta-de-david-munera-cavadia-al-alcalde-encargado-de-cartagena\/","url_meta":{"origin":14889,"position":0},"title":"Carta abierta de David M\u00fanera Cavad\u00eda al alcalde encargado de Cartagena","author":"admin","date":"junio 1, 2017","format":false,"excerpt":"Cartagena, mayo 30 de 2017 Se\u00f1or SERGIO LONDO\u00d1O ZUREK ALCALDE MAYOR CARTAGENA DE INDIAS La ciudad Atento Saludo DAVID ALFONSO MUNERA CAVADIA, identificado con la c\u00e9dula de ciudadan\u00eda No 9.090.782 de Cartagena me permito solicitarle, en su calidad de Alcalde (E), se permita revisar y redireccionar, en materia de contrataci\u00f3n,\u2026","rel":"","context":"En \u00abEconom\u00eda\u00bb","block_context":{"text":"Econom\u00eda","link":"https:\/\/moir.com.co\/web\/category\/temas\/economia\/"},"img":{"alt_text":"","src":"https:\/\/i0.wp.com\/moir.com.co\/web\/wp-content\/uploads\/2017\/06\/Cartagenaciudadheroica.jpg?fit=600%2C300&ssl=1&resize=350%2C200","width":350,"height":200,"srcset":"https:\/\/i0.wp.com\/moir.com.co\/web\/wp-content\/uploads\/2017\/06\/Cartagenaciudadheroica.jpg?fit=600%2C300&ssl=1&resize=350%2C200 1x, https:\/\/i0.wp.com\/moir.com.co\/web\/wp-content\/uploads\/2017\/06\/Cartagenaciudadheroica.jpg?fit=600%2C300&ssl=1&resize=525%2C300 1.5x"},"classes":[]},{"id":9031,"url":"https:\/\/moir.com.co\/web\/hasta-cuando-se-debera-esperar-para-la-ejecucion-de-las-obras-del-canal-el-pilon\/","url_meta":{"origin":14889,"position":1},"title":"\u00bfHasta cuando se deber\u00e1 esperar para la ejecuci\u00f3n de las obras del canal El Pil\u00f3n?","author":"admin","date":"enero 23, 2015","format":false,"excerpt":"Desde hace m\u00e1s de 10 a\u00f1os, los moradores de la Urbanizaci\u00f3n San Fernando y sus alrededores han resultado perjudicados por las inundaciones del Canal El pil\u00f3n, situaci\u00f3n que materializa la desidia de los Gobiernos Distritales y la ausencia de voluntad pol\u00edtica de las autoridades de la localidad 3 a la\u2026","rel":"","context":"En \u00abTemas\u00bb","block_context":{"text":"Temas","link":"https:\/\/moir.com.co\/web\/category\/temas\/"},"img":{"alt_text":"","src":"","width":0,"height":0},"classes":[]},{"id":8678,"url":"https:\/\/moir.com.co\/web\/el-mantenimiento-de-los-drenajes-pluviales-otra-improvisacion-mas-del-alcalde-dionisio-velez\/","url_meta":{"origin":14889,"position":2},"title":"El \u201cmantenimiento\u201d de los drenajes Pluviales otra improvisaci\u00f3n m\u00e1s del Alcalde Dionisio V\u00e9lez","author":"admin","date":"agosto 28, 2014","format":false,"excerpt":"Con una propuesta de 5.927 millones 643.180 pesos, al Consorcio Drenajes Cartagena, conformado por Luis Fernando Mesa Ballestero, Jos\u00e9 Fabi\u00e1n Sierra Mesa y Viltec S.A.S, le fue adjudicado el pasado 25 de agosto de 2014, el contrato para la limpieza y mantenimiento de 154 canales de aguas pluviales en la\u2026","rel":"","context":"En \u00abPolo Democr\u00e1tico Alternativo\u00bb","block_context":{"text":"Polo Democr\u00e1tico Alternativo","link":"https:\/\/moir.com.co\/web\/category\/polo-democratico-alternativo\/"},"img":{"alt_text":"","src":"","width":0,"height":0},"classes":[]},{"id":7730,"url":"https:\/\/moir.com.co\/web\/de-la-tragica-situacion-invernal-en-cartagena\/","url_meta":{"origin":14889,"position":3},"title":"De la tr\u00e1gica situaci\u00f3n invernal en Cartagena.","author":"admin","date":"julio 18, 2013","format":false,"excerpt":"Una de las principales problem\u00e1ticas de car\u00e1cter ambiental con hondas repercusiones sociales y que evidencia la ausencia de pol\u00edticas p\u00fablicas en materia de planificaci\u00f3n urbana por parte de las distintas administraciones son los ya reiterados fen\u00f3menos de inundaciones que se presentan en Cartagena. Seg\u00fan datos reportados por el Departamento de\u2026","rel":"","context":"En \u00abPronunciamientos de Organizaciones Sociales\u00bb","block_context":{"text":"Pronunciamientos de Organizaciones Sociales","link":"https:\/\/moir.com.co\/web\/category\/pronunciamientos-de-organizaciones-sociales\/"},"img":{"alt_text":"","src":"","width":0,"height":0},"classes":[]},{"id":8780,"url":"https:\/\/moir.com.co\/web\/cartagena-se-inunda-y-nadie-da-razon-de-la-plata-de-la-limpieza-de-los-canales\/","url_meta":{"origin":14889,"position":4},"title":"Cartagena se inunda y nadie da raz\u00f3n de la plata de la limpieza de los canales","author":"admin","date":"octubre 8, 2014","format":false,"excerpt":"\u201cEL CONCEJAL DAVID M\u00daNERA DENUNCIA QUE MIENTR\u00c1S LA CIUDAD SE INUNDA, NADIE DA INFORMES DE QUE SE ESTA HACIENDO LA PLATA DE LA LIMPIEZA DE LOS CANALES\u201d \u201cFrente al inevitable y recurrente recrudecimiento de la \u00e9poca invernal que se expres\u00f3 el pasado martes 7 de octubre de 2014, con intensos\u2026","rel":"","context":"En \u00abTemas\u00bb","block_context":{"text":"Temas","link":"https:\/\/moir.com.co\/web\/category\/temas\/"},"img":{"alt_text":"","src":"","width":0,"height":0},"classes":[]},{"id":8990,"url":"https:\/\/moir.com.co\/web\/que-contraloria-y-procuraduria-investiguen-contrato-de-limpieza-de-canos-en-cartagena\/","url_meta":{"origin":14889,"position":5},"title":"Que Contralor\u00eda y Procuradur\u00eda investiguen contrato de limpieza de ca\u00f1os en Cartagena","author":"admin","date":"enero 8, 2015","format":false,"excerpt":"EL CONCEJAL M\u00daNERA LE SOLICITA AL CONTRALOR DISTRITAL Y A LA PROCURADUR\u00cdA PROVINCIAL INVESTIGAR LOS CONTRATOS DE LIMPIEZA DE CA\u00d1OS DE LA CIUDAD. ES SU OBLIGACI\u00d3N ATENDER DE OFICIO LAS DENUNCIAS DE LA COMUNIDAD. \u201cEn el mes de agosto denunci\u00e9, y lo reiter\u00e9 en octubre del a\u00f1o pasado, que mientras\u2026","rel":"","context":"En \u00abTemas\u00bb","block_context":{"text":"Temas","link":"https:\/\/moir.com.co\/web\/category\/temas\/"},"img":{"alt_text":"","src":"","width":0,"height":0},"classes":[]}],"jetpack_sharing_enabled":true,"_links":{"self":[{"href":"https:\/\/moir.com.co\/web\/wp-json\/wp\/v2\/posts\/14889","targetHints":{"allow":["GET"]}}],"collection":[{"href":"https:\/\/moir.com.co\/web\/wp-json\/wp\/v2\/posts"}],"about":[{"href":"https:\/\/moir.com.co\/web\/wp-json\/wp\/v2\/types\/post"}],"author":[{"embeddable":true,"href":"https:\/\/moir.com.co\/web\/wp-json\/wp\/v2\/users\/1"}],"replies":[{"embeddable":true,"href":"https:\/\/moir.com.co\/web\/wp-json\/wp\/v2\/comments?post=14889"}],"version-history":[{"count":1,"href":"https:\/\/moir.com.co\/web\/wp-json\/wp\/v2\/posts\/14889\/revisions"}],"predecessor-version":[{"id":14890,"href":"https:\/\/moir.com.co\/web\/wp-json\/wp\/v2\/posts\/14889\/revisions\/14890"}],"wp:featuredmedia":[{"embeddable":true,"href":"https:\/\/moir.com.co\/web\/wp-json\/wp\/v2\/media\/14873"}],"wp:attachment":[{"href":"https:\/\/moir.com.co\/web\/wp-json\/wp\/v2\/media?parent=14889"}],"wp:term":[{"taxonomy":"category","embeddable":true,"href":"https:\/\/moir.com.co\/web\/wp-json\/wp\/v2\/categories?post=14889"},{"taxonomy":"post_tag","embeddable":true,"href":"https:\/\/moir.com.co\/web\/wp-json\/wp\/v2\/tags?post=14889"}],"curies":[{"name":"wp","href":"https:\/\/api.w.org\/{rel}","templated":true}]}}