{"id":14880,"date":"2018-04-12T17:14:13","date_gmt":"2018-04-12T17:14:13","guid":{"rendered":"https:\/\/moir.org.co\/web\/?p=14880"},"modified":"2018-04-12T17:15:16","modified_gmt":"2018-04-12T17:15:16","slug":"la-ocde-no-se-preocupa-por-los-trabajadores-y-los-sindicatos-en-colombia-diogenes-orjuela","status":"publish","type":"post","link":"https:\/\/moir.com.co\/web\/la-ocde-no-se-preocupa-por-los-trabajadores-y-los-sindicatos-en-colombia-diogenes-orjuela\/","title":{"rendered":"\u201cLa OCDE no se preocupa por los trabajadores y los sindicatos en Colombia\u201d, Di\u00f3genes Orjuela"},"content":{"rendered":"<p><strong>Entrevista de la Agencia de Informaci\u00f3n Laboral, AIL, a Di\u00f3genes Orjuela, abril 10 de 2018<\/strong><\/p>\n<p>En su empe\u00f1o por lograr el ingreso de Colombia a la OCDE \u2013meta que el Gobierno Santos se ha propuesto lograr antes de terminar su mandato\u2013, a finales de marzo el Comit\u00e9 de Empleo y de Asuntos Sociales de la OCDE dio concepto favorable a las \u201cbuenas pr\u00e1cticas\u201d de Colombia en materia laboral.<\/p>\n<p>Ahora solo queda que el Comit\u00e9 de Comercio, tambi\u00e9n d\u00e9 su concepto favorable y ya no queden obst\u00e1culos para el ingreso de Colombia.<\/p>\n<p>La Central Unitaria de Trabajadores \u2013 CUT, ha sido una de las organizaciones sindicales m\u00e1s activas para evitar la certificaci\u00f3n laboral de Colombia. Con el respaldo del sindicalismo internacional hizo presencia y denunci\u00f3 ante esas instancias la verdadera y dram\u00e1tica, situaci\u00f3n laboral de nuestro pa\u00eds, que no es precisamente de \u201cbuenas pr\u00e1cticas\u201d.<\/p>\n<p>Pero la OCDE hizo caso omiso de esas denuncias y finalmente el pa\u00eds tuvo su calificaci\u00f3n positiva en materia laboral. Sobre este tema, y sus implicaciones, la Agencia de Informaci\u00f3n convers\u00f3 con Di\u00f3genes Orjuela, director del Departamento de Relaciones Internacionales de la CUT:<\/p>\n<p><strong>\u00bfC\u00f3mo se ve desde la CUT que el Comit\u00e9 de Empleo y Asuntos Sociales de la OCDE haya certificado a Colombia en materia laboral?<\/strong><\/p>\n<p>Es lamentable que haya tomado tal decisi\u00f3n. Demuestra que en \u00faltimas el mayor peso en la OCDE lo tienen unos pa\u00edses ricos que impulsan el ingreso de pa\u00edses pobres para garantizar sus mercados, su mano de obra y el mejor rendimiento de sus empresas multinacionales. Durante muchos a\u00f1os nos vendieron las recomendaciones del Fondo Monetario Internacional, ya muy desprestigiado, ahora nos las venden a nombre de la OCDE, un bloque de pa\u00edses de supuestas buenas pr\u00e1cticas, cuando no es m\u00e1s que un instrumento de Estados Unidos y las potencias europeas en la puja por el control de los mercados, el control pol\u00edtico y el control econ\u00f3mico.<\/p>\n<p><strong>Falta por aprobar el tema del comercio. \u00bfC\u00f3mo ven esta discusi\u00f3n?<\/strong><\/p>\n<p>Es otro tema grave, porque Estados Unidos est\u00e1 chantajeando al gobierno colombiano. Para dar el s\u00ed en el Comit\u00e9 de Comercio exige que Colombia cumpla peticiones en el contexto del TLC sobre tres asuntos, graves todos: que el gobierno elimine el sistema de chatarrizaci\u00f3n de camiones, lo de la propiedad intelectual, y el tema farmac\u00e9utico. El gobierno norteamericano pide que Colombia derogue las medidas de control de precios de los medicamentos. El tema de la chatarrizaci\u00f3n tiene dos elementos: la importaci\u00f3n de carros nuevos y de carros pesados de segunda. Eso rompe la protecci\u00f3n que los camioneros han logrado con sus luchas, afectar\u00eda totalmente su sustentabilidad, m\u00e1s cuando la importaci\u00f3n de camiones en muchos casos est\u00e1 ligada al tema de lavado de activos. Creemos que el gobierno colombiano va a aceptar esas condiciones, con el fin de lograr ese cometido personal del presidente Santos: que el ingreso a la OCDE se produzca antes de terminar su mandato.<\/p>\n<p><strong>Para claridad de los lectores, \u00bfqu\u00e9 implica para Colombia el ingreso a la OCDE?<\/strong><\/p>\n<p>Deber\u00e1 someterse a una serie de exigencias que la OCDE establece y que favorecen a las potencias econ\u00f3micas, en cuanto a garant\u00eda de mercados y de normatividad en los pa\u00edses d\u00e9biles. Lo primero es que Colombia cumplir\u00e1 una serie de recomendaciones incluidas en la ley del Plan Nacional de Desarrollo. Ya se han tomado algunas decisiones, como la Ley Zidres, por ejemplo, que garantiza la entrega de las tierras a multinacionales y al gran capital para la explotaci\u00f3n agropecuaria. Otra es sacar al gobierno de las juntas de las empresas del Estado. El gobierno ha venido pidiendo plazo para retirarse del Banco de la Rep\u00fablica y de otras entidades en las que est\u00e1. Tambi\u00e9n es grave lo que se plantea en materia de empleo y seguridad social: la eliminaci\u00f3n del salario m\u00ednimo, la reforma pensional y la igualdad de edad de pensi\u00f3n entre las mujeres y los hombres. Para resumir: Colombia queda como el socio pobre que se mete al club de ricos y que termina siendo utilizado en pro del inter\u00e9s de los verdaderos due\u00f1os del club.<\/p>\n<p><strong>\u00bfQu\u00e9 sigue ahora?<\/strong><\/p>\n<p>Nos queda esperar la decisi\u00f3n final, y seguir dando las luchas en esos escenarios contra las pol\u00edticas neoliberales, antisindicales y antilaborales de los gobiernos colombianos. Todo esto lo que finalmente demuestra es que la OCDE, el llamado club de los ricos y de buenas pr\u00e1cticas, ni es exclusivamente de ricos ni es de buenas pr\u00e1cticas. Va terminar aceptando el ingreso de Colombia con todas las malas pr\u00e1cticas que caracterizan a nuestro pa\u00eds. Han hecho caso omiso de las denuncias que se han hecho antes sus distintas instancias.<\/p>\n<p><strong>\u00bfQu\u00e9 apoyos ha recibido la CUT en su prop\u00f3sito de denunciar la situaci\u00f3n de Colombia e impedir su admisi\u00f3n en la OCDE?<\/strong><\/p>\n<p>Hay que darle un agradecimiento a todo el movimiento sindical internacional, que nos ha estado acompa\u00f1ando: la Confederaci\u00f3n Internacional Sindical, la Confederaci\u00f3n Europea, la Confederaci\u00f3n de las Am\u00e9ricas, los sindicatos y las federaciones internacionales, y casi todas las centrales obreras de los pa\u00edses que pertenecen a la OCDE.<\/p>\n<p><strong>\u00bfCu\u00e1l ha sido expresamente la posici\u00f3n de la CSA y de la CSI?<\/strong><\/p>\n<p>Hasta ahora no conocemos alg\u00fan pronunciamiento concreto. Se pronunciaron s\u00ed ante el Comit\u00e9 de Empleo solicitando que no tomara esa decisi\u00f3n mientras Colombia no demostrara que realmente hab\u00eda hecho las reformas favorables para los trabajadores, no las que est\u00e1 planteado la OCDE.<\/p>\n<p><strong>Puede hacer un breve recuento de las acciones de la CUT para evitar que Colombia ingresara a la OCDE.<\/strong><\/p>\n<p>La CUT logr\u00f3 unificar la posici\u00f3n de las tres centrales obreras. Si bien la posici\u00f3n de rechazo y denuncia del ingreso de Colombia a la OCDE la lider\u00f3 la CUT, fue respaldada por la CGT y la CTC. Tambi\u00e9n tiene el respaldo de organizaciones sociales, de centros de estudio y de investigaci\u00f3n como Cedetrabajo, la ENS. Logramos, y es muy importante, que el ingreso de Colombia a la OCDE haya estado precedido de denuncias sobre la verdadera catadura del gobierno colombiano, que ha pretendido vender la idea de que este es un pa\u00eds de buenas pr\u00e1cticas, buenas costumbres y manejos. Pudimos hacer una denuncia internacional muy amplia sobre su rostro real en materia laboral.<\/p>\n<p><strong>\u00bfCu\u00e1l es el camino a seguir para la CUT en este tema de la OCDE?<\/strong><\/p>\n<p>Vamos a esperar que sucede en el Comit\u00e9 de Comercio y despu\u00e9s la decisi\u00f3n final, que creemos se pueda estar tomando hacia mitad del a\u00f1o. Seguiremos con la pr\u00e1ctica que hemos utilizado en otros temas internacionales, como oposici\u00f3n a los TLC y a las ratificaciones. Pero cuando ya entran en vigencia, lo que toca es dar las batallas contra esos tratados y a favor de los sectores que resultan lastimados. Otras acciones que planteamos es utilizar las cl\u00e1usulas laborales de los Estados Unidos para presentar quejas en el Departamento de Trabajo; o las cl\u00e1usulas laborales del TLC con Canad\u00e1, para presentar acciones contra el gobierno Colombiano en la Oficina Administrativa Nacional de Canad\u00e1. Adem\u00e1s, hemos presentado quejas en la misma OIT y con alg\u00fan remedo de cl\u00e1usula en el TLC con Europa.<\/p>\n<p><strong>Finalmente, \u00bfqu\u00e9 queda de toda esta experiencia?<\/strong><\/p>\n<p>La conclusi\u00f3n clara es que quien domina la situaci\u00f3n en todos estos escenarios es Estados Unidos. En consecuencia, el hecho de tener gobiernos sumisos a las pol\u00edticas norteamericanas nos lleva a que los intereses del pa\u00eds y de todos los que trabajamos, sean los que finalmente resulten lastimados en este tipo de escenarios y con decisiones como el ingreso a la OCDE.<\/p>\n","protected":false},"excerpt":{"rendered":"<p>Entrevista de la Agencia de Informaci\u00f3n Laboral, AIL, a Di\u00f3genes Orjuela, abril 10 de 2018 En su empe\u00f1o por lograr el ingreso de Colombia a la OCDE \u2013meta que el Gobierno Santos se ha propuesto lograr antes de terminar su mandato\u2013, a finales de marzo el Comit\u00e9 de Empleo y de Asuntos Sociales de la [&hellip;]<\/p>\n","protected":false},"author":1,"featured_media":14881,"comment_status":"open","ping_status":"open","sticky":false,"template":"","format":"standard","meta":{"advanced_seo_description":"","jetpack_seo_html_title":"","jetpack_seo_noindex":false,"_jetpack_memberships_contains_paid_content":false,"footnotes":""},"categories":[114,102,97,105,98,96,108],"tags":[],"class_list":["post-14880","post","type-post","status-publish","format-standard","has-post-thumbnail","hentry","category-agro","category-economia","category-imperialismo-y-neoliberalismo","category-internacional-articulos-de-actualidad","category-politica","category-salud-y-pensiones","category-servicios-publicos-articulos-de-actualidad"],"jetpack_featured_media_url":"https:\/\/i0.wp.com\/moir.com.co\/web\/wp-content\/uploads\/2018\/04\/Dio%CC%81genesOrjuelaCut.png?fit=768%2C526&ssl=1","jetpack-related-posts":[{"id":18191,"url":"https:\/\/moir.com.co\/web\/video-manuel-sarmiento-diogenes-orjuela-y-aurelio-suarez-comentan-el-paquetazo-neoliberal-santos-duque-ocde\/","url_meta":{"origin":14880,"position":0},"title":"Video: Manuel Sarmiento, Di\u00f3genes Orjuela y Aurelio Su\u00e1rez comentan &#8220;El paquetazo neoliberal Santos-Duque-OCDE&#8221;","author":"admin","date":"octubre 21, 2019","format":"video","excerpt":"Bogot\u00e1, octubre 20 de 2019","rel":"","context":"En \u00abAurelio Su\u00e1rez Montoya\u00bb","block_context":{"text":"Aurelio Su\u00e1rez Montoya","link":"https:\/\/moir.com.co\/web\/category\/bitacoras\/aurelio-suarez-montoya\/"},"img":{"alt_text":"","src":"","width":0,"height":0},"classes":[]},{"id":18832,"url":"https:\/\/moir.com.co\/web\/panel-con-diogenes-orjuela-presidente-de-la-cut-y-maria-antonieta-cano-y-sebastian-galeano-de-cedesip-sobre-la-politica-economica-y-laboral-de-duque\/","url_meta":{"origin":14880,"position":1},"title":"Panel con Di\u00f3genes Orjuela, presidente de la CUT, y Mar\u00eda Antonieta Cano y Sebasti\u00e1n Galeano de Cedesip, sobre la pol\u00edtica econ\u00f3mica y laboral de Duque","author":"admin","date":"septiembre 9, 2020","format":"video","excerpt":"Bogot\u00e1, septiembre 6 de 2020","rel":"","context":"En \u00abEconom\u00eda\u00bb","block_context":{"text":"Econom\u00eda","link":"https:\/\/moir.com.co\/web\/category\/temas\/economia\/"},"img":{"alt_text":"","src":"https:\/\/i0.wp.com\/moir.com.co\/web\/wp-content\/uploads\/2020\/09\/CedesipDiogenes.jpeg?fit=1136%2C640&ssl=1&resize=350%2C200","width":350,"height":200,"srcset":"https:\/\/i0.wp.com\/moir.com.co\/web\/wp-content\/uploads\/2020\/09\/CedesipDiogenes.jpeg?fit=1136%2C640&ssl=1&resize=350%2C200 1x, https:\/\/i0.wp.com\/moir.com.co\/web\/wp-content\/uploads\/2020\/09\/CedesipDiogenes.jpeg?fit=1136%2C640&ssl=1&resize=525%2C300 1.5x, https:\/\/i0.wp.com\/moir.com.co\/web\/wp-content\/uploads\/2020\/09\/CedesipDiogenes.jpeg?fit=1136%2C640&ssl=1&resize=700%2C400 2x, https:\/\/i0.wp.com\/moir.com.co\/web\/wp-content\/uploads\/2020\/09\/CedesipDiogenes.jpeg?fit=1136%2C640&ssl=1&resize=1050%2C600 3x"},"classes":[]},{"id":22904,"url":"https:\/\/moir.com.co\/web\/del-mal-en-peor-a-4-anos-del-paro-del-21n\/","url_meta":{"origin":14880,"position":2},"title":"Del mal en peor a 4 a\u00f1os del paro del 21N","author":"admin","date":"noviembre 23, 2023","format":false,"excerpt":"Del mal en peor a 4 a\u00f1os del paro del 21N Compartir publicaci\u00f3n JOS\u00c9 DI\u00d3GENES ORJUELA G., 23 de noviembre de 2023 \u00a0 \u00a0 Expresidente de la CUT Se cumplen cuatro a\u00f1os del Paro Nacional llevado a cabo el 21 de noviembre de 2019, la mayor movilizaci\u00f3n de descontento desde\u2026","rel":"","context":"En \u00abDiogenes Orjuela\u00bb","block_context":{"text":"Diogenes Orjuela","link":"https:\/\/moir.com.co\/web\/category\/columnistas\/diogenes-orjuela\/"},"img":{"alt_text":"","src":"https:\/\/i0.wp.com\/moir.com.co\/web\/wp-content\/uploads\/2023\/11\/Diogenes-Orjuela-sobre-Petro-Moir.jpg?fit=1200%2C630&ssl=1&resize=350%2C200","width":350,"height":200,"srcset":"https:\/\/i0.wp.com\/moir.com.co\/web\/wp-content\/uploads\/2023\/11\/Diogenes-Orjuela-sobre-Petro-Moir.jpg?fit=1200%2C630&ssl=1&resize=350%2C200 1x, https:\/\/i0.wp.com\/moir.com.co\/web\/wp-content\/uploads\/2023\/11\/Diogenes-Orjuela-sobre-Petro-Moir.jpg?fit=1200%2C630&ssl=1&resize=525%2C300 1.5x, https:\/\/i0.wp.com\/moir.com.co\/web\/wp-content\/uploads\/2023\/11\/Diogenes-Orjuela-sobre-Petro-Moir.jpg?fit=1200%2C630&ssl=1&resize=700%2C400 2x, https:\/\/i0.wp.com\/moir.com.co\/web\/wp-content\/uploads\/2023\/11\/Diogenes-Orjuela-sobre-Petro-Moir.jpg?fit=1200%2C630&ssl=1&resize=1050%2C600 3x"},"classes":[]},{"id":16053,"url":"https:\/\/moir.com.co\/web\/nuestro-avance-en-las-elecciones-sindicales-esta-al-servicio-de-la-defensa-de-los-derechos-de-los-trabajadores-contra-la-politica-de-duque\/","url_meta":{"origin":14880,"position":3},"title":"Nuestro avance en las elecciones sindicales est\u00e1 al servicio de la defensa de los derechos de los trabajadores contra la pol\u00edtica de Duque","author":"admin","date":"septiembre 29, 2018","format":false,"excerpt":"Tribuna Magisterial Nacional, Bogot\u00e1, septiembre 29 de 2018 Los acuerdos para defender nuestros derechos y la educaci\u00f3n p\u00fablica de la pol\u00edtica de Duque, realizados entre varios equipos y Tribuna Magisterial en diversas regiones del pa\u00eds, empezando por la capital e importantes departamentos como Antioquia, Cundinamarca, Sucre, Magdalena y Atl\u00e1ntico, entre\u2026","rel":"","context":"En \u00abEconom\u00eda\u00bb","block_context":{"text":"Econom\u00eda","link":"https:\/\/moir.com.co\/web\/category\/temas\/economia\/"},"img":{"alt_text":"","src":"","width":0,"height":0},"classes":[]},{"id":7623,"url":"https:\/\/moir.com.co\/web\/al-magisterio-colombiano-en-los-departamentos-de-bogota-antioquia-narino-santander-arauca-meta-tolima-huila-y-quindio\/","url_meta":{"origin":14880,"position":4},"title":"Al magisterio colombiano en los Departamentos de Bogot\u00e1, Antioquia, Nari\u00f1o, Santander, Arauca, Meta, Tolima, Huila y Quindio","author":"admin","date":"junio 4, 2013","format":false,"excerpt":"Este viernes 7 de junio culmina una intensa campa\u00f1a electoral en los sindicatos afiliados a la Central Unitaria de trabajadores CUT, y en especial la desarrollada en el magisterio colombiano por quienes aspiramos a ser elegidos al Comit\u00e9 Ejecutivo Nacional de la CUT y al Comit\u00e9 Ejecutivo de FECODE. Los\u2026","rel":"","context":"En \u00abTribuna Magisterial\u00bb","block_context":{"text":"Tribuna Magisterial","link":"https:\/\/moir.com.co\/web\/category\/tribuna-magisterial\/"},"img":{"alt_text":"","src":"","width":0,"height":0},"classes":[]},{"id":19530,"url":"https:\/\/moir.com.co\/web\/colombianos-ganan-mucha-plata-ocde\/","url_meta":{"origin":14880,"position":5},"title":"Colombianos ganan mucha plata: OCDE","author":"admin","date":"abril 16, 2022","format":false,"excerpt":"Jos\u00e9 Arlex Artias, Cartagena, abril 11 de 2022 El 31 del pasado mes de marzo, la Organizaci\u00f3n para la Cooperaci\u00f3n y el Desarrollo Econ\u00f3micos (OCDE), el tanque del pensamiento neoliberal, public\u00f3 un informe sobre el panorama econ\u00f3mico en Colombia para febrero de 2022, en el cual ratific\u00f3 lo que es\u2026","rel":"","context":"En \u00abEconom\u00eda\u00bb","block_context":{"text":"Econom\u00eda","link":"https:\/\/moir.com.co\/web\/category\/temas\/economia\/"},"img":{"alt_text":"","src":"https:\/\/i0.wp.com\/moir.com.co\/web\/wp-content\/uploads\/2018\/11\/ocde3.jpg?fit=720%2C601&ssl=1&resize=350%2C200","width":350,"height":200,"srcset":"https:\/\/i0.wp.com\/moir.com.co\/web\/wp-content\/uploads\/2018\/11\/ocde3.jpg?fit=720%2C601&ssl=1&resize=350%2C200 1x, https:\/\/i0.wp.com\/moir.com.co\/web\/wp-content\/uploads\/2018\/11\/ocde3.jpg?fit=720%2C601&ssl=1&resize=525%2C300 1.5x, https:\/\/i0.wp.com\/moir.com.co\/web\/wp-content\/uploads\/2018\/11\/ocde3.jpg?fit=720%2C601&ssl=1&resize=700%2C400 2x"},"classes":[]}],"jetpack_sharing_enabled":true,"_links":{"self":[{"href":"https:\/\/moir.com.co\/web\/wp-json\/wp\/v2\/posts\/14880","targetHints":{"allow":["GET"]}}],"collection":[{"href":"https:\/\/moir.com.co\/web\/wp-json\/wp\/v2\/posts"}],"about":[{"href":"https:\/\/moir.com.co\/web\/wp-json\/wp\/v2\/types\/post"}],"author":[{"embeddable":true,"href":"https:\/\/moir.com.co\/web\/wp-json\/wp\/v2\/users\/1"}],"replies":[{"embeddable":true,"href":"https:\/\/moir.com.co\/web\/wp-json\/wp\/v2\/comments?post=14880"}],"version-history":[{"count":1,"href":"https:\/\/moir.com.co\/web\/wp-json\/wp\/v2\/posts\/14880\/revisions"}],"predecessor-version":[{"id":14882,"href":"https:\/\/moir.com.co\/web\/wp-json\/wp\/v2\/posts\/14880\/revisions\/14882"}],"wp:featuredmedia":[{"embeddable":true,"href":"https:\/\/moir.com.co\/web\/wp-json\/wp\/v2\/media\/14881"}],"wp:attachment":[{"href":"https:\/\/moir.com.co\/web\/wp-json\/wp\/v2\/media?parent=14880"}],"wp:term":[{"taxonomy":"category","embeddable":true,"href":"https:\/\/moir.com.co\/web\/wp-json\/wp\/v2\/categories?post=14880"},{"taxonomy":"post_tag","embeddable":true,"href":"https:\/\/moir.com.co\/web\/wp-json\/wp\/v2\/tags?post=14880"}],"curies":[{"name":"wp","href":"https:\/\/api.w.org\/{rel}","templated":true}]}}