{"id":14877,"date":"2018-04-12T17:00:49","date_gmt":"2018-04-12T17:00:49","guid":{"rendered":"https:\/\/moir.org.co\/web\/?p=14877"},"modified":"2018-04-12T17:00:49","modified_gmt":"2018-04-12T17:00:49","slug":"bancada-del-polo-realizara-debate-sobre-la-situacion-laboral-de-los-empleados-publicos-del-distrito","status":"publish","type":"post","link":"https:\/\/moir.com.co\/web\/bancada-del-polo-realizara-debate-sobre-la-situacion-laboral-de-los-empleados-publicos-del-distrito\/","title":{"rendered":"Bancada del Polo realizar\u00e1 debate sobre la situaci\u00f3n laboral de los empleados p\u00fablicos del Distrito"},"content":{"rendered":"<p><strong>Oficina de prensa del concejal Manuel Sarmiento, Bogot\u00e1, abril 10 de 2018<\/strong><\/p>\n<p>La Bancada del Polo Democr\u00e1tico Alternativo en el Concejo de Bogot\u00e1 radic\u00f3 una proposici\u00f3n en la Comisi\u00f3n de Gobierno para realizar un debate de control pol\u00edtico sobre la violaci\u00f3n de los derechos de los trabajadores en el Distrito Capital. El debate ha sido una iniciativa de las centrales, federaciones y organizaciones sindicales que cuentan con el respaldo del Polo en la defensa de sus derechos laborales.<\/p>\n<p>Las organizaciones sindicales buscan que el Concejo de Bogot\u00e1 debata sobre el peligro que se cierne sobre los empleados p\u00fablicos por una acci\u00f3n popular que pretende arrebatarles las prestaciones sociales que han conseguido durante a\u00f1os con sus luchas y que se han convertido en derechos adquiridos valiosos para la mejora de su calidad de vida y la contribuci\u00f3n a la dinamizaci\u00f3n de la econom\u00eda nacional.<\/p>\n<p>En el debate, el concejal Sarmiento demostrar\u00e1 como la Administraci\u00f3n Distrital contin\u00faa violando los derechos de trabajadores del Distrito a trav\u00e9s de la contrataci\u00f3n por \u00f3rdenes de prestaci\u00f3n de servicios para funciones permanentes de las entidades del estado, pr\u00e1ctica que es abiertamente ilegal. Seg\u00fan informaci\u00f3n entregada por el Departamento Administrativo de Servicio Civil Distrital, de un total de 74.196 trabajadores del Distrito, 46.357 son contratistas, es decir un 61%. Y en el sector salud la situaci\u00f3n es a\u00fan m\u00e1s grave pues de 23.603 trabajadores, 16.558 son contratistas, el 70,2%.<\/p>\n<p>Adem\u00e1s, el debate buscar\u00e1 encontrar responsabilidades pol\u00edticas frente a la falta de voluntad para el cumplimiento de los acuerdos laborales firmados con las organizaciones sindicales y frente al peligro de que los empleados p\u00fablicos pierdan sus derechos adquiridos por un cambio en el r\u00e9gimen prestacional del Distrito Capital.<\/p>\n","protected":false},"excerpt":{"rendered":"<p>Oficina de prensa del concejal Manuel Sarmiento, Bogot\u00e1, abril 10 de 2018 La Bancada del Polo Democr\u00e1tico Alternativo en el Concejo de Bogot\u00e1 radic\u00f3 una proposici\u00f3n en la Comisi\u00f3n de Gobierno para realizar un debate de control pol\u00edtico sobre la violaci\u00f3n de los derechos de los trabajadores en el Distrito Capital. El debate ha sido [&hellip;]<\/p>\n","protected":false},"author":1,"featured_media":14878,"comment_status":"open","ping_status":"open","sticky":false,"template":"","format":"standard","meta":{"advanced_seo_description":"","jetpack_seo_html_title":"","jetpack_seo_noindex":false,"_jetpack_memberships_contains_paid_content":false,"footnotes":""},"categories":[101,102,97,100,98,109],"tags":[],"class_list":["post-14877","post","type-post","status-publish","format-standard","has-post-thumbnail","hentry","category-bogota","category-economia","category-imperialismo-y-neoliberalismo","category-manuel-sarmiento","category-politica","category-sindical"],"jetpack_featured_media_url":"https:\/\/i0.wp.com\/moir.com.co\/web\/wp-content\/uploads\/2018\/04\/polobancadabogota.jpeg?fit=1046%2C675&ssl=1","jetpack-related-posts":[{"id":15414,"url":"https:\/\/moir.com.co\/web\/la-administracion-de-etb-debe-desistir-de-la-masacre-laboral-que-vienen-adelantando-contra-los-trabajadores-2\/","url_meta":{"origin":14877,"position":0},"title":"La Administraci\u00f3n de ETB debe desistir de la masacre laboral que vienen adelantando contra los trabajadores","author":"admin","date":"julio 12, 2018","format":false,"excerpt":"Oficina de prensa del concejal Manuel Sarmiento, Bogot\u00e1, julio 11 de 2018 La bancada del Polo Democr\u00e1tico en el Concejo de Bogot\u00e1, envi\u00f3 carta al alcalde Enrique Pe\u00f1alosa y al Presidente de ETB, Jorge Castellanos, a ra\u00edz de los despidos masivos y arbitrarios que vienen adelantando contra trabajadores sindicalizados. La\u2026","rel":"","context":"En \u00abBogot\u00e1\u00bb","block_context":{"text":"Bogot\u00e1","link":"https:\/\/moir.com.co\/web\/category\/temas\/bogota\/"},"img":{"alt_text":"","src":"https:\/\/i0.wp.com\/moir.com.co\/web\/wp-content\/uploads\/2018\/07\/etbbancadapolodespidos.png?fit=940%2C788&ssl=1&resize=350%2C200","width":350,"height":200,"srcset":"https:\/\/i0.wp.com\/moir.com.co\/web\/wp-content\/uploads\/2018\/07\/etbbancadapolodespidos.png?fit=940%2C788&ssl=1&resize=350%2C200 1x, https:\/\/i0.wp.com\/moir.com.co\/web\/wp-content\/uploads\/2018\/07\/etbbancadapolodespidos.png?fit=940%2C788&ssl=1&resize=525%2C300 1.5x, https:\/\/i0.wp.com\/moir.com.co\/web\/wp-content\/uploads\/2018\/07\/etbbancadapolodespidos.png?fit=940%2C788&ssl=1&resize=700%2C400 2x"},"classes":[]},{"id":14607,"url":"https:\/\/moir.com.co\/web\/a-debate-de-control-politico-la-crisis-de-las-basuras-causada-por-penalosa-en-bogota\/","url_meta":{"origin":14877,"position":1},"title":"A debate de control pol\u00edtico la crisis de las basuras causada por Pe\u00f1alosa en Bogot\u00e1","author":"admin","date":"marzo 1, 2018","format":false,"excerpt":"Concejal Manuel Sarmiento, Bogot\u00e1, Jueves, 1 de marzo de 2018 El d\u00eda 2 de marzo desde\u00a0las 9 de la ma\u00f1ana en el Concejo de Bogot\u00e1, el Polo Democr\u00e1tico Alternativo continuar\u00e1 con el debate de control pol\u00edtico sobre la crisis de las basuras en la ciudad de Bogot\u00e1 causada por el\u2026","rel":"","context":"En \u00abBogot\u00e1\u00bb","block_context":{"text":"Bogot\u00e1","link":"https:\/\/moir.com.co\/web\/category\/temas\/bogota\/"},"img":{"alt_text":"","src":"https:\/\/i0.wp.com\/moir.com.co\/web\/wp-content\/uploads\/2018\/03\/pen%CC%83alosatransmilenio.jpg?fit=870%2C490&ssl=1&resize=350%2C200","width":350,"height":200,"srcset":"https:\/\/i0.wp.com\/moir.com.co\/web\/wp-content\/uploads\/2018\/03\/pen%CC%83alosatransmilenio.jpg?fit=870%2C490&ssl=1&resize=350%2C200 1x, https:\/\/i0.wp.com\/moir.com.co\/web\/wp-content\/uploads\/2018\/03\/pen%CC%83alosatransmilenio.jpg?fit=870%2C490&ssl=1&resize=525%2C300 1.5x, https:\/\/i0.wp.com\/moir.com.co\/web\/wp-content\/uploads\/2018\/03\/pen%CC%83alosatransmilenio.jpg?fit=870%2C490&ssl=1&resize=700%2C400 2x"},"classes":[]},{"id":15071,"url":"https:\/\/moir.com.co\/web\/lucha-del-gremio-taxista-obliga-a-bocarejo-a-denunciar-penalmente-a-uber-concejal-manuel-sarmiento\/","url_meta":{"origin":14877,"position":2},"title":"\u201cLucha del gremio taxista obliga a Bocarejo a denunciar penalmente a Uber\u201d: concejal Manuel Sarmiento","author":"admin","date":"mayo 9, 2018","format":false,"excerpt":"Oficina de prensa del concejal Manuel Sarmiento, Bogot\u00e1, mayo 9 de 2018 El concejal Manuel Sarmiento calific\u00f3 como un triunfo del gremio amarillo que Bocarejo haya tenido que interponer una denuncia penal contra Uber por usurpaci\u00f3n de funciones p\u00fablicas (ver denuncia). \u201cEs bien conocido que el Secretario de Movilidad, Juan\u2026","rel":"","context":"En \u00abBogot\u00e1\u00bb","block_context":{"text":"Bogot\u00e1","link":"https:\/\/moir.com.co\/web\/category\/temas\/bogota\/"},"img":{"alt_text":"","src":"https:\/\/i0.wp.com\/moir.com.co\/web\/wp-content\/uploads\/2018\/05\/taxistascontrauber.jpg?fit=1000%2C541&ssl=1&resize=350%2C200","width":350,"height":200,"srcset":"https:\/\/i0.wp.com\/moir.com.co\/web\/wp-content\/uploads\/2018\/05\/taxistascontrauber.jpg?fit=1000%2C541&ssl=1&resize=350%2C200 1x, https:\/\/i0.wp.com\/moir.com.co\/web\/wp-content\/uploads\/2018\/05\/taxistascontrauber.jpg?fit=1000%2C541&ssl=1&resize=525%2C300 1.5x, https:\/\/i0.wp.com\/moir.com.co\/web\/wp-content\/uploads\/2018\/05\/taxistascontrauber.jpg?fit=1000%2C541&ssl=1&resize=700%2C400 2x"},"classes":[]},{"id":12997,"url":"https:\/\/moir.com.co\/web\/personera-distrital-desmiente-a-secretario-de-salud-en-debate-del-concejo-y-demuestra-crisis-en-salud-de-bogota\/","url_meta":{"origin":14877,"position":3},"title":"Personera Distrital desmiente a Secretario de Salud en debate del Concejo y demuestra crisis en salud de Bogot\u00e1","author":"admin","date":"julio 27, 2017","format":false,"excerpt":"Oficina de prensa del concejal Manuel Sarmiento, Bogot\u00e1, julio 27 de 2017 \u201cPara el pa\u00eds no tiene presentaci\u00f3n que desde la Administraci\u00f3n se diga que son mentirosas las afirmaciones que hace un organismo de control como la Personer\u00eda\u201d: Carmen Arias, Personera Bogot\u00e1. En el debate de control al modelo de\u2026","rel":"","context":"En \u00abBogot\u00e1\u00bb","block_context":{"text":"Bogot\u00e1","link":"https:\/\/moir.com.co\/web\/category\/temas\/bogota\/"},"img":{"alt_text":"","src":"https:\/\/i0.wp.com\/moir.com.co\/web\/wp-content\/uploads\/2016\/12\/bogotasaludpen%CC%83alosa.jpg?fit=960%2C532&ssl=1&resize=350%2C200","width":350,"height":200,"srcset":"https:\/\/i0.wp.com\/moir.com.co\/web\/wp-content\/uploads\/2016\/12\/bogotasaludpen%CC%83alosa.jpg?fit=960%2C532&ssl=1&resize=350%2C200 1x, https:\/\/i0.wp.com\/moir.com.co\/web\/wp-content\/uploads\/2016\/12\/bogotasaludpen%CC%83alosa.jpg?fit=960%2C532&ssl=1&resize=525%2C300 1.5x, https:\/\/i0.wp.com\/moir.com.co\/web\/wp-content\/uploads\/2016\/12\/bogotasaludpen%CC%83alosa.jpg?fit=960%2C532&ssl=1&resize=700%2C400 2x"},"classes":[]},{"id":14790,"url":"https:\/\/moir.com.co\/web\/penalosa-sigue-violando-los-derechos-de-los-trabajadores-del-distrito\/","url_meta":{"origin":14877,"position":4},"title":"Pe\u00f1alosa sigue violando los derechos de los trabajadores del Distrito","author":"admin","date":"marzo 25, 2018","format":false,"excerpt":"Oficina de prensa del concejal Manuel Sarmiento, Bogot\u00e1, marzo 24 de 2018 6 de cada 10 trabajadores del Distrito son contratados por \u00f3rdenes de prestaci\u00f3n de servicios, una forma de contrataci\u00f3n que acaba con la estabilidad y viola derechos laborales fundamentales El concejal Manuel Sarmiento se refiri\u00f3 esta ma\u00f1ana a\u2026","rel":"","context":"En \u00abBogot\u00e1\u00bb","block_context":{"text":"Bogot\u00e1","link":"https:\/\/moir.com.co\/web\/category\/temas\/bogota\/"},"img":{"alt_text":"","src":"https:\/\/i0.wp.com\/moir.com.co\/web\/wp-content\/uploads\/2018\/03\/manuelsarmientoprotestatrabajoresdistrito.jpeg?fit=1200%2C673&ssl=1&resize=350%2C200","width":350,"height":200,"srcset":"https:\/\/i0.wp.com\/moir.com.co\/web\/wp-content\/uploads\/2018\/03\/manuelsarmientoprotestatrabajoresdistrito.jpeg?fit=1200%2C673&ssl=1&resize=350%2C200 1x, https:\/\/i0.wp.com\/moir.com.co\/web\/wp-content\/uploads\/2018\/03\/manuelsarmientoprotestatrabajoresdistrito.jpeg?fit=1200%2C673&ssl=1&resize=525%2C300 1.5x, https:\/\/i0.wp.com\/moir.com.co\/web\/wp-content\/uploads\/2018\/03\/manuelsarmientoprotestatrabajoresdistrito.jpeg?fit=1200%2C673&ssl=1&resize=700%2C400 2x, https:\/\/i0.wp.com\/moir.com.co\/web\/wp-content\/uploads\/2018\/03\/manuelsarmientoprotestatrabajoresdistrito.jpeg?fit=1200%2C673&ssl=1&resize=1050%2C600 3x"},"classes":[]},{"id":9781,"url":"https:\/\/moir.com.co\/web\/carta-abierta-del-concejal-electo-por-el-polo-democratico-alternativo-manuel-sarmiento-al-magisterio-de-bogota\/","url_meta":{"origin":14877,"position":5},"title":"Carta abierta del concejal electo por el Polo Democr\u00e1tico Alternativo,  MANUEL SARMIENTO,  al magisterio de Bogot\u00e1","author":"admin","date":"noviembre 19, 2015","format":false,"excerpt":"Maestros y maestras de Bogot\u00e1: Con la contribuci\u00f3n de casi 14 mil votantes, obtuve la curul en el Concejo de Bogot\u00e1. Cont\u00e9 para ese prop\u00f3sito con el apoyo de las compa\u00f1eras, directivas de la ADE, Mar\u00eda Antonieta Cano y Alba Marina Sierra, quienes dirigieron nuestra campa\u00f1a en el magisterio del\u2026","rel":"","context":"En \u00abTemas\u00bb","block_context":{"text":"Temas","link":"https:\/\/moir.com.co\/web\/category\/temas\/"},"img":{"alt_text":"","src":"","width":0,"height":0},"classes":[]}],"jetpack_sharing_enabled":true,"_links":{"self":[{"href":"https:\/\/moir.com.co\/web\/wp-json\/wp\/v2\/posts\/14877","targetHints":{"allow":["GET"]}}],"collection":[{"href":"https:\/\/moir.com.co\/web\/wp-json\/wp\/v2\/posts"}],"about":[{"href":"https:\/\/moir.com.co\/web\/wp-json\/wp\/v2\/types\/post"}],"author":[{"embeddable":true,"href":"https:\/\/moir.com.co\/web\/wp-json\/wp\/v2\/users\/1"}],"replies":[{"embeddable":true,"href":"https:\/\/moir.com.co\/web\/wp-json\/wp\/v2\/comments?post=14877"}],"version-history":[{"count":1,"href":"https:\/\/moir.com.co\/web\/wp-json\/wp\/v2\/posts\/14877\/revisions"}],"predecessor-version":[{"id":14879,"href":"https:\/\/moir.com.co\/web\/wp-json\/wp\/v2\/posts\/14877\/revisions\/14879"}],"wp:featuredmedia":[{"embeddable":true,"href":"https:\/\/moir.com.co\/web\/wp-json\/wp\/v2\/media\/14878"}],"wp:attachment":[{"href":"https:\/\/moir.com.co\/web\/wp-json\/wp\/v2\/media?parent=14877"}],"wp:term":[{"taxonomy":"category","embeddable":true,"href":"https:\/\/moir.com.co\/web\/wp-json\/wp\/v2\/categories?post=14877"},{"taxonomy":"post_tag","embeddable":true,"href":"https:\/\/moir.com.co\/web\/wp-json\/wp\/v2\/tags?post=14877"}],"curies":[{"name":"wp","href":"https:\/\/api.w.org\/{rel}","templated":true}]}}