{"id":14875,"date":"2018-04-12T16:45:08","date_gmt":"2018-04-12T16:45:08","guid":{"rendered":"https:\/\/moir.org.co\/web\/?p=14875"},"modified":"2018-04-12T16:45:08","modified_gmt":"2018-04-12T16:45:08","slug":"reindustrializar-es-la-prioridad","status":"publish","type":"post","link":"https:\/\/moir.com.co\/web\/reindustrializar-es-la-prioridad\/","title":{"rendered":"Reindustrializar, es la prioridad"},"content":{"rendered":"<p><strong>Mario Alejandro Valencia, Bogot\u00e1, abril 9 de 2018<\/strong><\/p>\n<p>El Plan de Desarrollo del pr\u00f3ximo gobierno debe referirse espec\u00edficamente a qu\u00e9 pol\u00edtica establecer\u00e1 para evitar que tambi\u00e9n estos se acaben y sean reemplazados por m\u00e1s miner\u00eda, comercio, intermediaci\u00f3n financiera o aplicaciones que no crean riqueza nacional.<\/p>\n<p>Est\u00e1 en manos del pr\u00f3ximo gobierno colombiano decidir si quiere que Colombia tenga industria o si seguir\u00e1 apost\u00e1ndole al milagro de los precios del petr\u00f3leo. Las estad\u00edsticas recopiladas por el DANE demuestran la importancia de las manufacturas en el aparato productivo nacional y el costo que ha tenido la desindustrializaci\u00f3n de las \u00faltimas d\u00e9cadas.<\/p>\n<p>Un estudio elaborado por el Grupo Proindustria analiz\u00f3 la Matriz Insumo-Producto en los a\u00f1os 2005, 2010 y 2015. Durante este periodo, la relaci\u00f3n que se da entre los diferentes sectores de la producci\u00f3n, es decir, qu\u00e9 tanto participa un sector en la producci\u00f3n de otro sector, se mantuvo pr\u00e1cticamente inalterada. Esto significa que no se ha presentado un mayor avance para fabricar bienes con sofisticaci\u00f3n y complejidad. De hecho, el 30% de los coeficientes t\u00e9cnicos de producci\u00f3n es nulo, as\u00ed que no hay ninguna interrelaci\u00f3n entre los insumos que se utilizan y los productos que se generan.<\/p>\n<p>El sector manufacturero preocupa m\u00e1s. La industria es la que m\u00e1s pierde interrelaci\u00f3n en su producci\u00f3n, mientras los servicios son los que m\u00e1s ganan participaci\u00f3n en la correlaci\u00f3n de coeficientes que generan nula o poca interacci\u00f3n entre insumo-producto. Traducido, significa que la producci\u00f3n de cosas importantes pierde en los \u00faltimos a\u00f1os y la de cosas no importantes gana participaci\u00f3n. Cada vez somos menos capaces de producir riqueza que valga la pena.<\/p>\n<p>La desindustrializaci\u00f3n del pa\u00eds se puede evidenciar tambi\u00e9n cuando se analizan los encadenamientos productivos. Los sectores independientes, aquellos que no generan encadenamientos ni hacia adelante ni hacia atr\u00e1s, pasaron de ser el 31% en 2005 a 36% en 2015. El comercio es uno de ellos.<\/p>\n<p>Del sector minero-energ\u00e9tico solo uno es considerado como estrat\u00e9gico, es decir, que genera encadenamiento hacia adelante: la refinaci\u00f3n de petr\u00f3leo. Aun as\u00ed el gobierno de Santos enga\u00f1\u00f3 a los colombianos al no modernizar la refiner\u00eda de Barrancabermeja y nos esquilmaron con la de Cartagena.<\/p>\n<p>De los que generan encadenamientos hacia atr\u00e1s, los sectores impulsores, 60% son industriales. Finalmente, los sectores claves, que generan encadenamientos hacia atr\u00e1s y hacia adelante, fueron menos en 2015 que en 2005. El subsector de maquinaria y equipo, por ejemplo, uno de los de mayor valor agregado por su grado de complejidad, dej\u00f3 de ser clave, como resultado de las importaciones.<\/p>\n<p>Entre los que siguen siendo claves, el 73% son industriales y sobre ellos debe enfocarse la pol\u00edtica de est\u00edmulo y protecci\u00f3n en materia de desarrollo. Son sectores que todav\u00eda existen, a pesar de que al Estado colombiano ha emprendido medidas gubernamentales anti-manufactureras, como una Pol\u00edtica de Desarrollo Productivo, que solo es un discurso sin ninguna estrategia en Ciencia y Tecnolog\u00eda, por ejemplo. O la firma de acuerdos internacionales que someten a la industria a una competencia desleal.<\/p>\n<p>Las consecuencias han sido contundentes: de 22 millones de ocupados hay 11 millones en el rebusque y de estos cerca de mill\u00f3n y medio ni siquiera tienen remuneraci\u00f3n. Eso sin contar los 2 millones de inactivos porque se cansaron de buscar trabajo. Las alternativas son trabajos de baja calidad en Uber, Rappi, Domicilios.com y otras tantas aplicaciones en que el Estado es c\u00f3mplice de la violaci\u00f3n de derechos laborales, con el argumento rid\u00edculo de que el pa\u00eds marcha hacia la cuarta revoluci\u00f3n industria; solo enga\u00f1an a tontos.<\/p>\n<div id=\"ctl12_PauteFacil1\" class=\"Publicidad RobaPagina ui right floated SuTarget\"><\/div>\n<p>Los productos de moliner\u00eda, textiles y confecciones, papel, qu\u00edmicos, cauchos, pl\u00e1sticos, metal\u00fargicos y todas las actividades derivadas de la industria automotriz, son los sectores claves, seg\u00fan la Matriz Insumo-Productos. El Plan de Desarrollo del pr\u00f3ximo gobierno debe referirse espec\u00edficamente a qu\u00e9 pol\u00edtica establecer\u00e1 para evitar que tambi\u00e9n estos se acaben y sean reemplazados por m\u00e1s miner\u00eda, comercio, intermediaci\u00f3n financiera o aplicaciones que no crean riqueza nacional.<\/p>\n","protected":false},"excerpt":{"rendered":"<p>Mario Alejandro Valencia, Bogot\u00e1, abril 9 de 2018 El Plan de Desarrollo del pr\u00f3ximo gobierno debe referirse espec\u00edficamente a qu\u00e9 pol\u00edtica establecer\u00e1 para evitar que tambi\u00e9n estos se acaben y sean reemplazados por m\u00e1s miner\u00eda, comercio, intermediaci\u00f3n financiera o aplicaciones que no crean riqueza nacional. Est\u00e1 en manos del pr\u00f3ximo gobierno colombiano decidir si quiere [&hellip;]<\/p>\n","protected":false},"author":1,"featured_media":13383,"comment_status":"open","ping_status":"open","sticky":false,"template":"","format":"standard","meta":{"advanced_seo_description":"","jetpack_seo_html_title":"","jetpack_seo_noindex":false,"_jetpack_memberships_contains_paid_content":false,"footnotes":""},"categories":[102,97,98],"tags":[],"class_list":["post-14875","post","type-post","status-publish","format-standard","has-post-thumbnail","hentry","category-economia","category-imperialismo-y-neoliberalismo","category-politica"],"jetpack_featured_media_url":"https:\/\/i0.wp.com\/moir.com.co\/web\/wp-content\/uploads\/2017\/09\/fabricato.png?fit=650%2C466&ssl=1","jetpack-related-posts":[{"id":7769,"url":"https:\/\/moir.com.co\/web\/los-cacaoteros-decimos-si-a-la-movilizacion-nacional-agropecuaria-del-proximo-19-de-agosto\/","url_meta":{"origin":14875,"position":0},"title":"Los cacaoteros decimos si a la movilizacion nacional agropecuaria del proximo 19 de agosto","author":"admin","date":"julio 28, 2013","format":false,"excerpt":"Son muchas las voces de respaldo a la MOVILIZACION NACIONAL AGROPECAURIA, como acci\u00f3n de protesta social pac\u00edfica que se justifica en vista que el gobierno de turno viene aplicando una pol\u00edtica econ\u00f3mica que afecta el bienestar del agro Colombiano, especialmente a nosotros las comunidades campesinas productoras de alimentos y otras\u2026","rel":"","context":"En \u00abPronunciamientos de Organizaciones Sociales\u00bb","block_context":{"text":"Pronunciamientos de Organizaciones Sociales","link":"https:\/\/moir.com.co\/web\/category\/pronunciamientos-de-organizaciones-sociales\/"},"img":{"alt_text":"","src":"","width":0,"height":0},"classes":[]},{"id":9318,"url":"https:\/\/moir.com.co\/web\/el-magisterio-a-paro-nacional-indefinido\/","url_meta":{"origin":14875,"position":1},"title":"\u00a1El magisterio a paro nacional indefinido!","author":"admin","date":"abril 21, 2015","format":false,"excerpt":"El magisterio colombiano, a trav\u00e9s de su organizaci\u00f3n representativa, la FEDERACI\u00d3N COLOMBIANA DE TRABAJADORES DE LA EDUCACI\u00d3N -FECODE-, en el marco del Pliego de Peticiones de los trabajadores Estatales y amparados en los convenios de la OIT y el Decreto 160 de 2014, radic\u00f3 el Pliego Nacional de Peticiones del\u2026","rel":"","context":"En \u00abTribuna Magisterial\u00bb","block_context":{"text":"Tribuna Magisterial","link":"https:\/\/moir.com.co\/web\/category\/tribuna-magisterial\/"},"img":{"alt_text":"","src":"","width":0,"height":0},"classes":[]},{"id":10250,"url":"https:\/\/moir.com.co\/web\/si-a-la-paz-si-al-paro-nacional-contra-la-politica-de-santos-declaracion-de-la-57a-junta-nacional-de-la-cut\/","url_meta":{"origin":14875,"position":2},"title":"\u201cSi a la Paz\u201d \u201cS\u00ed al paro nacional contra la pol\u00edtica de Santos\u201d declaraci\u00f3n de la 57\u00aa junta nacional de la CUT","author":"admin","date":"julio 7, 2016","format":false,"excerpt":"El gobierno de Juan Manuel Santos no se ha dignado atender ninguna de las peticiones que formulamos en el pliego de 15 puntos motivo del paro nacional del 17 de marzo, ni mucho menos designar, como lo pedimos en la misiva que le dirigimos, comisi\u00f3n gubernamental alguna que inicie mesas\u2026","rel":"","context":"En \u00abPronunciamientos de Organizaciones Sociales\u00bb","block_context":{"text":"Pronunciamientos de Organizaciones Sociales","link":"https:\/\/moir.com.co\/web\/category\/pronunciamientos-de-organizaciones-sociales\/"},"img":{"alt_text":"","src":"","width":0,"height":0},"classes":[]},{"id":442,"url":"https:\/\/moir.com.co\/web\/la-asociacion-nacional-por-la-salvacion-agropecuaria-ratifica-su-participacion-en-la-jornada-del-16-de-septiembre-proximo-po\/","url_meta":{"origin":14875,"position":3},"title":"LA ASOCIACI\u00d3N NACIONAL POR LA SALVACI\u00d3N AGROPECUARIA RATIFICA SU PARTICIPACI\u00d3N EN LA JORNADA DEL 16 DE SEPTIEMBRE PR\u00d3XIMO PO","author":"admin","date":"agosto 9, 2004","format":false,"excerpt":"Luego de haberse desarrollado una Audiencia de discusi\u00f3n en la Comisi\u00f3n Quinta de la C\u00e1mara de Representantes, sobre las pol\u00edticas oficiales hacia el sector agrario entre distintas organizaciones de productores y campesinos y el ministro de Agricultura, Carlos Gustavo Cano, la Asociaci\u00f3n Nacional por la Salvaci\u00f3n Agropecuaria mantuvo su decisi\u00f3n\u2026","rel":"","context":"En \u00abPronunciamientos de Organizaciones Sociales\u00bb","block_context":{"text":"Pronunciamientos de Organizaciones Sociales","link":"https:\/\/moir.com.co\/web\/category\/pronunciamientos-de-organizaciones-sociales\/"},"img":{"alt_text":"","src":"","width":0,"height":0},"classes":[]},{"id":6678,"url":"https:\/\/moir.com.co\/web\/gobierno-sigue-inflando-resultados-de-la-politica-de-tierras\/","url_meta":{"origin":14875,"position":4},"title":"Gobierno sigue inflando resultados de la pol\u00edtica de tierras","author":"admin","date":"julio 17, 2012","format":false,"excerpt":"Resultados de la pol\u00edtica de tierras son mediocres. Van cero restituciones. Gobiernos anteriores entregaron m\u00e1s hect\u00e1reas. El Ministerio de Agricultura y el Incoder realizar\u00e1n el pr\u00f3ximo mi\u00e9rcoles en el departamento de Vichada un evento para resaltar que el gobierno de Juan Manuel Santos ha entregado un mill\u00f3n de hect\u00e1reas de\u2026","rel":"","context":"En \u00abJorge Enrique Robledo\u00bb","block_context":{"text":"Jorge Enrique Robledo","link":"https:\/\/moir.com.co\/web\/category\/jorge-enrique-robledo\/"},"img":{"alt_text":"","src":"","width":0,"height":0},"classes":[]},{"id":18931,"url":"https:\/\/moir.com.co\/web\/entre-trump-o-biden-elijamos-colombia\/","url_meta":{"origin":14875,"position":5},"title":"Entre Trump o Biden, elijamos Colombia","author":"admin","date":"noviembre 12, 2020","format":false,"excerpt":"Yeilor Rafael Espinel Torres, Cundinamarca, noviembre 11 de 2020 Tres posturas han surgido en Colombia alrededor del debate electoral en Estados Unidos y su desenlace con la victoria de Joe Biden como el 46\u00ba presidente de la que sigue siendo la potencia hegem\u00f3nica del mundo. La primera, expresada por quienes\u2026","rel":"","context":"En \u00abAgro\u00bb","block_context":{"text":"Agro","link":"https:\/\/moir.com.co\/web\/category\/temas\/agro\/"},"img":{"alt_text":"","src":"","width":0,"height":0},"classes":[]}],"jetpack_sharing_enabled":true,"_links":{"self":[{"href":"https:\/\/moir.com.co\/web\/wp-json\/wp\/v2\/posts\/14875","targetHints":{"allow":["GET"]}}],"collection":[{"href":"https:\/\/moir.com.co\/web\/wp-json\/wp\/v2\/posts"}],"about":[{"href":"https:\/\/moir.com.co\/web\/wp-json\/wp\/v2\/types\/post"}],"author":[{"embeddable":true,"href":"https:\/\/moir.com.co\/web\/wp-json\/wp\/v2\/users\/1"}],"replies":[{"embeddable":true,"href":"https:\/\/moir.com.co\/web\/wp-json\/wp\/v2\/comments?post=14875"}],"version-history":[{"count":1,"href":"https:\/\/moir.com.co\/web\/wp-json\/wp\/v2\/posts\/14875\/revisions"}],"predecessor-version":[{"id":14876,"href":"https:\/\/moir.com.co\/web\/wp-json\/wp\/v2\/posts\/14875\/revisions\/14876"}],"wp:featuredmedia":[{"embeddable":true,"href":"https:\/\/moir.com.co\/web\/wp-json\/wp\/v2\/media\/13383"}],"wp:attachment":[{"href":"https:\/\/moir.com.co\/web\/wp-json\/wp\/v2\/media?parent=14875"}],"wp:term":[{"taxonomy":"category","embeddable":true,"href":"https:\/\/moir.com.co\/web\/wp-json\/wp\/v2\/categories?post=14875"},{"taxonomy":"post_tag","embeddable":true,"href":"https:\/\/moir.com.co\/web\/wp-json\/wp\/v2\/tags?post=14875"}],"curies":[{"name":"wp","href":"https:\/\/api.w.org\/{rel}","templated":true}]}}