{"id":14872,"date":"2018-04-09T18:34:32","date_gmt":"2018-04-09T18:34:32","guid":{"rendered":"https:\/\/moir.org.co\/web\/?p=14872"},"modified":"2018-04-09T18:34:32","modified_gmt":"2018-04-09T18:34:32","slug":"munera-no-hizo-la-fila-por-la-mermelada","status":"publish","type":"post","link":"https:\/\/moir.com.co\/web\/munera-no-hizo-la-fila-por-la-mermelada\/","title":{"rendered":"M\u00fanera no hizo la fila por la mermelada"},"content":{"rendered":"<p><strong>Jos\u00e9 Arlex Arias, Cartagena, abril 9 de 2018<\/strong><\/p>\n<p>&#8220;Estar en la pi\u00f1a&#8221; es una expresi\u00f3n popular que ha sido acu\u00f1ada para indicar que una persona hace parte de un c\u00edrculo o rosca, en la cual se obtienen diferentes favores o beneficios; pues bien, los pol\u00edticos tradicionales tienen la concepci\u00f3n de que es imposible su accionar si no se encuentran en &#8220;la pi\u00f1a&#8221;, que con el tiempo, por obra y gracia del gobierno del presidente Santos, deriv\u00f3 en \u201cla mermelada&#8221;. Entonces, seg\u00fan esta tesis, toca &#8220;estar en la pi\u00f1a&#8221;, con buena mermelada, para poder ser un pol\u00edtico de alta alcurnia. Hay momentos en la vida en los que las personas, por muchos motivos, se vuelven francas y dicen cosas en las cuales aceptan sus pecados, as\u00ed no haya de su parte una intenci\u00f3n de contrici\u00f3n. Le sucedi\u00f3 al actual concejal de Cartagena, Rafael Meza, quien en declaraciones para los medios de comunicaci\u00f3n locales expres\u00f3: &#8220;De los tantos candidatos que hoy est\u00e1n aspirando (a la alcald\u00eda de Cartagena), cinco fueron concejales; ellos saben que hay que trabajar articulados con la Alcald\u00eda y el Concejo\u2026 el Gobierno y el Concejo, para que estos proyectos puedan fluir sin ning\u00fan inconveniente. Hoy lastimosamente todos aquellos que fueron concejales se olvidan, excepto el se\u00f1or David M\u00fanera, el \u00fanico que yo no vi haciendo fila en el Ejecutivo, pero todos los dem\u00e1s que han pasado por el Concejo han tenido que pedir alg\u00fan favor, de una u otra manera, alguna vez al alcalde que est\u00e9 de turno&#8221;.<\/p>\n<p>&nbsp;<\/p>\n<p>El concejal Rafael Meza retrata con estas declaraciones los graves vicios de la politiquer\u00eda y el clientelismo. Esos favores son: la repartici\u00f3n de \u00d3rdenes de Prestaci\u00f3n de Servicios, los contratos de asesor\u00edas, los contratos de infraestructura y la adjudicaci\u00f3n de concesiones; es decir, la negociaci\u00f3n y repartici\u00f3n del presupuesto de la ciudad, cuyo secuestro se vuelve un acto criminal, ya que se reparten los dineros hasta de programas tan necesarios para la poblaci\u00f3n vulnerable \u2013tal como denunci\u00f3 en su momento el periodista Edinson Lucio\u2013, como lo sucedido con los programas de la ni\u00f1ez, en los que a un concejal de Cartagena lo apodaron &#8220;el medio huevo&#8221; porque antes de ser elegido dio la orden de que a los ni\u00f1os solo les sirvieran medio huevo en la raci\u00f3n de alimento, lo cual es, repito, absolutamente criminal.<\/p>\n<p>&nbsp;<\/p>\n<p>Precisamente, una de las denuncias que hizo el candidato a la alcald\u00eda de Cartagena, David M\u00fanera, fue que la tardanza del presidente Santos para convocar las elecciones at\u00edpicas de Cartagena era una estrategia para utilizar el presupuesto de la ciudad en favor de la campa\u00f1a de sus aliados de la Unidad Nacional, l\u00e9ase partido de la U y una casa financista. Parece que las evidencias que salieron le dar\u00e1n la raz\u00f3n al doctor M\u00fanera, ya que el auditor general, Carlos Hern\u00e1n Rodr\u00edguez, revel\u00f3 que\u00a0en los veinte d\u00edas anteriores al 27 de enero, cuando empez\u00f3 a regir la Ley de Garant\u00edas, en Colombia se celebraron 127.643 contratos por $3,31 billones,\u00a0lo que es un 143% m\u00e1s frente al mismo periodo del a\u00f1o pasado. El auditor general afirm\u00f3: \u201cen un periodo muerto se contratan directamente m\u00e1s de $3 billones; 9 de cada 10 contratos se adjudicaron de forma directa. Medell\u00edn, Cali, Cartagena y Barranquilla lideraron las estad\u00edsticas&#8221; Y at\u00e9rrense: &#8220;Cartagena fue la segunda con m\u00e1s contratos: 6.819 por la suma de 206.651 millones de pesos&#8221;. Dice el campesino: \u00a1Algo hay en el canto de la cabuya! Fiscales: investiguen, investiguen.<\/p>\n","protected":false},"excerpt":{"rendered":"<p>Jos\u00e9 Arlex Arias, Cartagena, abril 9 de 2018 &#8220;Estar en la pi\u00f1a&#8221; es una expresi\u00f3n popular que ha sido acu\u00f1ada para indicar que una persona hace parte de un c\u00edrculo o rosca, en la cual se obtienen diferentes favores o beneficios; pues bien, los pol\u00edticos tradicionales tienen la concepci\u00f3n de que es imposible su accionar [&hellip;]<\/p>\n","protected":false},"author":1,"featured_media":14873,"comment_status":"open","ping_status":"open","sticky":false,"template":"","format":"standard","meta":{"advanced_seo_description":"","jetpack_seo_html_title":"","jetpack_seo_noindex":false,"_jetpack_memberships_contains_paid_content":false,"footnotes":""},"categories":[102,97,98],"tags":[],"class_list":["post-14872","post","type-post","status-publish","format-standard","has-post-thumbnail","hentry","category-economia","category-imperialismo-y-neoliberalismo","category-politica"],"jetpack_featured_media_url":"https:\/\/i0.wp.com\/moir.com.co\/web\/wp-content\/uploads\/2018\/04\/davidmuneraalcalde.jpg?fit=720%2C480&ssl=1","jetpack-related-posts":[{"id":8220,"url":"https:\/\/moir.com.co\/web\/los-mermelados-y-la-corrupcion-del-gobierno-de-santos\/","url_meta":{"origin":14872,"position":0},"title":"Los \u201cmermelados\u201d y la corrupci\u00f3n del gobierno de Santos","author":"admin","date":"febrero 4, 2014","format":false,"excerpt":"La mermelada es una conserva hecha de fruta cocida con az\u00facar o miel (diccionario Larousse) que se utiliza para adobar las galletas u otras raciones alimenticias, mejorando su sabor para hacerlas m\u00e1s apetecibles. Estas conservas arrastran graves peligros: generan adicci\u00f3n y glotoner\u00eda que son pasos certeros para que los \u201cconmilotones\u201d\u2026","rel":"","context":"En \u00abTemas\u00bb","block_context":{"text":"Temas","link":"https:\/\/moir.com.co\/web\/category\/temas\/"},"img":{"alt_text":"","src":"","width":0,"height":0},"classes":[]},{"id":9082,"url":"https:\/\/moir.com.co\/web\/manzanillos-y-mermelados\/","url_meta":{"origin":14872,"position":1},"title":"\u201cManzanillos y mermelados\u201d","author":"admin","date":"febrero 9, 2015","format":false,"excerpt":"\u201cEl manzanillo es un \u00e1rbol de las Antillas y de Am\u00e9rica ecuatorial que da un fruto semejante a la manzana \u2013pero no es la dulce manzana\u2013 con un jugo c\u00e1ustico muy venenoso\u201d, cita el diccionario Larousse. La mermelada la describe como \u201cuna conserva de fruta cocida con az\u00facar y miel\u201d\u2026","rel":"","context":"En \u00abTemas\u00bb","block_context":{"text":"Temas","link":"https:\/\/moir.com.co\/web\/category\/temas\/"},"img":{"alt_text":"","src":"","width":0,"height":0},"classes":[]},{"id":7116,"url":"https:\/\/moir.com.co\/web\/los-nuevos-nombramientos-del-alcalde-encargado-y-el-reparto-de-la-mermelada-burocratica\/","url_meta":{"origin":14872,"position":2},"title":"Los  nuevos nombramientos del Alcalde Encargado y el reparto de la mermelada burocr\u00e1tica","author":"admin","date":"diciembre 20, 2012","format":false,"excerpt":"La \u00fanica preocupaci\u00f3n que ha tenido el Alcalde ( E), CARLOS OTERO, en el mes que lleva de posesionado es c\u00f3mo repart\u00eda la \u201cMermelada Burocr\u00e1tica \u201c de su gabinete, entre las diferentes casas pol\u00edticas tradicionales, que han manejado la ciudad, con el prop\u00f3sito inocultable de crear una coalici\u00f3n que respalde\u2026","rel":"","context":"En \u00abPolo Democr\u00e1tico Alternativo\u00bb","block_context":{"text":"Polo Democr\u00e1tico Alternativo","link":"https:\/\/moir.com.co\/web\/category\/polo-democratico-alternativo\/"},"img":{"alt_text":"","src":"","width":0,"height":0},"classes":[]},{"id":14686,"url":"https:\/\/moir.com.co\/web\/video-somos-cero-mermelada-jorge-enrique-robledo\/","url_meta":{"origin":14872,"position":3},"title":"Video: Somos cero mermelada: Jorge Enrique Robledo","author":"admin","date":"marzo 7, 2018","format":"video","excerpt":"La actuaci\u00f3n del Polo en el Congreso ha sido sobresaliente, entre otras porque somos cero mermelada: Jorge Enrique Robledo #VotoRobledoPolo1 #YoVotoPolo #SePuede\u00a0Bogot\u00e1, marzo 7 de 2018","rel":"","context":"En \u00abJorge Enrique Robledo\u00bb","block_context":{"text":"Jorge Enrique Robledo","link":"https:\/\/moir.com.co\/web\/category\/jorge-enrique-robledo\/"},"img":{"alt_text":"","src":"","width":0,"height":0},"classes":[]},{"id":8740,"url":"https:\/\/moir.com.co\/web\/polo-democratico-alternativo-radicara-este-martes-reforma-politica-alternativa-contra-la-mermelada-y-la-corrupcion\/","url_meta":{"origin":14872,"position":4},"title":"Polo Democr\u00e1tico Alternativo radicar\u00e1 este martes reforma pol\u00edtica alternativa contra la \u201cmermelada\u201d y la corrupci\u00f3n","author":"admin","date":"septiembre 22, 2014","format":false,"excerpt":"Este martes 23 de septiembre, el Polo presentar\u00e1 su proyecto de reforma pol\u00edtica en rueda de prensa en el sal\u00f3n de sesiones de la Comisi\u00f3n V del Senado de la Rep\u00fablica a las 9am. Contar\u00e1 con la presencia de la Presidenta del Partido, Clara L\u00f3pez Obreg\u00f3n. El Proyecto del Polo\u2026","rel":"","context":"En \u00abPolo Democr\u00e1tico Alternativo\u00bb","block_context":{"text":"Polo Democr\u00e1tico Alternativo","link":"https:\/\/moir.com.co\/web\/category\/polo-democratico-alternativo\/"},"img":{"alt_text":"","src":"","width":0,"height":0},"classes":[]},{"id":11604,"url":"https:\/\/moir.com.co\/web\/habla-el-senador-jorge-enrique-robledo-asi-funciona-la-mermelada\/","url_meta":{"origin":14872,"position":5},"title":"Habla  el senador Jorge Enrique Robledo: As\u00ed funciona la mermelada","author":"admin","date":"enero 29, 2017","format":"video","excerpt":"","rel":"","context":"En \u00abEconom\u00eda\u00bb","block_context":{"text":"Econom\u00eda","link":"https:\/\/moir.com.co\/web\/category\/temas\/economia\/"},"img":{"alt_text":"","src":"","width":0,"height":0},"classes":[]}],"jetpack_sharing_enabled":true,"_links":{"self":[{"href":"https:\/\/moir.com.co\/web\/wp-json\/wp\/v2\/posts\/14872","targetHints":{"allow":["GET"]}}],"collection":[{"href":"https:\/\/moir.com.co\/web\/wp-json\/wp\/v2\/posts"}],"about":[{"href":"https:\/\/moir.com.co\/web\/wp-json\/wp\/v2\/types\/post"}],"author":[{"embeddable":true,"href":"https:\/\/moir.com.co\/web\/wp-json\/wp\/v2\/users\/1"}],"replies":[{"embeddable":true,"href":"https:\/\/moir.com.co\/web\/wp-json\/wp\/v2\/comments?post=14872"}],"version-history":[{"count":1,"href":"https:\/\/moir.com.co\/web\/wp-json\/wp\/v2\/posts\/14872\/revisions"}],"predecessor-version":[{"id":14874,"href":"https:\/\/moir.com.co\/web\/wp-json\/wp\/v2\/posts\/14872\/revisions\/14874"}],"wp:featuredmedia":[{"embeddable":true,"href":"https:\/\/moir.com.co\/web\/wp-json\/wp\/v2\/media\/14873"}],"wp:attachment":[{"href":"https:\/\/moir.com.co\/web\/wp-json\/wp\/v2\/media?parent=14872"}],"wp:term":[{"taxonomy":"category","embeddable":true,"href":"https:\/\/moir.com.co\/web\/wp-json\/wp\/v2\/categories?post=14872"},{"taxonomy":"post_tag","embeddable":true,"href":"https:\/\/moir.com.co\/web\/wp-json\/wp\/v2\/tags?post=14872"}],"curies":[{"name":"wp","href":"https:\/\/api.w.org\/{rel}","templated":true}]}}